{"id":249610,"date":"2026-05-18T22:22:16","date_gmt":"2026-05-18T22:22:16","guid":{"rendered":"https:\/\/www.europesays.com\/se\/249610\/"},"modified":"2026-05-18T22:22:16","modified_gmt":"2026-05-18T22:22:16","slug":"moter-chris-christie-da-vagrar-springsteen","status":"publish","type":"post","link":"https:\/\/www.europesays.com\/se\/249610\/","title":{"rendered":"M\u00f6ter Chris Christie \u2013 d\u00e5 v\u00e4grar Springsteen"},"content":{"rendered":"<p>Uppdaterad 17 maj 2026 kl 12.57Publicerad 17 maj 2026 kl 12.49<\/p>\n<p>En video fr\u00e5n Bruce Springsteens spelning p\u00e5 Barclays Center i Brooklyn, New York den 14 maj har blivit viral. Konsertbes\u00f6karen Mike Ryan ber\u00e4ttar i sitt nyhetsbrev om hur han  lyckades f\u00e5nga en pikant detalj. N\u00e4r den republikanska profilen och tidigare guvern\u00f6ren fr\u00e5n New Jersey, Chris Christie, vill h\u00e4lsa f\u00e5r han kalla handen av den uttalat v\u00e4nsterprofilerade Springsteen.<\/p>\n<p>            <a href=\"mailto:webbrattelse@expressen.se?subject=Fel%20i%20artikel%3A%20M%C3%B6ter%20profilen%20%E2%80%93%20d%C3%A5%20v%C3%A4grar%20Springsteen&amp;body=En%20l%C3%A4sare%20rapporterar%20fel%20i%20https%3A%2F%2Fwww.expressen.se%2Ftv%2Fnoje%2Fmoter-profilen-da-vagrar-springsteen%2F%0A%0AKommentar%3A%20\"><br \/>\n              Anm\u00e4l text- och faktafel<br \/>\n            <\/a><a href=\"https:\/\/www.expressen.se\/om-expressen\/sa-jobbar-vi-med-korrekta-publiceringar\/\" rel=\"nofollow noopener\" target=\"_blank\">V\u00e5ra kvalitetsrutiner<\/a><\/p>\n","protected":false},"excerpt":{"rendered":"Uppdaterad 17 maj 2026 kl 12.57Publicerad 17 maj 2026 kl 12.49 En video fr\u00e5n Bruce Springsteens spelning p\u00e5&hellip;\n","protected":false},"author":2,"featured_media":249611,"comment_status":"","ping_status":"","sticky":false,"template":"","format":"standard","meta":{"footnotes":"","_share_on_mastodon":"0"},"categories":[67],"tags":[104,14388,34,12493,31,33,32,30,17578,105],"class_list":["post-249610","post","type-post","status-publish","format-standard","has-post-thumbnail","category-underhallning","tag-entertainment","tag-person-bruce-springsteen","tag-se","tag-sections-noje","tag-svenska","tag-sverige","tag-sweden","tag-swedish","tag-topic-kandisnyheter","tag-underhallning"],"share_on_mastodon":{"url":"https:\/\/pubeurope.com\/@se\/116597918670969371","error":""},"_links":{"self":[{"href":"https:\/\/www.europesays.com\/se\/wp-json\/wp\/v2\/posts\/249610","targetHints":{"allow":["GET"]}}],"collection":[{"href":"https:\/\/www.europesays.com\/se\/wp-json\/wp\/v2\/posts"}],"about":[{"href":"https:\/\/www.europesays.com\/se\/wp-json\/wp\/v2\/types\/post"}],"author":[{"embeddable":true,"href":"https:\/\/www.europesays.com\/se\/wp-json\/wp\/v2\/users\/2"}],"replies":[{"embeddable":true,"href":"https:\/\/www.europesays.com\/se\/wp-json\/wp\/v2\/comments?post=249610"}],"version-history":[{"count":0,"href":"https:\/\/www.europesays.com\/se\/wp-json\/wp\/v2\/posts\/249610\/revisions"}],"wp:featuredmedia":[{"embeddable":true,"href":"https:\/\/www.europesays.com\/se\/wp-json\/wp\/v2\/media\/249611"}],"wp:attachment":[{"href":"https:\/\/www.europesays.com\/se\/wp-json\/wp\/v2\/media?parent=249610"}],"wp:term":[{"taxonomy":"category","embeddable":true,"href":"https:\/\/www.europesays.com\/se\/wp-json\/wp\/v2\/categories?post=249610"},{"taxonomy":"post_tag","embeddable":true,"href":"https:\/\/www.europesays.com\/se\/wp-json\/wp\/v2\/tags?post=249610"}],"curies":[{"name":"wp","href":"https:\/\/api.w.org\/{rel}","templated":true}]}}