{"id":25022,"date":"2025-09-08T19:27:12","date_gmt":"2025-09-08T19:27:12","guid":{"rendered":"https:\/\/www.europesays.com\/se\/25022\/"},"modified":"2025-09-08T19:27:12","modified_gmt":"2025-09-08T19:27:12","slug":"australisk-kvinna-far-livstid-i-fangelse-for-giftsvampsmord-utrikes","status":"publish","type":"post","link":"https:\/\/www.europesays.com\/se\/25022\/","title":{"rendered":"Australisk kvinna f\u00e5r livstid i f\u00e4ngelse f\u00f6r giftsvampsmord | Utrikes"},"content":{"rendered":"<p class=\"sc-jYczwO sc-dNFkOE frIBdZ edVjwg yle__article__paragraph\">Den 50-\u00e5riga kvinnan m\u00e5ste avtj\u00e4na 33 \u00e5r av f\u00e4ngelse\u00adstraffet innan hon kan ans\u00f6ka om frigivning.<\/p>\n<p><img decoding=\"async\" alt=\"Ett fotografi av Erin Patterson har publicerats i tidningen Herald Sun, under rubriken &quot;svampkock skyldig till trippelmord&quot; \" src=\"https:\/\/www.europesays.com\/se\/wp-content\/uploads\/2025\/09\/39-15044936895d2c0ee0a3.jpeg\" class=\"sc-dntSTA iywpZY\"\/><\/p>\n<p>\u00d6ppna bildvisare<\/p>\n<p>Erin Patterson-fallet har v\u00e4ckt stor uppm\u00e4rksamhet b\u00e5de i Australien och internationellt. Bild: James Ross \/ AOPLyssna (du h\u00f6r en artificiell r\u00f6st) 2:18<\/p>\n<p class=\"sc-jYczwO sc-ciCoXh frIBdZ cPdSqu yle__article__paragraph\">Domstolen i den australiska delstaten Victoria utd\u00f6mde p\u00e5 m\u00e5ndagen livstidsf\u00e4ngelse i det internationellt uppm\u00e4rksammade giftsvampsmordet.<\/p>\n<p class=\"sc-jYczwO sc-ciCoXh frIBdZ cPdSqu yle__article__paragraph\">Australiska <strong class=\"sc-eEHciv kkmMDs yle__article__strong\">Erin Patterson<\/strong>, 50 \u00e5r, <a class=\"sc-jDJeIs gotUgl yle__article__link\" href=\"https:\/\/yle.fi\/a\/7-10080785\" role=\"link\" rel=\"nofollow noopener\" target=\"_blank\">d\u00f6mdes i juli<\/a> f\u00f6r tre mord och ett mordf\u00f6rs\u00f6k.<\/p>\n<p class=\"sc-jYczwO sc-ciCoXh frIBdZ cPdSqu yle__article__paragraph\">Livstidsstraffet inneb\u00e4r att Patterson kan ans\u00f6ka om villkorlig frigivning f\u00f6rst d\u00e5 hon avtj\u00e4nat 33 \u00e5r av den f\u00e4ngelsestraffet.<\/p>\n<p class=\"sc-jYczwO sc-ciCoXh frIBdZ cPdSqu yle__article__paragraph\">Enligt <a class=\"sc-jDJeIs gotUgl yle__article__link\" href=\"https:\/\/www.bbc.com\/news\/live\/cp8jmmzv256t\" role=\"link\" rel=\"nofollow noopener\" target=\"_blank\">BBC <\/a>\u00e4r det fr\u00e5ga om ett av de l\u00e4ngsta f\u00e4ngelsestraffen som n\u00e5gonsin \u00e5d\u00f6mts en kvinna i Australien.<\/p>\n<p>Utnyttjade offrens f\u00f6rtroende<\/p>\n<p class=\"sc-jYczwO sc-ciCoXh frIBdZ cPdSqu yle__article__paragraph\">Domstolen slog fast att Erin Patterson hade utnyttjat offrens f\u00f6rtroende och gjort sig skyldig till ett enormt svek d\u00e5 hon medvetet f\u00f6rgiftade dem.<\/p>\n<p class=\"sc-jYczwO sc-ciCoXh frIBdZ cPdSqu yle__article__paragraph\">Patterson m\u00f6rdade sina sv\u00e4rf\u00f6r\u00e4ldrar <strong class=\"sc-eEHciv kkmMDs yle__article__strong\">Gail<\/strong> och <strong class=\"sc-eEHciv kkmMDs yle__article__strong\">Donald Patterson<\/strong> och Gails syster <strong class=\"sc-eEHciv kkmMDs yle__article__strong\">Heather Wilkinson<\/strong> genom att servera portioner av beef wellington som inneh\u00f6ll v\u00e4rldens giftigaste svamp, l\u00f6msk flugsvamp.<\/p>\n<p class=\"sc-jYczwO sc-ciCoXh frIBdZ cPdSqu yle__article__paragraph\">Hon d\u00f6mdes \u00e4ven f\u00f6r att ha f\u00f6rs\u00f6kt m\u00f6rda Heather Wilkinsons make <strong class=\"sc-eEHciv kkmMDs yle__article__strong\">Ian Wilkinson<\/strong>, som \u00f6verlevde men fick allvarliga skador p\u00e5 grund av f\u00f6rgiftningen.<\/p>\n<p class=\"sc-jYczwO sc-ciCoXh frIBdZ cPdSqu yle__article__paragraph\">Enligt domaren <strong class=\"sc-eEHciv kkmMDs yle__article__strong\">Christopher Beale<\/strong> ville Patterson ocks\u00e5 d\u00f6da sin separerade make <strong class=\"sc-eEHciv kkmMDs yle__article__strong\">Simon Patterson<\/strong>, som var inbjuden men valde att inte delta i den \u00f6desdigra lunchen sommaren 2023.<\/p>\n<p class=\"sc-jYczwO sc-ciCoXh frIBdZ cPdSqu yle__article__paragraph\">Erin Patterson bj\u00f6d in offren p\u00e5 lunch under f\u00f6rev\u00e4ndningen att hon f\u00e5tt en cancerdiagnos, och beh\u00f6vde st\u00f6d f\u00f6r att kunna ber\u00e4tta om sjukdomen f\u00f6r sina barn. Enligt l\u00e4karjournaler har hon aldrig f\u00e5tt n\u00e5gon cancerdiagnos.<\/p>\n<p><img decoding=\"async\" alt=\"Den l\u00f6mska flugsvampen \u00e4r en av v\u00e4rldens giftigaste svampar. Svampen \u00e4r vit och har b\u00e5de lameller och en strumpa.\" src=\"https:\/\/www.europesays.com\/se\/wp-content\/uploads\/2025\/09\/39-84956961314a234e5a2.jpeg\" loading=\"lazy\" class=\"sc-dntSTA iywpZY\"\/><\/p>\n<p>\u00d6ppna bildvisare<\/p>\n<p>L\u00f6mska flugsvampen har orsakat omkring 90 procent av alla registrerade svampf\u00f6rgiftningar med d\u00f6dlig utg\u00e5ng i v\u00e4rlden.  Bild: All Over PressMotivet oklart<\/p>\n<p class=\"sc-jYczwO sc-ciCoXh frIBdZ cPdSqu yle__article__paragraph\">Domaren Christopher Beale konstaterade i samband med straffutm\u00e4tningen att d\u00e5det har f\u00f6rkrossat familjerna Patterson och Wilkinson och orsakat stort lidande ocks\u00e5 f\u00f6r Erin Pattersons egna barn som ber\u00f6vats sina k\u00e4ra farf\u00f6r\u00e4ldrar.<\/p>\n<p class=\"sc-jYczwO sc-ciCoXh frIBdZ cPdSqu yle__article__paragraph\">Domaren noterade ocks\u00e5 att Patterson har medgett att offren har varit v\u00e4nliga mot b\u00e5de henne sj\u00e4lv och hennes barn.<\/p>\n<p class=\"sc-jYczwO sc-ciCoXh frIBdZ cPdSqu yle__article__paragraph\">Patterson har konsekvent h\u00e4vdat att giftsvamparna hade hamnat i matr\u00e4tten av misstag. Domaren ville inte ta st\u00e4llning till vad hennes motiv var.<\/p>\n<p class=\"sc-jYczwO sc-ciCoXh frIBdZ cPdSqu yle__article__paragraph\">Straffet, liksom domen som f\u00f6rkunnades i juli, kan fortfarande \u00f6verklagas och har d\u00e4rf\u00f6r inte vunnit laga kraft.<\/p>\n<p class=\"sc-jYczwO sc-ciCoXh frIBdZ cPdSqu yle__article__paragraph\">K\u00e4lla: AP<\/p>\n","protected":false},"excerpt":{"rendered":"Den 50-\u00e5riga kvinnan m\u00e5ste avtj\u00e4na 33 \u00e5r av f\u00e4ngelse\u00adstraffet innan hon kan ans\u00f6ka om frigivning. \u00d6ppna bildvisare Erin&hellip;\n","protected":false},"author":2,"featured_media":25023,"comment_status":"","ping_status":"","sticky":false,"template":"","format":"standard","meta":{"footnotes":""},"categories":[14],"tags":[22,23,128,2965,26,27,2967,17,21,24,25,1543,2968,28,29,1542,2966,15,16,1537,18,34,31,33,32,30,19,20,237,51,52,53,54],"class_list":{"0":"post-25022","1":"post","2":"type-post","3":"status-publish","4":"format-standard","5":"has-post-thumbnail","7":"category-varlden","8":"tag-breaking-news","9":"tag-breakingnews","10":"tag-brott","11":"tag-domar","12":"tag-featured-news","13":"tag-featurednews","14":"tag-giftiga-svampar","15":"tag-headlines","16":"tag-huvudnyheter","17":"tag-latest-news","18":"tag-latestnews","19":"tag-livstidsfangelse","20":"tag-lomsk-flugsvamp","21":"tag-main-news","22":"tag-mainnews","23":"tag-mord","24":"tag-mordforsok","25":"tag-news","26":"tag-nyheter","27":"tag-rattegangar","28":"tag-rubriker","29":"tag-se","30":"tag-svenska","31":"tag-sverige","32":"tag-sweden","33":"tag-swedish","34":"tag-top-stories","35":"tag-topstories","36":"tag-utrikes","37":"tag-varlden","38":"tag-world","39":"tag-world-news","40":"tag-worldnews"},"share_on_mastodon":{"url":"","error":""},"_links":{"self":[{"href":"https:\/\/www.europesays.com\/se\/wp-json\/wp\/v2\/posts\/25022","targetHints":{"allow":["GET"]}}],"collection":[{"href":"https:\/\/www.europesays.com\/se\/wp-json\/wp\/v2\/posts"}],"about":[{"href":"https:\/\/www.europesays.com\/se\/wp-json\/wp\/v2\/types\/post"}],"author":[{"embeddable":true,"href":"https:\/\/www.europesays.com\/se\/wp-json\/wp\/v2\/users\/2"}],"replies":[{"embeddable":true,"href":"https:\/\/www.europesays.com\/se\/wp-json\/wp\/v2\/comments?post=25022"}],"version-history":[{"count":0,"href":"https:\/\/www.europesays.com\/se\/wp-json\/wp\/v2\/posts\/25022\/revisions"}],"wp:featuredmedia":[{"embeddable":true,"href":"https:\/\/www.europesays.com\/se\/wp-json\/wp\/v2\/media\/25023"}],"wp:attachment":[{"href":"https:\/\/www.europesays.com\/se\/wp-json\/wp\/v2\/media?parent=25022"}],"wp:term":[{"taxonomy":"category","embeddable":true,"href":"https:\/\/www.europesays.com\/se\/wp-json\/wp\/v2\/categories?post=25022"},{"taxonomy":"post_tag","embeddable":true,"href":"https:\/\/www.europesays.com\/se\/wp-json\/wp\/v2\/tags?post=25022"}],"curies":[{"name":"wp","href":"https:\/\/api.w.org\/{rel}","templated":true}]}}