{"id":25066,"date":"2025-09-08T20:17:08","date_gmt":"2025-09-08T20:17:08","guid":{"rendered":"https:\/\/www.europesays.com\/se\/25066\/"},"modified":"2025-09-08T20:17:08","modified_gmt":"2025-09-08T20:17:08","slug":"carl-oskar-bohlin-forfoljdav-palestinaaktivister","status":"publish","type":"post","link":"https:\/\/www.europesays.com\/se\/25066\/","title":{"rendered":"Carl-Oskar Bohlin f\u00f6rf\u00f6ljd\nav Palestinaaktivister"},"content":{"rendered":"<p>Publicerad 8 sep 2025 kl 21.24Uppdaterad kl 22.15<\/p>\n<p>Civilf\u00f6rsvarsminister Carl-Oskar Bohlin (M) klev ut fr\u00e5n riksdagshuset och blev f\u00f6rf\u00f6ljd av h\u00f6gljudda Palestinaaktivister.\u00a0<\/p>\n<p>\u201dF\u00f6rutom att skrika som idioter i \u00f6ronen p\u00e5 mig hade ocks\u00e5 det stora flertalet b\u00e5de filmkameror och mobiltelefoner\u201d, skriver ministern p\u00e5 X.\u00a0<\/p>\n<p>Se filmen: H\u00e4r f\u00f6rf\u00f6ljs Carl-Oskar Bohlin av aktivisterna.<img loading=\"lazy\"   alt=\"\"\/><\/p>\n<p>Carl-Oskar Bohlin filmade sj\u00e4lv h\u00e4ndelsen.<\/p>\n<p>Foto: Carl-Oskar Bohlin \/ X<\/p>\n<p>\u00d6ppna bild i helsk\u00e4rm<img loading=\"lazy\"   alt=\"\"\/><\/p>\n<p>Han publicerade klippet p\u00e5 X p\u00e5 m\u00e5ndagskv\u00e4llen.<\/p>\n<p>Foto: Carl-Oskar Bohlin \/ X<\/p>\n<p>\u00d6ppna bild i helsk\u00e4rm<\/p>\n<p>I ett inl\u00e4gg p\u00e5 X ber\u00e4ttar <a href=\"https:\/\/www.expressen.se\/tagg\/person\/carl-oskar-bohlin\/\" class=\"\" rel=\"nofollow noopener\" target=\"_blank\">Carl-Oskar Bohlin<\/a> om hur han f\u00f6rf\u00f6ljdes av en grupp Palestinaaktivister efter att han deltagit i ett m\u00f6te med den moderata riksdagsgruppen under m\u00e5ndagskv\u00e4llen.\u00a0<\/p>\n<p>Han filmade \u00e4ven h\u00e4ndelsen med sin mobilkamera och har publicerat klippet p\u00e5 X.\u00a0<\/p>\n<p>\u201dN\u00e4r jag klev ut vid Mynttorget och skulle promenera hem s\u00e5g det ut s\u00e5h\u00e4r. En grupp m\u00e4nniskor med antisocialt dominansbeteende b\u00f6rjade f\u00f6rf\u00f6lja mig vilket resulterade i att jag helt enkelt inte kunde ta mig hem, av den enkla anledningen att min adress h\u00e4r i Stockholm inte \u00e4r offentlig\u201d, skriver Bohlin.\u00a0<\/p>\n<p>Aktivisterna h\u00f6rs skrika: \u201dDet p\u00e5g\u00e5r ett folkmord\u201d och \u201dshame on you\u201d, n\u00e4r de f\u00f6ljer efter ministern.\u00a0<\/p>\n<p><a href=\"https:\/\/x.com\/carloskar\/status\/1965125120923783543?s=46\" data-provider=\"twitter\" class=\"js-social-embed\" rel=\"nofollow\">https:\/\/x.com\/carloskar\/status\/1965125120923783543?s=46<\/a><\/p>\n<p>\u201dF\u00f6rutom att skrika som idioter i \u00f6ronen p\u00e5 mig hade ocks\u00e5 det stora flertalet b\u00e5de filmkameror och mobiltelefoner som de facto hade anv\u00e4nts till att dokumentera min v\u00e4g hem\u00e5t och sedermera hemadress, om jag hade fullf\u00f6ljt promenaden\u201d, skriver Bohlin som i st\u00e4llet v\u00e4nde tillbaka till riksdagshuset.\u00a0<\/p>\n<p>\u201dJust nu hindrar den autonoma Palestinar\u00f6relsen demokratins folkvalda funktion\u00e4rer fr\u00e5n att r\u00f6ra sig efter egna preferenser. Det \u00e4r enligt min uppfattning inte s\u00e5 vi borde ha det i v\u00e5rt land\u201d, avslutar han inl\u00e4gget.\u00a0<\/p>\n<p>\u2013 Det \u00e4r f\u00f6r mig uppenbart att den autonoma Palestinar\u00f6relsen just nu bidrar till att urholka grundl\u00e4ggande demokratiska spelregler. Man ska som f\u00f6rtroendevald i Sverige inte beh\u00f6va bli f\u00f6rf\u00f6ljd till sitt hem av n\u00e5gonting som k\u00e4nns som en lynchmobb, s\u00e4ger Carl-Oskar Bohlin i ett uttalande efter h\u00e4ndelsen.\u00a0<\/p>\n<p>Kristdemokraternas partiledare, energi- och n\u00e4ringsminister Ebba Busch, har \u00e5terpublicerat Carl-Oskar Bohlins inl\u00e4gg med kommentaren:\u00a0<\/p>\n<p>\u201dDet h\u00e4r en kamp om vilka v\u00e4rderingar som ska g\u00e4lla i v\u00e5rt land &#8211; vilket Sverige vi vill ha. Det \u00e4r en kamp vi beh\u00f6ver vinna\u201d.\u00a0<\/p>\n<p><a href=\"https:\/\/twitter.com\/BuschEbba\/status\/1965129225930940778\" data-provider=\"twitter\" class=\"js-social-embed\" rel=\"nofollow noopener\" target=\"_blank\">https:\/\/twitter.com\/BuschEbba\/status\/1965129225930940778<\/a><\/p>\n<p>KDU:s ordf\u00f6rande Louise Hammargren reagerar med ilska i ett annat X-inl\u00e4gg.\u00a0<\/p>\n<p>\u201dInte svenskt medborgarskap? Utvisa Dubbla medborgarskap? Riv det svenska och utvisa\u201d, skriver hon.\u00a0<\/p>\n<p><a href=\"https:\/\/twitter.com\/LouiseHammargr1\/status\/1965135878009106900\" data-provider=\"twitter\" class=\"js-social-embed\" rel=\"nofollow noopener\" target=\"_blank\">https:\/\/twitter.com\/LouiseHammargr1\/status\/1965135878009106900<\/a><script async src=\"https:\/\/platform.twitter.com\/widgets.js\" charset=\"utf-8\"><\/script><\/p>\n","protected":false},"excerpt":{"rendered":"Publicerad 8 sep 2025 kl 21.24Uppdaterad kl 22.15 Civilf\u00f6rsvarsminister Carl-Oskar Bohlin (M) klev ut fr\u00e5n riksdagshuset och blev&hellip;\n","protected":false},"author":2,"featured_media":25067,"comment_status":"","ping_status":"","sticky":false,"template":"","format":"standard","meta":{"footnotes":""},"categories":[12],"tags":[22,23,26,27,17,21,24,25,135,28,29,15,16,2172,2970,18,34,154,31,33,32,30,19,60,485,20],"class_list":{"0":"post-25066","1":"post","2":"type-post","3":"status-publish","4":"format-standard","5":"has-post-thumbnail","7":"category-sverige","8":"tag-breaking-news","9":"tag-breakingnews","10":"tag-featured-news","11":"tag-featurednews","12":"tag-headlines","13":"tag-huvudnyheter","14":"tag-latest-news","15":"tag-latestnews","16":"tag-location-stockholm","17":"tag-main-news","18":"tag-mainnews","19":"tag-news","20":"tag-nyheter","21":"tag-organization-x","22":"tag-person-carl-oskar-bohlin","23":"tag-rubriker","24":"tag-se","25":"tag-sections-sverige","26":"tag-svenska","27":"tag-sverige","28":"tag-sweden","29":"tag-swedish","30":"tag-top-stories","31":"tag-topic-krig-konflikt","32":"tag-topic-politik","33":"tag-topstories"},"share_on_mastodon":{"url":"","error":""},"_links":{"self":[{"href":"https:\/\/www.europesays.com\/se\/wp-json\/wp\/v2\/posts\/25066","targetHints":{"allow":["GET"]}}],"collection":[{"href":"https:\/\/www.europesays.com\/se\/wp-json\/wp\/v2\/posts"}],"about":[{"href":"https:\/\/www.europesays.com\/se\/wp-json\/wp\/v2\/types\/post"}],"author":[{"embeddable":true,"href":"https:\/\/www.europesays.com\/se\/wp-json\/wp\/v2\/users\/2"}],"replies":[{"embeddable":true,"href":"https:\/\/www.europesays.com\/se\/wp-json\/wp\/v2\/comments?post=25066"}],"version-history":[{"count":0,"href":"https:\/\/www.europesays.com\/se\/wp-json\/wp\/v2\/posts\/25066\/revisions"}],"wp:featuredmedia":[{"embeddable":true,"href":"https:\/\/www.europesays.com\/se\/wp-json\/wp\/v2\/media\/25067"}],"wp:attachment":[{"href":"https:\/\/www.europesays.com\/se\/wp-json\/wp\/v2\/media?parent=25066"}],"wp:term":[{"taxonomy":"category","embeddable":true,"href":"https:\/\/www.europesays.com\/se\/wp-json\/wp\/v2\/categories?post=25066"},{"taxonomy":"post_tag","embeddable":true,"href":"https:\/\/www.europesays.com\/se\/wp-json\/wp\/v2\/tags?post=25066"}],"curies":[{"name":"wp","href":"https:\/\/api.w.org\/{rel}","templated":true}]}}