{"id":25086,"date":"2025-09-08T20:46:09","date_gmt":"2025-09-08T20:46:09","guid":{"rendered":"https:\/\/www.europesays.com\/se\/25086\/"},"modified":"2025-09-08T20:46:09","modified_gmt":"2025-09-08T20:46:09","slug":"michael-caine-lamnar-pensionen-for-att-gora-uppfoljare-pa-vin-diesels-10-ar-gamla-fantasyflopp","status":"publish","type":"post","link":"https:\/\/www.europesays.com\/se\/25086\/","title":{"rendered":"Michael Caine l\u00e4mnar pensionen &#8211; f\u00f6r att g\u00f6ra uppf\u00f6ljare p\u00e5 Vin Diesels 10 \u00e5r gamla fantasyflopp"},"content":{"rendered":"<p>2015 gjorde tog <strong>Vin Diesel<\/strong> en snabb paus fr\u00e5n att bryta mot fysikens och trafikens lagar i \u201dFast &amp; Furious\u201d-filmerna och gav sig ut p\u00e5 h\u00e4xjakt i fantasyrullen \u201d<a href=\"https:\/\/www.moviezine.se\/movies\/the-last-witch-hunter\" rel=\"nofollow noopener\" target=\"_blank\">The Last Witch Hunter<\/a>\u201d. H\u00e4r spelade Diesel Kaulder, en od\u00f6dlig h\u00e4xj\u00e4gare som f\u00f6rs\u00f6ker f\u00f6rhindra en pest fr\u00e5n att utpl\u00e5na v\u00e4rldens befolkning. Filmen v\u00e4ckte inget starkt intresse hos varken publik eller kritiker, men nu rapporterar <a href=\"https:\/\/deadline.com\/2025\/09\/last-witch-hunter-sequel-vin-diesel-michael-caine-lionsgate-1236512113\/?fbclid=IwY2xjawMsB0lleHRuA2FlbQIxMABicmlkETFjQ3M4cjE0bXZOUzVFMzRYAR4M93LFuRlibR8CFWtHqXmFAvm1m1Cp4McICnFG41-JFJ-KNImfFqFockwNhg_aem_R6HCCUx5oL-M-Hxx3D7dXA\" rel=\"nofollow noopener\" target=\"_blank\">Deadline<\/a> att det trots det  blivit dags f\u00f6r en uppf\u00f6ljare.<\/p>\n<p><strong>Lionsgate<\/strong>, som \u00e4r ansvarigt filmbolag, har n\u00e4mligen observerat att \u201dThe Last Witch Hunter\u201d g\u00e5tt bra p\u00e5 streaming, och tolkat det som att publiken absolut vill se mer h\u00e4xslakt fr\u00e5n Diesel. Vi f\u00e5r se hur det \u00e4r med den saken n\u00e4r filmen v\u00e4l sl\u00e4pps\u2026<\/p>\n<p>Hursom s\u00e5 har man ringt in s\u00e5v\u00e4l Diesel som <strong>Michael Caine<\/strong>, som spelade Dolan 36th, en av Kaulders allierade f\u00f6r att g\u00f6ra en ny \u201dThe Last Witch Hunter\u201d. Den nu 92 \u00e5r gamle Caine <a href=\"https:\/\/www.moviezine.se\/nyheter\/vi-mister-en-legend-90-ariga-michael-caine-gar-i-pension\" rel=\"nofollow noopener\" target=\"_blank\">gick i pension 2023<\/a>, och att han verkar \u00f6verv\u00e4ga att ge sig in i arbetslivet igen f\u00f6r en uppf\u00f6ljare till en s\u00e5gad fantasyrulle med Vin Diesel k\u00e4nns n\u00e5got otippat \u2013 men vem vet, pension\u00e4rslivet kanske b\u00f6rjade bli enformigt?<\/p>\n<p><img loading=\"lazy\" height=\"1433\" width=\"1074\" class=\"wp-image-700530 sp-no-webp perfmatters-lazy\" alt=\"\" decoding=\"async\" style=\"width:840px;height:auto\" src=\"https:\/\/www.europesays.com\/se\/wp-content\/uploads\/2025\/09\/diesel-caine-edited.jpg\"  data-\/> Michael Caine och Vin Diesel i \u201dThe Last Witch Hunter\u201d.<\/p>\n<p>\u201dThe Last Witch Hunter 2\u201d <strong>saknar i skrivande stund ett premi\u00e4rdatum<\/strong>, men Deadline skriver \u00e4r att Lionsgate har som m\u00e5l att f\u00e5 filmen gjord s\u00e5 fort som m\u00f6jligt. Med tanke p\u00e5 att \u201dFast &amp; Furious\u201d-franchisen <a href=\"https:\/\/www.moviezine.se\/nyheter\/vad-tusan-hander-med-fast-furious-egentligen-vin-diesel-bonar-och-ber-om-ett-premiardatum\" rel=\"nofollow noopener\" target=\"_blank\">fortfarande har soppatorsk<\/a> s\u00e5 har Diesel nog utrymme i kalendern, s\u00e5 m\u00f6jligheterna att spela in hyfsat snart l\u00e4r vara goda.<\/p>\n<p>L\u00e4s ocks\u00e5: <a href=\"https:\/\/www.moviezine.se\/nyheter\/14-ar-efter-sin-dod-paul-walker-atervander-till-fast-furious\" title=\"Paul Walker \u00e5terv\u00e4nder till \u201dFast &amp; Furious\u201d \u2013 14 \u00e5r efter sin d\u00f6d\" class=\"underline-custom !font-montserrat !font-bold !underline-offset-4 !decoration-4 !decoration-moviezine-green !text-md\" rel=\"nofollow noopener\" target=\"_blank\">Paul Walker \u00e5terv\u00e4nder till \u201dFast &amp; Furious\u201d \u2013 14 \u00e5r efter sin d\u00f6d<\/a><\/p>\n<p>L\u00e4s ocks\u00e5: <a href=\"https:\/\/www.moviezine.se\/nyheter\/batman-begins-fyller-20-ar-las-om-christian-bales-bisarra-forsta-mote-med-michael-caine\" title=\"Christian Bales idolm\u00f6te med Michael Caine misslyckades i \u201dBatman Begins\u201d\" class=\"underline-custom !font-montserrat !font-bold !underline-offset-4 !decoration-4 !decoration-moviezine-green !text-md\" rel=\"nofollow noopener\" target=\"_blank\">Christian Bales idolm\u00f6te med Michael Caine misslyckades i \u201dBatman Begins\u201d<\/a><\/p>\n","protected":false},"excerpt":{"rendered":"2015 gjorde tog Vin Diesel en snabb paus fr\u00e5n att bryta mot fysikens och trafikens lagar i \u201dFast&hellip;\n","protected":false},"author":2,"featured_media":25087,"comment_status":"","ping_status":"","sticky":false,"template":"","format":"standard","meta":{"footnotes":""},"categories":[67],"tags":[104,2971,2573,2972,34,31,33,32,30,105],"class_list":{"0":"post-25086","1":"post","2":"type-post","3":"status-publish","4":"format-standard","5":"has-post-thumbnail","7":"category-underhallning","8":"tag-entertainment","9":"tag-fantasy","10":"tag-hollywood","11":"tag-lionsgate","12":"tag-se","13":"tag-svenska","14":"tag-sverige","15":"tag-sweden","16":"tag-swedish","17":"tag-underhallning"},"share_on_mastodon":{"url":"","error":""},"_links":{"self":[{"href":"https:\/\/www.europesays.com\/se\/wp-json\/wp\/v2\/posts\/25086","targetHints":{"allow":["GET"]}}],"collection":[{"href":"https:\/\/www.europesays.com\/se\/wp-json\/wp\/v2\/posts"}],"about":[{"href":"https:\/\/www.europesays.com\/se\/wp-json\/wp\/v2\/types\/post"}],"author":[{"embeddable":true,"href":"https:\/\/www.europesays.com\/se\/wp-json\/wp\/v2\/users\/2"}],"replies":[{"embeddable":true,"href":"https:\/\/www.europesays.com\/se\/wp-json\/wp\/v2\/comments?post=25086"}],"version-history":[{"count":0,"href":"https:\/\/www.europesays.com\/se\/wp-json\/wp\/v2\/posts\/25086\/revisions"}],"wp:featuredmedia":[{"embeddable":true,"href":"https:\/\/www.europesays.com\/se\/wp-json\/wp\/v2\/media\/25087"}],"wp:attachment":[{"href":"https:\/\/www.europesays.com\/se\/wp-json\/wp\/v2\/media?parent=25086"}],"wp:term":[{"taxonomy":"category","embeddable":true,"href":"https:\/\/www.europesays.com\/se\/wp-json\/wp\/v2\/categories?post=25086"},{"taxonomy":"post_tag","embeddable":true,"href":"https:\/\/www.europesays.com\/se\/wp-json\/wp\/v2\/tags?post=25086"}],"curies":[{"name":"wp","href":"https:\/\/api.w.org\/{rel}","templated":true}]}}