{"id":25092,"date":"2025-09-08T20:59:29","date_gmt":"2025-09-08T20:59:29","guid":{"rendered":"https:\/\/www.europesays.com\/se\/25092\/"},"modified":"2025-09-08T20:59:29","modified_gmt":"2025-09-08T20:59:29","slug":"heathrow-terminal-oppnar-igen-efter-larmet","status":"publish","type":"post","link":"https:\/\/www.europesays.com\/se\/25092\/","title":{"rendered":"Heathrow-terminal \u00f6ppnar igen efter larmet"},"content":{"rendered":"<p>Heathrowflygplatsens terminal 4 \u00f6ppnar igen efter att ha utrymts tidigare p\u00e5 m\u00e5ndagskv\u00e4llen, rapporterar AFP.<\/p>\n<p>\u201dPotentiellt farligt material\u201d hittades i terminalen, enligt Heathrows s\u00e4kerhetsavdelning, som inte har offentliggjort exakt vad det \u00e4r som hittats. <\/p>\n<p>Brandk\u00e5r och ambulans kallades till platsen. Ett 20-tal resen\u00e4rer unders\u00f6ktes av ambulanssjukv\u00e5rdare, enligt Reuters.  <\/p>\n<p>Flygen dirigerades om till andra terminaler under nedst\u00e4ngningen och forts\u00e4tter avg\u00e5 som planerat, skriver flygplatsen i sociala medier.  <\/p>\n<p>Omni \u00e4r politiskt obundna och oberoende. Vi str\u00e4var efter att ge fler perspektiv p\u00e5 nyheterna. Har du fr\u00e5gor eller synpunkter kring v\u00e5r rapportering? <a href=\"https:\/\/omni.se\/flygplatsen-heathrow-i-london-utrymd\/a\/mailto:redaktion@omni.se\" class=\"ArticleActions_contactLink__W2F1M\" rel=\"nofollow noopener\" target=\"_blank\">Kontakta redaktionen<\/a><\/p>\n","protected":false},"excerpt":{"rendered":"Heathrowflygplatsens terminal 4 \u00f6ppnar igen efter att ha utrymts tidigare p\u00e5 m\u00e5ndagskv\u00e4llen, rapporterar AFP. \u201dPotentiellt farligt material\u201d hittades&hellip;\n","protected":false},"author":2,"featured_media":25093,"comment_status":"","ping_status":"","sticky":false,"template":"","format":"standard","meta":{"footnotes":""},"categories":[5],"tags":[22,23,267,26,27,17,21,24,25,28,29,15,16,18,34,593,31,33,32,30,19,20],"class_list":{"0":"post-25092","1":"post","2":"type-post","3":"status-publish","4":"format-standard","5":"has-post-thumbnail","7":"category-rubriker","8":"tag-breaking-news","9":"tag-breakingnews","10":"tag-europa","11":"tag-featured-news","12":"tag-featurednews","13":"tag-headlines","14":"tag-huvudnyheter","15":"tag-latest-news","16":"tag-latestnews","17":"tag-main-news","18":"tag-mainnews","19":"tag-news","20":"tag-nyheter","21":"tag-rubriker","22":"tag-se","23":"tag-storbritannien","24":"tag-svenska","25":"tag-sverige","26":"tag-sweden","27":"tag-swedish","28":"tag-top-stories","29":"tag-topstories"},"share_on_mastodon":{"url":"","error":""},"_links":{"self":[{"href":"https:\/\/www.europesays.com\/se\/wp-json\/wp\/v2\/posts\/25092","targetHints":{"allow":["GET"]}}],"collection":[{"href":"https:\/\/www.europesays.com\/se\/wp-json\/wp\/v2\/posts"}],"about":[{"href":"https:\/\/www.europesays.com\/se\/wp-json\/wp\/v2\/types\/post"}],"author":[{"embeddable":true,"href":"https:\/\/www.europesays.com\/se\/wp-json\/wp\/v2\/users\/2"}],"replies":[{"embeddable":true,"href":"https:\/\/www.europesays.com\/se\/wp-json\/wp\/v2\/comments?post=25092"}],"version-history":[{"count":0,"href":"https:\/\/www.europesays.com\/se\/wp-json\/wp\/v2\/posts\/25092\/revisions"}],"wp:featuredmedia":[{"embeddable":true,"href":"https:\/\/www.europesays.com\/se\/wp-json\/wp\/v2\/media\/25093"}],"wp:attachment":[{"href":"https:\/\/www.europesays.com\/se\/wp-json\/wp\/v2\/media?parent=25092"}],"wp:term":[{"taxonomy":"category","embeddable":true,"href":"https:\/\/www.europesays.com\/se\/wp-json\/wp\/v2\/categories?post=25092"},{"taxonomy":"post_tag","embeddable":true,"href":"https:\/\/www.europesays.com\/se\/wp-json\/wp\/v2\/tags?post=25092"}],"curies":[{"name":"wp","href":"https:\/\/api.w.org\/{rel}","templated":true}]}}