{"id":25109,"date":"2025-09-08T21:39:59","date_gmt":"2025-09-08T21:39:59","guid":{"rendered":"https:\/\/www.europesays.com\/se\/25109\/"},"modified":"2025-09-08T21:39:59","modified_gmt":"2025-09-08T21:39:59","slug":"mer-pengar-till-drabbade-i-allra-harvan-upprattelse","status":"publish","type":"post","link":"https:\/\/www.europesays.com\/se\/25109\/","title":{"rendered":"Mer pengar till drabbade i Allra-h\u00e4rvan: \u201dUppr\u00e4ttelse\u201d"},"content":{"rendered":"<p>Pensionsmyndigheten betalar nu ut ytterligare n\u00e4stan 48 miljoner kronor till drygt 86 000 sparare och pension\u00e4rer som f\u00f6rlorade pengar i Allra-h\u00e4rvan, enligt ett pressmeddelande.<\/p>\n<p>\u2013 Jag \u00e4r glad f\u00f6r de sparare som nu f\u00e5r ekonomisk uppr\u00e4ttelse. Det h\u00e4r \u00e4r en del av pensionen som sparare och pension\u00e4rer i Allra ber\u00f6vades 2012, kommenterar Pensionsmyndighetens generaldirekt\u00f6r Anna Pettersson Westerberg.<\/p>\n<p>Beloppen varierar mellan 100 och 2 616 kronor, med ett medianbelopp p\u00e5 574 kronor. Utbetalningen sker automatiskt till premiepensionskonton. Totalt har 143 miljoner kronor hittills \u00e5terbetalats av det utd\u00f6mda skadest\u00e5ndet p\u00e5 170 miljoner kronor plus r\u00e4nta.<\/p>\n<p>Omni \u00e4r politiskt obundna och oberoende. Vi str\u00e4var efter att ge fler perspektiv p\u00e5 nyheterna. Har du fr\u00e5gor eller synpunkter kring v\u00e5r rapportering? <a href=\"https:\/\/omni.se\/mer-pengar-till-drabbade-i-allra-harvan-upprattelse\/a\/mailto:redaktion@omni.se\" class=\"ArticleActions_contactLink__W2F1M\" rel=\"nofollow noopener\" target=\"_blank\">Kontakta redaktionen<\/a><\/p>\n","protected":false},"excerpt":{"rendered":"Pensionsmyndigheten betalar nu ut ytterligare n\u00e4stan 48 miljoner kronor till drygt 86 000 sparare och pension\u00e4rer som f\u00f6rlorade&hellip;\n","protected":false},"author":2,"featured_media":25110,"comment_status":"","ping_status":"","sticky":false,"template":"","format":"standard","meta":{"footnotes":""},"categories":[5],"tags":[2701,22,23,26,27,17,21,24,25,28,29,15,16,1421,2973,349,18,34,31,33,32,30,19,20],"class_list":{"0":"post-25109","1":"post","2":"type-post","3":"status-publish","4":"format-standard","5":"has-post-thumbnail","7":"category-rubriker","8":"tag-allra","9":"tag-breaking-news","10":"tag-breakingnews","11":"tag-featured-news","12":"tag-featurednews","13":"tag-headlines","14":"tag-huvudnyheter","15":"tag-latest-news","16":"tag-latestnews","17":"tag-main-news","18":"tag-mainnews","19":"tag-news","20":"tag-nyheter","21":"tag-pension","22":"tag-pensionsmyndigheten","23":"tag-privatekonomi","24":"tag-rubriker","25":"tag-se","26":"tag-svenska","27":"tag-sverige","28":"tag-sweden","29":"tag-swedish","30":"tag-top-stories","31":"tag-topstories"},"share_on_mastodon":{"url":"","error":""},"_links":{"self":[{"href":"https:\/\/www.europesays.com\/se\/wp-json\/wp\/v2\/posts\/25109","targetHints":{"allow":["GET"]}}],"collection":[{"href":"https:\/\/www.europesays.com\/se\/wp-json\/wp\/v2\/posts"}],"about":[{"href":"https:\/\/www.europesays.com\/se\/wp-json\/wp\/v2\/types\/post"}],"author":[{"embeddable":true,"href":"https:\/\/www.europesays.com\/se\/wp-json\/wp\/v2\/users\/2"}],"replies":[{"embeddable":true,"href":"https:\/\/www.europesays.com\/se\/wp-json\/wp\/v2\/comments?post=25109"}],"version-history":[{"count":0,"href":"https:\/\/www.europesays.com\/se\/wp-json\/wp\/v2\/posts\/25109\/revisions"}],"wp:featuredmedia":[{"embeddable":true,"href":"https:\/\/www.europesays.com\/se\/wp-json\/wp\/v2\/media\/25110"}],"wp:attachment":[{"href":"https:\/\/www.europesays.com\/se\/wp-json\/wp\/v2\/media?parent=25109"}],"wp:term":[{"taxonomy":"category","embeddable":true,"href":"https:\/\/www.europesays.com\/se\/wp-json\/wp\/v2\/categories?post=25109"},{"taxonomy":"post_tag","embeddable":true,"href":"https:\/\/www.europesays.com\/se\/wp-json\/wp\/v2\/tags?post=25109"}],"curies":[{"name":"wp","href":"https:\/\/api.w.org\/{rel}","templated":true}]}}