{"id":25128,"date":"2025-09-08T22:20:09","date_gmt":"2025-09-08T22:20:09","guid":{"rendered":"https:\/\/www.europesays.com\/se\/25128\/"},"modified":"2025-09-08T22:20:09","modified_gmt":"2025-09-08T22:20:09","slug":"trumps-nya-smutskastningmot-sverige","status":"publish","type":"post","link":"https:\/\/www.europesays.com\/se\/25128\/","title":{"rendered":"Trumps nya smutskastning\nmot Sverige"},"content":{"rendered":"<p>Publicerad 8 sep 2025 kl 23.11Uppdaterad kl 23.29<\/p>\n<p>\u201dMassmigration \u00e4r ett massf\u00f6rst\u00f6relsevapen\u201d, skriver en kontoanv\u00e4ndare p\u00e5 Truth Social.\u00a0<\/p>\n<p>Under finns en sk\u00e4rmdump med ett sedan l\u00e4nge avf\u00e4rdat p\u00e5st\u00e5ende om att var fj\u00e4rde svensk kvinna kommer bli v\u00e5ldtagen. \u00a0<\/p>\n<p>USA:s president Donald Trump har \u00e5terpublicerat inl\u00e4gget.<\/p>\n<p>Fr\u00e5gan som f\u00e5r Trump sn\u00e4sa &#8221;Var tyst!&#8221;<img loading=\"lazy\"   alt=\"\"\/><\/p>\n<p>Donald Trump<\/p>\n<p>Foto: POOL \/ STELLA PICTURES\/ABACA PRESS ABACA PRESS<\/p>\n<p>\u00d6ppna bild i helsk\u00e4rm<img loading=\"lazy\"   alt=\"\"\/><\/p>\n<p>Inl\u00e4gget som Donald Trump har \u00e5terpublicerat p\u00e5 sin plattform Truth Social.<\/p>\n<p>Foto: Truth Social<\/p>\n<p>\u00d6ppna bild i helsk\u00e4rm<img loading=\"lazy\"   alt=\"\"\/>\u00d6ppna bild i helsk\u00e4rm<\/p>\n<p>Under m\u00e5ndagen \u00e5terpublicerade Donald Trump <a href=\"https:\/\/truthsocial.com\/@realDonaldTrump\/posts\/115169652770566361\" rel=\"nofollow noopener\" target=\"_blank\">inl\u00e4gget<\/a> om att \u201dMassmigration \u00e4r ett massf\u00f6rst\u00f6relsevapen\u201d, som i sin tur har \u00e5terpublicerat en sk\u00e4rmdump om att var fj\u00e4rde svensk kvinna kommer bli v\u00e5ldtagen.\u00a0<\/p>\n<p>Under en bild p\u00e5 en blond kvinna sl\u00e5s det fast att Sverige, efter Sydafrika, har flest antal v\u00e5ldt\u00e4kter i v\u00e4rlden \u2013 sex g\u00e5nger fler per capita \u00e4n i USA.\u00a0<\/p>\n<p>Bilden och p\u00e5st\u00e5endena har i olika former spridits i sociala medier under flera \u00e5r och anspelar p\u00e5 svensk brottsstatistik g\u00e4llande 2013.\u00a0<\/p>\n<p><img loading=\"lazy\"   alt=\"\"\/><\/p>\n<p>Inl\u00e4gget som Donald Trump har \u00e5terpublicerat p\u00e5 sin plattform Truth Social.<\/p>\n<p>Foto: Truth Social<\/p>\n<p>\u00d6ppna bild i helsk\u00e4rm<\/p>\n<p>Nyhetsbyr\u00e5n <a href=\"https:\/\/www.reuters.com\/article\/fact-check\/no-evidence-migration-caused-exaggerated-2013-swedish-rape-statistics-idUSL1N37S2AU\/\" rel=\"nofollow noopener\" target=\"_blank\">Reuters<\/a> faktagranskade \u201dnyheten\u201d den 31 maj 2023 och avf\u00e4rdade den som falsk. \u00a0<\/p>\n<p>De intervjuade d\u00e5 en analytiker vid Brottsf\u00f6rebyggande r\u00e5det, Br\u00e5, Lars Lewenhagen, som uppgav att 2,4 procent av kvinnorna i den nationella trygghetsunders\u00f6kningen fr\u00e5n 2014 ber\u00e4ttade att de utsatts f\u00f6r sexualbrott.\u00a0<\/p>\n<p>Samma \u00e5r visade statistiken att antal rapporterade v\u00e5ldt\u00e4ktsfall mot kvinnor var 34 per 100 000 inv\u00e5nare, eller en procentandel p\u00e5 0,03, enligt Lewenhagen.\u00a0<\/p>\n<p>I inl\u00e4gget som Trump \u00e5terpublicerat st\u00e5r det \u00e4ven att v\u00e5ldt\u00e4kterna i Sverige har \u00f6kat med 500 procent.\u00a0<\/p>\n<p>Trumps utspel om Sverige<\/p>\n<p>Det st\u00e4mmer att antalet polisanm\u00e4lda v\u00e5ldt\u00e4kter mellan 1990 och 2011 \u00f6kade med 463 procent men detta ska inte tolkas som att risken f\u00f6r att bli v\u00e5ldtagen \u00f6kade i samma omfattning under perioden, enligt Lewenhagen.\u00a0<\/p>\n<p>\u2013 Som exempel s\u00e5 blev den legala definitionen av v\u00e5ldt\u00e4kt drastiskt utvidgad under den h\u00e4r perioden, sa Lewenhagen till Reuters.\u00a0<\/p>\n<p>Det \u00e4r inte f\u00f6rsta g\u00e5ngen <a href=\"https:\/\/www.expressen.se\/tagg\/person\/donald-trump\/\" class=\"\" rel=\"nofollow noopener\" target=\"_blank\">Donald Trump<\/a> sprider en dyster bild av Sverige. Under sin f\u00f6rsta mandatperiod, i februari 2017, fick hans uttalande: \u201dNi s\u00e5g vad som h\u00e4nde i Sverige i g\u00e5r kv\u00e4ll\u201d vingar.\u00a0<\/p>\n<p>\u00c4ven den g\u00e5ngen var det kopplat till Sveriges migrationspolitik.\u00a0<\/p>\n<p>\u2013 De tog in ett stort antal och har problem som de aldrig trodde var m\u00f6jligt.\u00a0<\/p>\n<p>Reaktionerna var f\u00f6rst f\u00f6rbryllade men det framkom senare att presidenten syftat p\u00e5 ett inslag han hade sett i Fox News om kriminalitet kopplat till svensk migrationspolitik.\u00a0<\/p>\n<p>Under det senaste \u00e5ret har dock vid flera tillf\u00e4llen <a href=\"https:\/\/www.expressen.se\/tv\/nyheter\/varlden\/trumps-ovantade-hyllning-av-sverige\/\" rel=\"nofollow noopener\" target=\"_blank\">hyllat Sveriges skolsystem<\/a>.\u00a0<\/p>\n","protected":false},"excerpt":{"rendered":"Publicerad 8 sep 2025 kl 23.11Uppdaterad kl 23.29 \u201dMassmigration \u00e4r ett massf\u00f6rst\u00f6relsevapen\u201d, skriver en kontoanv\u00e4ndare p\u00e5 Truth Social.\u00a0&hellip;\n","protected":false},"author":2,"featured_media":25129,"comment_status":"","ping_status":"","sticky":false,"template":"","format":"standard","meta":{"footnotes":""},"categories":[12],"tags":[22,23,26,27,17,21,24,25,212,2974,45,28,29,15,16,2975,2976,198,18,34,55,31,33,32,30,19,204,1242,20],"class_list":{"0":"post-25128","1":"post","2":"type-post","3":"status-publish","4":"format-standard","5":"has-post-thumbnail","7":"category-sverige","8":"tag-breaking-news","9":"tag-breakingnews","10":"tag-featured-news","11":"tag-featurednews","12":"tag-headlines","13":"tag-huvudnyheter","14":"tag-latest-news","15":"tag-latestnews","16":"tag-location-sverige","17":"tag-location-sydafrika","18":"tag-location-usa","19":"tag-main-news","20":"tag-mainnews","21":"tag-news","22":"tag-nyheter","23":"tag-organization-brottsforebyggande-radet","24":"tag-organization-reuters","25":"tag-person-donald-trump","26":"tag-rubriker","27":"tag-se","28":"tag-sections-varlden","29":"tag-svenska","30":"tag-sverige","31":"tag-sweden","32":"tag-swedish","33":"tag-top-stories","34":"tag-topic-amerikansk-politik","35":"tag-topic-sexualbrott","36":"tag-topstories"},"share_on_mastodon":{"url":"","error":""},"_links":{"self":[{"href":"https:\/\/www.europesays.com\/se\/wp-json\/wp\/v2\/posts\/25128","targetHints":{"allow":["GET"]}}],"collection":[{"href":"https:\/\/www.europesays.com\/se\/wp-json\/wp\/v2\/posts"}],"about":[{"href":"https:\/\/www.europesays.com\/se\/wp-json\/wp\/v2\/types\/post"}],"author":[{"embeddable":true,"href":"https:\/\/www.europesays.com\/se\/wp-json\/wp\/v2\/users\/2"}],"replies":[{"embeddable":true,"href":"https:\/\/www.europesays.com\/se\/wp-json\/wp\/v2\/comments?post=25128"}],"version-history":[{"count":0,"href":"https:\/\/www.europesays.com\/se\/wp-json\/wp\/v2\/posts\/25128\/revisions"}],"wp:featuredmedia":[{"embeddable":true,"href":"https:\/\/www.europesays.com\/se\/wp-json\/wp\/v2\/media\/25129"}],"wp:attachment":[{"href":"https:\/\/www.europesays.com\/se\/wp-json\/wp\/v2\/media?parent=25128"}],"wp:term":[{"taxonomy":"category","embeddable":true,"href":"https:\/\/www.europesays.com\/se\/wp-json\/wp\/v2\/categories?post=25128"},{"taxonomy":"post_tag","embeddable":true,"href":"https:\/\/www.europesays.com\/se\/wp-json\/wp\/v2\/tags?post=25128"}],"curies":[{"name":"wp","href":"https:\/\/api.w.org\/{rel}","templated":true}]}}