{"id":25181,"date":"2025-09-09T00:28:24","date_gmt":"2025-09-09T00:28:24","guid":{"rendered":"https:\/\/www.europesays.com\/se\/25181\/"},"modified":"2025-09-09T00:28:24","modified_gmt":"2025-09-09T00:28:24","slug":"kyrkovalet-kvinnor-rostar-i-hog-grad-for-att-varna-demokratin","status":"publish","type":"post","link":"https:\/\/www.europesays.com\/se\/25181\/","title":{"rendered":"Kyrkovalet: Kvinnor r\u00f6star i h\u00f6g grad f\u00f6r att v\u00e4rna demokratin"},"content":{"rendered":"<p>\n                    Svenska kyrkans generalsekreterare Camilla Asp f\u00f6rklarade nyligen p\u00e5 en presstr\u00e4ff att 55 procent av kandidaterna till 2025 \u00e5rs kyrkoval utg\u00f6rs av kvinnor och att kvinnor i h\u00f6gre grad uppger att de r\u00f6star f\u00f6r att v\u00e4rna demokratiska r\u00e4ttigheter medan m\u00e4n i h\u00f6gre grad uppger intresse f\u00f6r politik som grund f\u00f6r sitt r\u00f6stande i kyrkovalet. Foto: Henrik Montgomery\/TT\n            <\/p>\n<p class=\"article__sublead\">M\u00e5ndagen den 8 september \u00f6ppnar f\u00f6rtidsr\u00f6stningen f\u00f6r kyrkovalet i Sverige. 55 procent av de valbara kandidaterna \u00e4r kvinnor. Kvinnor som r\u00f6star i kyrkovalet uppger i h\u00f6g grad att de g\u00f6r det f\u00f6r att v\u00e4rna demokratiska r\u00e4ttigheter.\u00a0<\/p>\n<p class=\"article__paragraph\">F\u00f6rtidsr\u00f6stningen som inleds m\u00e5ndagen den 8 september p\u00e5g\u00e5r fram till valdagen den 21 september. F\u00f6r att f\u00f6rtidsr\u00f6sta m\u00e5ste r\u00f6stkortet medtas liksom legitimation. Den som har r\u00f6str\u00e4tt i kyrkovalet b\u00f6r ha f\u00e5tt r\u00f6stkort skickat till sin folkbokf\u00f6ringsadress.<\/p>\n<p class=\"article__paragraph\">\u2013 Alla som vill r\u00f6sta ska kunna g\u00f6ra det. D\u00e4rf\u00f6r har vi satsat p\u00e5 att det ska finns m\u00e5nga olika tillf\u00e4llen och s\u00e4tt att delta i kyrkovalet, s\u00e4ger <strong>Nils Warmland<\/strong>, kyrkovalledare<a href=\"https:\/\/via.tt.se\/pressmeddelande\/4037517\/idag-borjar-fortidsrostningen-i-kyrkovalet?publisherId=1344892&amp;lang=sv\" rel=\"nofollow noopener\" target=\"_blank\"> i ett pressmeddelande<\/a>.<\/p>\n<p class=\"article__paragraph\">I kyrkovalet \u00e4r man r\u00f6stber\u00e4ttigad fr\u00e5n 16 \u00e5rs \u00e5lder. Ett \u00f6kat intresse f\u00f6r religion bland unga hoppas Svenska kyrkan ska \u00e5terspeglas i \u00e5rets valdeltagande, <a href=\"https:\/\/www.sverigesradio.se\/artikel\/ungas-intresse-for-religion-vacker-hopp-infor-kyrkovalet\" rel=\"nofollow noopener\" target=\"_blank\">rapporterar Sveriges radio p\u00e5 m\u00e5ndagen<\/a>. Samtidigt \u00e4r antalet r\u00f6stber\u00e4ttigade i \u00e5r f\u00e4rre \u00e4n n\u00e5gonsin, detta d\u00e5 Svenska kyrkans har allt f\u00e4rre medlemmar. <a href=\"https:\/\/www.svt.se\/nyheter\/lokalt\/jamtland\/allt-farre-far-rosta-i-kyrkovalet-harnosands-stift-tappar-mest\" rel=\"nofollow noopener\" target=\"_blank\">Enligt SVT Nyheter<\/a> har Svenska kyrkan knappt 21 procent f\u00e4rre r\u00f6stber\u00e4ttigade till \u00e5rets val i j\u00e4mf\u00f6relse med valet 2001.<\/p>\n<p>Kvinnor r\u00f6star f\u00f6r demokratiska r\u00e4ttigheter<\/p>\n<p class=\"article__paragraph\">Enligt en presstr\u00e4ff som Svenska kyrkan anordnade nyligen r\u00f6stade 18 procent av de r\u00f6stber\u00e4ttigade i f\u00f6rra valet<\/p>\n<p class=\"article__paragraph\">\u2013\u00a0 Cirka en miljon m\u00e4nniskor som r\u00f6star f\u00f6r att p\u00e5verka svenska kyrkan, vi har sett i media och i kyrkan att fler konfirmerar sig och att det fins ett st\u00f6rre intresse f\u00f6r Svenska kyrkan, inte minst bland unga under 16 \u00e5r, sade<strong> Camilla Asp<\/strong>, generalsekreterare Svenska kyrkan, d\u00e5.\u00a0<\/p>\n<p class=\"article__paragraph\">Hon f\u00f6rklarade att de r\u00f6stber\u00e4ttigade anger att det viktigaste sk\u00e4let att r\u00f6sta i kyrkovalet \u00e4r att v\u00e4rna demokratin och demokratiska r\u00e4ttigheter, vilket \u00e4r samma tendenser som har uppgetts i tidigare valunders\u00f6kningar. \u00a0<\/p>\n<p class=\"article__paragraph\">\u2013 Kvinnor r\u00f6star i h\u00f6gre grad f\u00f6r att v\u00e4rna demokratiska r\u00e4ttigheter, medan m\u00e4n i h\u00f6gre grad uppger intresse f\u00f6r politik, sade Camilla Asp som ocks\u00e5 f\u00f6rklarade att eftersom Svenska kyrkan har haft sv\u00e5rt att n\u00e5 ut till unga vuxna har man i \u00e5r g\u00e5tt ut med kampanjer och s\u00e4rskilt fokus p\u00e5 den gruppen:<\/p>\n<p class=\"article__paragraph\">\u2013 Bland annat g\u00e5r vi ut via Kivra till unga vuxna, liksom p\u00e5 Snapchat och Tiktok.<\/p>\n<p>25\u00a0000 kandidater st\u00e4ller upp<\/p>\n<p class=\"article__paragraph\">\u00c5rets kyrkoval \u00e4r det sjunde valet sedan \u00e5r 2000 d\u00e5 Svenska kyrkan separerades fr\u00e5n svenska staten. Till 2025 \u00e5rs val \u00e4r 4,7 miljoner r\u00f6stber\u00e4ttigade, av dessa \u00e4r 265 000 f\u00f6rstag\u00e5ngsv\u00e4ljare, som inte fick r\u00f6sta i f\u00f6rra valet p\u00e5 grund av att de inte hade \u00e5ldern inne. I \u00e5rets val f\u00e5r 64 730 sexton\u00e5ringar r\u00f6sta.<\/p>\n<p class=\"article__paragraph\">25 000 kandidater st\u00e4ller upp i valet och omkring 55 procent av de som kandiderar \u00e4r kvinnor, 45 procent m\u00e4n. Totalt finns det 546 nomineringsgrupper att r\u00f6sta p\u00e5, och sammanlagt ska 13 783 platser p\u00e5 tre niv\u00e5er, lokal, regional och nationell, tills\u00e4ttas.\u00a0<\/p>\n<p class=\"article__paragraph\">Tolv av nomineringsgrupperna har anm\u00e4lt listor till kyrkom\u00f6tet som \u00e4r Svenska kyrkans h\u00f6gsta beslutande organ. Bland dessa finns bland annat Alternativ f\u00f6r Sverige, De Gr\u00f6na i Svenska kyrkan, V\u00e4nstern i Svenska kyrkan, Arbetarepartiet \u2013 Socialdemokraterna, \u00d6ppen kyrka \u2013 en kyrka f\u00f6r alla och Sverigedemokrater i Svenska kyrkan.\u00a0<\/p>\n<p class=\"article__paragraph\">I en granskning av Sveriges radio <a href=\"https:\/\/www.sverigesradio.se\/artikel\/kokaintillslag-mot-kyrkokandidat-90-domda-pa-vallistorna\" rel=\"nofollow noopener\" target=\"_blank\">avsl\u00f6jade P4<\/a> att 90 av kandidaterna i kyrkovalet antingen \u00e4r nyligen d\u00f6mda eller misst\u00e4nkta f\u00f6r brott. Brotten i fr\u00e5ga g\u00e4llde bland annat grova narkotikabrott, penningtv\u00e4tt, vapenbrott med koppling till kriminella n\u00e4tverk, f\u00f6rskingring och brott kring dokumenterade sexuella \u00f6vergrepp p\u00e5 barn, s\u00e5 kallade barnpornografibrott.<\/p>\n<p class=\"article__paragraph\">En nyhet f\u00f6r \u00e5rets val \u00e4r att det p\u00e5 nationell niv\u00e5 nu finns en tr\u00f6skel p\u00e5 tv\u00e5 procent f\u00f6r att r\u00f6stas in. Den som beh\u00f6ver hj\u00e4lp eller assistans i en vallokal ska f\u00e5 det utan att beh\u00f6va motivera varf\u00f6r, samtidigt ska valhemligheten beh\u00e5llas.\u00a0<\/p>\n<p>Nytt r\u00f6stkort med bank-id<\/p>\n<p class=\"article__paragraph\">P\u00e5 valdagen kan valresultatet f\u00f6ljas p\u00e5 nationell niv\u00e5 i realtid. Klockan 22.00 p\u00e5 s\u00f6ndagen ber\u00e4knas ett prelimin\u00e4rt resultat presenteras. Det nyvalda kyrkom\u00f6tet kommer senare att samlas f\u00f6r f\u00f6rsta g\u00e5ngen den 19\u201320 november.<\/p>\n<p class=\"article__paragraph\">Den som r\u00f6star p\u00e5 valdagen ska bege sig till den vallokal som \u00e4r angiven p\u00e5 r\u00f6stkortet, men det \u00e4r inte n\u00f6dv\u00e4ndigt att ha med sig kortet till vallokalen, d\u00e4remot m\u00e5ste legitimation visas upp. Den som har tappat bort sitt r\u00f6stkort eller som inte har f\u00e5tt det hemskickat kan ladda ner ett nytt med hj\u00e4lp av bank-id, som sedan skrivs ut.\u00a0<\/p>\n<p class=\"article__paragraph\">Den som inte kan ta sig till vallokalen kan r\u00f6sta via bud. D\u00e5 ska r\u00f6sten l\u00e4mnas in i ett s\u00e4rskilt kuvert, och tv\u00e5 personer m\u00e5ste bevittna n\u00e4r den r\u00f6stande personen skriver under med sin namnteckning. N\u00e4r kuvertet l\u00e4mnas in ska budet kunna legitimera sig.\u00a0<\/p>\n<p class=\"article__paragraph\">F\u00f6r den som har r\u00f6str\u00e4tt men befinner sig utomlands kr\u00e4vs ett brevr\u00f6stningspaket som kan h\u00e4mtas p\u00e5 en f\u00f6rsamlingsexpedition. \u00c4ven h\u00e4r m\u00e5ste undertecknandet bevittnas av tv\u00e5 personer som ocks\u00e5 ska skriva under. Brevr\u00f6sten m\u00e5ste vara framme senast den 19 september f\u00f6r att r\u00e4knas.\u00a0<\/p>\n<p>Kyrkovalet<\/p>\n<p class=\"article__paragraph\">I kyrkovalet r\u00f6star du p\u00e5 tre niv\u00e5er, till kyrkofullm\u00e4ktige vilket inneb\u00e4r din f\u00f6rsamling, till stiftsfullm\u00e4ktige som utg\u00f6r regional niv\u00e5 och till kyrkom\u00f6tet som \u00e4r den nationella niv\u00e5n\u00a0<\/p>\n<p class=\"article__paragraph\"><a href=\"https:\/\/kandidatvisning.svenskakyrkan.se\/\" rel=\"nofollow noopener\" target=\"_blank\">P\u00e5 Svenska kyrkans hemsida kan du som vill veta vilka kandidater och partier<\/a> det g\u00e5r att r\u00f6sta p\u00e5 i valet skriva in postnummer i en s\u00f6kruta s\u00e5 kommer de som \u00e4r valbara f\u00f6r dig att visas.\u00a0<\/p>\n<p class=\"article__paragraph\">Totalt 546 nomineringsgrupper har anm\u00e4lt kandidatlistor i kyrkovalet. Av dessa har tolv grupper anm\u00e4lt listor till kyrkom\u00f6tet, som \u00e4r Svenska kyrkans h\u00f6gsta beslutande organ:<\/p>\n<ul>\n<li>Alternativ f\u00f6r Sverige<\/li>\n<li>Arbetarepartiet \u2013 Socialdemokraterna<\/li>\n<li>Borgerlig kristen samverkan<\/li>\n<li>Centerpartiet<\/li>\n<li>De Gr\u00f6na i Svenska kyrkan<\/li>\n<li>Fria liberaler i Svenska kyrkan<\/li>\n<li>Frimodig kyrka<\/li>\n<li>Himmel och Jord<\/li>\n<li>Partipolitiskt obundna i Svenska kyrkan<\/li>\n<li>Sverigedemokrater i Svenska kyrkan<\/li>\n<li>V\u00e4nstern i Svenska kyrkan<\/li>\n<li>\u00d6ppen kyrka \u2013 en kyrka f\u00f6r alla<\/li>\n<\/ul>\n<p class=\"article__paragraph\">Kyrkovalet 2025 \u00e4ger rum mellan den 8 och 21 september och Svenska kyrkan har omkring 5,4 miljoner medlemmar. Alla medlemmar som har fyllt 16 \u00e5r har r\u00e4tt att r\u00f6sta i valet.<\/p>\n<p class=\"article__paragraph\">I f\u00f6rra valet som h\u00f6lls 2021 r\u00f6stade omkring 18 procent av de r\u00f6stber\u00e4ttigade \u2013\u00a0 900 753. D\u00e5 var antalet nomineringsgrupper 602, och antalet kandidater 27\u00a0000.<\/p>\n","protected":false},"excerpt":{"rendered":"Svenska kyrkans generalsekreterare Camilla Asp f\u00f6rklarade nyligen p\u00e5 en presstr\u00e4ff att 55 procent av kandidaterna till 2025 \u00e5rs&hellip;\n","protected":false},"author":2,"featured_media":25182,"comment_status":"","ping_status":"","sticky":false,"template":"","format":"standard","meta":{"footnotes":""},"categories":[5],"tags":[22,23,1640,26,27,17,21,2978,24,25,28,29,15,16,18,34,31,2714,33,32,30,19,20],"class_list":{"0":"post-25181","1":"post","2":"type-post","3":"status-publish","4":"format-standard","5":"has-post-thumbnail","7":"category-rubriker","8":"tag-breaking-news","9":"tag-breakingnews","10":"tag-demokrati","11":"tag-featured-news","12":"tag-featurednews","13":"tag-headlines","14":"tag-huvudnyheter","15":"tag-kvinnor","16":"tag-latest-news","17":"tag-latestnews","18":"tag-main-news","19":"tag-mainnews","20":"tag-news","21":"tag-nyheter","22":"tag-rubriker","23":"tag-se","24":"tag-svenska","25":"tag-svenska-kyrkan","26":"tag-sverige","27":"tag-sweden","28":"tag-swedish","29":"tag-top-stories","30":"tag-topstories"},"share_on_mastodon":{"url":"","error":""},"_links":{"self":[{"href":"https:\/\/www.europesays.com\/se\/wp-json\/wp\/v2\/posts\/25181","targetHints":{"allow":["GET"]}}],"collection":[{"href":"https:\/\/www.europesays.com\/se\/wp-json\/wp\/v2\/posts"}],"about":[{"href":"https:\/\/www.europesays.com\/se\/wp-json\/wp\/v2\/types\/post"}],"author":[{"embeddable":true,"href":"https:\/\/www.europesays.com\/se\/wp-json\/wp\/v2\/users\/2"}],"replies":[{"embeddable":true,"href":"https:\/\/www.europesays.com\/se\/wp-json\/wp\/v2\/comments?post=25181"}],"version-history":[{"count":0,"href":"https:\/\/www.europesays.com\/se\/wp-json\/wp\/v2\/posts\/25181\/revisions"}],"wp:featuredmedia":[{"embeddable":true,"href":"https:\/\/www.europesays.com\/se\/wp-json\/wp\/v2\/media\/25182"}],"wp:attachment":[{"href":"https:\/\/www.europesays.com\/se\/wp-json\/wp\/v2\/media?parent=25181"}],"wp:term":[{"taxonomy":"category","embeddable":true,"href":"https:\/\/www.europesays.com\/se\/wp-json\/wp\/v2\/categories?post=25181"},{"taxonomy":"post_tag","embeddable":true,"href":"https:\/\/www.europesays.com\/se\/wp-json\/wp\/v2\/tags?post=25181"}],"curies":[{"name":"wp","href":"https:\/\/api.w.org\/{rel}","templated":true}]}}