{"id":25223,"date":"2025-09-09T03:27:15","date_gmt":"2025-09-09T03:27:15","guid":{"rendered":"https:\/\/www.europesays.com\/se\/25223\/"},"modified":"2025-09-09T03:27:15","modified_gmt":"2025-09-09T03:27:15","slug":"pa-tv-ikvall-alexander-skarsgard-moter-filmhistoriens-storsta-monster-i-succen-fran-2021","status":"publish","type":"post","link":"https:\/\/www.europesays.com\/se\/25223\/","title":{"rendered":"P\u00e5 tv ikv\u00e4ll: Alexander Skarsg\u00e5rd m\u00f6ter filmhistoriens st\u00f6rsta monster i succ\u00e9n fr\u00e5n 2021"},"content":{"rendered":"<p>I \u201d<strong>Godzilla vs Kong<\/strong>\u201d fr\u00e5n 2021 fick vi f\u00f6r f\u00f6rsta g\u00e5ngen se tv\u00e5 av Hollywoods mest ikoniska j\u00e4ttemonster \u00f6ga mot \u00f6ga: gigantiska \u00f6dlan <strong>Godzilla<\/strong> och megaprimaten <strong>King Kong<\/strong> skulle g\u00f6ra upp. Filmen utspelar sig i \u201dThe Monsterverse\u201d, det gemensamma universum som byggts upp kring just Godzilla och Kong. <\/p>\n<p>\u201dGodzilla vs Kong\u201d \u00e4r kanske inte den sortens film man ser f\u00f6r ber\u00e4ttelsens skull, utan mer f\u00f6r att det \u00e4r kul att se Godzilla och Kong sl\u00e5 varandra i huvudet med skyskrapor. Men n\u00e5got slags f\u00f6rs\u00f6k till handling finns det \u00e4nd\u00e5: organisationen Monarch f\u00f6rs\u00f6ker hitta en energik\u00e4lla i the Hollow Earth, alla j\u00e4ttemonsters mystiska hemvist. De anv\u00e4nder Kong f\u00f6r att ta sig dit, vilket leder still en strid mot Godzilla. <\/p>\n<p>M\u00e4nniskorna i filmen \u00e4r i vanlig ordning den mindre utvecklade biten: huvudnumret \u00e4r de tv\u00e5 datoranimerade titanerna i titeln. Men det \u00e4r \u00e4nd\u00e5 lite kul att <strong>Alexander Skarsg\u00e5rd <\/strong>g\u00f6r den m\u00e4nskliga huvudrollen i filmen, som forskaren Nathan Lind. <\/p>\n<p><img loading=\"lazy\" height=\"365\" width=\"648\" class=\"wp-image-700505 sp-no-webp perfmatters-lazy\" alt=\"\" decoding=\"async\" style=\"width:840px;height:auto\" src=\"https:\/\/www.europesays.com\/se\/wp-content\/uploads\/2025\/09\/Brody-GodzillaVsKong-648x365.webp.webp\"  data-\/> \u201dNu tusan ska du f\u00e5 p\u00e5 k\u00e4ften, din fula \u00f6dla!\u201d<\/p>\n<p>\u201dGodzilla vs Kong\u201d sl\u00e4pptes mitt under Coronapandemin, och lyckades trots det g\u00e5 hyfsat starkt p\u00e5 biograferna, med 470 miljoner dollar v\u00e4rlden \u00f6ver. Givet pandemin och restriktionernas p\u00e5verkan p\u00e5 biograferna f\u00e5r det betraktas som en rej\u00e4l succ\u00e9.<\/p>\n<p>H\u00e4r p\u00e5 MovieZine fick \u201dGodzilla vs Kong\u201d <a href=\"https:\/\/www.moviezine.se\/recensioner\/vralsnygga-strider-nar-giganterna-mots\" rel=\"nofollow noopener\" target=\"_blank\">3\/5 i betyg<\/a> av chefredakt\u00f6r Alexander Kardelo, som ans\u00e5g att filmen bj\u00f6d p\u00e5 snygg action men platt story och papperstunna karakt\u00e4rer. Precis som man v\u00e4ntar sig allts\u00e5. Med det sagt kan det vara sk\u00f6nt att st\u00e4nga av hj\u00e4rnan en stund en vardagskv\u00e4ll, och just d\u00e4rf\u00f6r \u00e4r det kanske lockande att se \u201dGodzilla vs Kong\u201d klockan 22:00 ikv\u00e4ll, tisdag den 9 september. Den finns ocks\u00e5 att hyra eller k\u00f6pa p\u00e5 Viaplay eller SF Anytime. <\/p>\n<p><img loading=\"lazy\" decoding=\"async\" alt=\"YouTube video\" width=\"480\" height=\"360\" data-pin-nopin=\"true\" nopin=\"nopin\" class=\"perfmatters-lazy\" src=\"https:\/\/www.europesays.com\/se\/wp-content\/uploads\/2025\/09\/1757388435_195_hqdefault.jpg\"\/><\/p>\n<p>L\u00e4s ocks\u00e5: <a href=\"https:\/\/www.moviezine.se\/nyheter\/jurassic-park-veteranen-i-ny-storfilm-far-mota-godzilla\" title=\"\u201dJurassic Park\u201d-veteranen i ny storfilm \u2013 f\u00e5r m\u00f6ta Godzilla\" class=\"underline-custom !font-montserrat !font-bold !underline-offset-4 !decoration-4 !decoration-moviezine-green !text-md\" rel=\"nofollow noopener\" target=\"_blank\">\u201dJurassic Park\u201d-veteranen i ny storfilm \u2013 f\u00e5r m\u00f6ta Godzilla<\/a><\/p>\n<p>L\u00e4s ocks\u00e5: <a href=\"https:\/\/www.moviezine.se\/nyheter\/alexander-skarsgard-om-sin-tidiga-hollywood-karriar-jag-grat-i-duschen\" title=\"Alexander Skarsg\u00e5rd om sin tidiga Hollywood-karri\u00e4r: \u201dJag gr\u00e4t i duschen\u201d\" class=\"underline-custom !font-montserrat !font-bold !underline-offset-4 !decoration-4 !decoration-moviezine-green !text-md\" rel=\"nofollow noopener\" target=\"_blank\">Alexander Skarsg\u00e5rd om sin tidiga Hollywood-karri\u00e4r: \u201dJag gr\u00e4t i duschen\u201d<\/a><\/p>\n","protected":false},"excerpt":{"rendered":"I \u201dGodzilla vs Kong\u201d fr\u00e5n 2021 fick vi f\u00f6r f\u00f6rsta g\u00e5ngen se tv\u00e5 av Hollywoods mest ikoniska j\u00e4ttemonster&hellip;\n","protected":false},"author":2,"featured_media":25224,"comment_status":"","ping_status":"","sticky":false,"template":"","format":"standard","meta":{"footnotes":""},"categories":[67],"tags":[104,34,31,33,32,30,2768,105],"class_list":{"0":"post-25223","1":"post","2":"type-post","3":"status-publish","4":"format-standard","5":"has-post-thumbnail","7":"category-underhallning","8":"tag-entertainment","9":"tag-se","10":"tag-svenska","11":"tag-sverige","12":"tag-sweden","13":"tag-swedish","14":"tag-tv-tips","15":"tag-underhallning"},"share_on_mastodon":{"url":"","error":""},"_links":{"self":[{"href":"https:\/\/www.europesays.com\/se\/wp-json\/wp\/v2\/posts\/25223","targetHints":{"allow":["GET"]}}],"collection":[{"href":"https:\/\/www.europesays.com\/se\/wp-json\/wp\/v2\/posts"}],"about":[{"href":"https:\/\/www.europesays.com\/se\/wp-json\/wp\/v2\/types\/post"}],"author":[{"embeddable":true,"href":"https:\/\/www.europesays.com\/se\/wp-json\/wp\/v2\/users\/2"}],"replies":[{"embeddable":true,"href":"https:\/\/www.europesays.com\/se\/wp-json\/wp\/v2\/comments?post=25223"}],"version-history":[{"count":0,"href":"https:\/\/www.europesays.com\/se\/wp-json\/wp\/v2\/posts\/25223\/revisions"}],"wp:featuredmedia":[{"embeddable":true,"href":"https:\/\/www.europesays.com\/se\/wp-json\/wp\/v2\/media\/25224"}],"wp:attachment":[{"href":"https:\/\/www.europesays.com\/se\/wp-json\/wp\/v2\/media?parent=25223"}],"wp:term":[{"taxonomy":"category","embeddable":true,"href":"https:\/\/www.europesays.com\/se\/wp-json\/wp\/v2\/categories?post=25223"},{"taxonomy":"post_tag","embeddable":true,"href":"https:\/\/www.europesays.com\/se\/wp-json\/wp\/v2\/tags?post=25223"}],"curies":[{"name":"wp","href":"https:\/\/api.w.org\/{rel}","templated":true}]}}