{"id":25315,"date":"2025-09-09T06:07:17","date_gmt":"2025-09-09T06:07:17","guid":{"rendered":"https:\/\/www.europesays.com\/se\/25315\/"},"modified":"2025-09-09T06:07:17","modified_gmt":"2025-09-09T06:07:17","slug":"ballistisk-robot-anvandes-vid-ryska-attacken-mot-kyiv","status":"publish","type":"post","link":"https:\/\/www.europesays.com\/se\/25315\/","title":{"rendered":"Ballistisk robot anv\u00e4ndes vid ryska attacken mot Kyiv"},"content":{"rendered":"<p>En ballistisk Iskander-robot anv\u00e4ndes vid attacken mot regeringskansliet i Kyiv i s\u00f6ndags. Det uppger den ukrainske stabschefen Andrij Jermak, enligt AFP. <\/p>\n<p>Ett omr\u00e5de p\u00e5 mellan 800 och 900 kvadratmeter f\u00f6rst\u00f6rdes. Enligt EU:s ambassad\u00f6r Katarina Mathernova som bes\u00f6kte platsen p\u00e5 m\u00e5ndagen blev inte hela byggnaden totalf\u00f6rst\u00f6rd bara tack vare att \u201droboten inte kunde detonera helt och h\u00e5llet\u201d, s\u00e4ger hon. <\/p>\n<p>S\u00f6ndagens attack som d\u00f6dade flera personer beskrivs av det ukrainska flygvapnet som den st\u00f6rsta sedan krigets b\u00f6rjan, enligt BBC. Det var f\u00f6rsta g\u00e5ngen som regeringsbyggnaden skadades. <\/p>\n<p>Omni \u00e4r politiskt obundna och oberoende. Vi str\u00e4var efter att ge fler perspektiv p\u00e5 nyheterna. Har du fr\u00e5gor eller synpunkter kring v\u00e5r rapportering? <a href=\"https:\/\/omni.se\/ballistisk-robot-anvandes-vid-ryska-attacken-mot-kyiv\/a\/mailto:redaktion@omni.se\" class=\"ArticleActions_contactLink__W2F1M\" rel=\"nofollow noopener\" target=\"_blank\">Kontakta redaktionen<\/a><\/p>\n","protected":false},"excerpt":{"rendered":"En ballistisk Iskander-robot anv\u00e4ndes vid attacken mot regeringskansliet i Kyiv i s\u00f6ndags. Det uppger den ukrainske stabschefen Andrij&hellip;\n","protected":false},"author":2,"featured_media":25316,"comment_status":"","ping_status":"","sticky":false,"template":"","format":"standard","meta":{"footnotes":""},"categories":[5],"tags":[22,23,267,26,27,17,21,24,25,28,29,15,16,18,269,264,34,31,33,32,30,19,20,263],"class_list":{"0":"post-25315","1":"post","2":"type-post","3":"status-publish","4":"format-standard","5":"has-post-thumbnail","7":"category-rubriker","8":"tag-breaking-news","9":"tag-breakingnews","10":"tag-europa","11":"tag-featured-news","12":"tag-featurednews","13":"tag-headlines","14":"tag-huvudnyheter","15":"tag-latest-news","16":"tag-latestnews","17":"tag-main-news","18":"tag-mainnews","19":"tag-news","20":"tag-nyheter","21":"tag-rubriker","22":"tag-ryska-invasionen","23":"tag-ryssland","24":"tag-se","25":"tag-svenska","26":"tag-sverige","27":"tag-sweden","28":"tag-swedish","29":"tag-top-stories","30":"tag-topstories","31":"tag-ukraina"},"share_on_mastodon":{"url":"","error":""},"_links":{"self":[{"href":"https:\/\/www.europesays.com\/se\/wp-json\/wp\/v2\/posts\/25315","targetHints":{"allow":["GET"]}}],"collection":[{"href":"https:\/\/www.europesays.com\/se\/wp-json\/wp\/v2\/posts"}],"about":[{"href":"https:\/\/www.europesays.com\/se\/wp-json\/wp\/v2\/types\/post"}],"author":[{"embeddable":true,"href":"https:\/\/www.europesays.com\/se\/wp-json\/wp\/v2\/users\/2"}],"replies":[{"embeddable":true,"href":"https:\/\/www.europesays.com\/se\/wp-json\/wp\/v2\/comments?post=25315"}],"version-history":[{"count":0,"href":"https:\/\/www.europesays.com\/se\/wp-json\/wp\/v2\/posts\/25315\/revisions"}],"wp:featuredmedia":[{"embeddable":true,"href":"https:\/\/www.europesays.com\/se\/wp-json\/wp\/v2\/media\/25316"}],"wp:attachment":[{"href":"https:\/\/www.europesays.com\/se\/wp-json\/wp\/v2\/media?parent=25315"}],"wp:term":[{"taxonomy":"category","embeddable":true,"href":"https:\/\/www.europesays.com\/se\/wp-json\/wp\/v2\/categories?post=25315"},{"taxonomy":"post_tag","embeddable":true,"href":"https:\/\/www.europesays.com\/se\/wp-json\/wp\/v2\/tags?post=25315"}],"curies":[{"name":"wp","href":"https:\/\/api.w.org\/{rel}","templated":true}]}}