{"id":25353,"date":"2025-09-09T07:01:08","date_gmt":"2025-09-09T07:01:08","guid":{"rendered":"https:\/\/www.europesays.com\/se\/25353\/"},"modified":"2025-09-09T07:01:08","modified_gmt":"2025-09-09T07:01:08","slug":"falsk-varning-om-lejon-pa-rymmen-i-centrala-boras","status":"publish","type":"post","link":"https:\/\/www.europesays.com\/se\/25353\/","title":{"rendered":"Falsk varning om lejon p\u00e5 rymmen i centrala Bor\u00e5s"},"content":{"rendered":"<p>Ett falskt sms som varnar f\u00f6r att flera lejon \u00e4r p\u00e5 rymmen fr\u00e5n Bor\u00e5s djurpark och r\u00f6r sig i centrala staden har under natten n\u00e5tt ett mindre antal personer, skriver GP. Meddelandet ser ut att komma fr\u00e5n djurparken, men uppgifterna \u00e4r inte sanna. <\/p>\n<p>\u2013 Vi har varit i kontakt med MSB och SOS Alarm och det finns ingen substans i meddelandet, s\u00e4ger Morten Gunneng, vakthavande bef\u00e4l hos polisen.<\/p>\n<p>MSB arbetar med att st\u00e4nga ner anv\u00e4ndaren som ligger bakom.<\/p>\n<p>Omni \u00e4r politiskt obundna och oberoende. Vi str\u00e4var efter att ge fler perspektiv p\u00e5 nyheterna. Har du fr\u00e5gor eller synpunkter kring v\u00e5r rapportering? <a href=\"https:\/\/omni.se\/falsk-varning-om-lejon-pa-rymmen-i-centrala-boras\/a\/mailto:redaktion@omni.se\" class=\"ArticleActions_contactLink__W2F1M\" rel=\"nofollow noopener\" target=\"_blank\">Kontakta redaktionen<\/a><\/p>\n","protected":false},"excerpt":{"rendered":"Ett falskt sms som varnar f\u00f6r att flera lejon \u00e4r p\u00e5 rymmen fr\u00e5n Bor\u00e5s djurpark och r\u00f6r sig&hellip;\n","protected":false},"author":2,"featured_media":25354,"comment_status":"","ping_status":"","sticky":false,"template":"","format":"standard","meta":{"footnotes":"","_share_on_mastodon":"0"},"categories":[14],"tags":[3002,22,23,128,26,27,17,21,24,25,28,29,15,16,18,34,31,33,32,30,19,20,51,1084,52,53,54],"class_list":["post-25353","post","type-post","status-publish","format-standard","has-post-thumbnail","category-varlden","tag-boras","tag-breaking-news","tag-breakingnews","tag-brott","tag-featured-news","tag-featurednews","tag-headlines","tag-huvudnyheter","tag-latest-news","tag-latestnews","tag-main-news","tag-mainnews","tag-news","tag-nyheter","tag-rubriker","tag-se","tag-svenska","tag-sverige","tag-sweden","tag-swedish","tag-top-stories","tag-topstories","tag-varlden","tag-vastra-gotalands-lan","tag-world","tag-world-news","tag-worldnews"],"share_on_mastodon":{"url":"","error":""},"_links":{"self":[{"href":"https:\/\/www.europesays.com\/se\/wp-json\/wp\/v2\/posts\/25353","targetHints":{"allow":["GET"]}}],"collection":[{"href":"https:\/\/www.europesays.com\/se\/wp-json\/wp\/v2\/posts"}],"about":[{"href":"https:\/\/www.europesays.com\/se\/wp-json\/wp\/v2\/types\/post"}],"author":[{"embeddable":true,"href":"https:\/\/www.europesays.com\/se\/wp-json\/wp\/v2\/users\/2"}],"replies":[{"embeddable":true,"href":"https:\/\/www.europesays.com\/se\/wp-json\/wp\/v2\/comments?post=25353"}],"version-history":[{"count":0,"href":"https:\/\/www.europesays.com\/se\/wp-json\/wp\/v2\/posts\/25353\/revisions"}],"wp:featuredmedia":[{"embeddable":true,"href":"https:\/\/www.europesays.com\/se\/wp-json\/wp\/v2\/media\/25354"}],"wp:attachment":[{"href":"https:\/\/www.europesays.com\/se\/wp-json\/wp\/v2\/media?parent=25353"}],"wp:term":[{"taxonomy":"category","embeddable":true,"href":"https:\/\/www.europesays.com\/se\/wp-json\/wp\/v2\/categories?post=25353"},{"taxonomy":"post_tag","embeddable":true,"href":"https:\/\/www.europesays.com\/se\/wp-json\/wp\/v2\/tags?post=25353"}],"curies":[{"name":"wp","href":"https:\/\/api.w.org\/{rel}","templated":true}]}}