{"id":25365,"date":"2025-09-09T07:10:10","date_gmt":"2025-09-09T07:10:10","guid":{"rendered":"https:\/\/www.europesays.com\/se\/25365\/"},"modified":"2025-09-09T07:10:10","modified_gmt":"2025-09-09T07:10:10","slug":"vad-visste-strandhall-oms-kvinnors-menskontroll-linda-jerneck","status":"publish","type":"post","link":"https:\/\/www.europesays.com\/se\/25365\/","title":{"rendered":"Vad visste Strandh\u00e4ll om\nS-kvinnors menskontroll? | Linda Jerneck"},"content":{"rendered":"<p>Linda Jerneck<\/p>\n<p>Publicerad 9 sep 2025 kl 05.00<\/p>\n<p>Kanslichefens kontrollbehov p\u00e5st\u00e5s vara s\u00e5 stort att hon vill veta n\u00e4r de anst\u00e4llda har mens.\u00a0<\/p>\n<p>N\u00e5gonting \u00e4r ruttet inom Annika Strandh\u00e4lls S-kvinnor.<\/p>\n<p><img   alt=\"\"\/><\/p>\n<p>Annika Strandh\u00e4ll \u00e4r ordf\u00f6rande f\u00f6r S-kvinnor. Nu larmas om otrygg arbetsmilj\u00f6.<\/p>\n<p>Foto: MAJA SUSLIN\/TT \/ TT NYHETSBYR\u00c5N<\/p>\n<p>\u00d6ppna bild i helsk\u00e4rm<img   alt=\"\"\/>Linda Jerneck<\/p>\n<p>Vittnesm\u00e5len \u00e4r mardr\u00f6mslika:\u00a0<\/p>\n<p>\u201dFolk f\u00e5r s\u00e5 mycket sk\u00e4ll att de gr\u00e5ter.\u201d\u00a0<\/p>\n<p>\u201dHon har skrikit p\u00e5 mig att jag \u00e4r dum i huvudet, hysterisk och f\u00f6rvr\u00e4nger saker.\u201d\u00a0<\/p>\n<p>\u201dHon vill att vi ber\u00e4ttar n\u00e4r vi har v\u00e5r mens, f\u00f6r att s\u00e4kerst\u00e4lla att vi inte ljuger och skyller p\u00e5 menssm\u00e4rtor f\u00f6r att f\u00e5 [jobba] hemma.\u201d<\/p>\n<p><strong>Det l\u00e5ter som scener fr\u00e5n en kinesisk sweatshop. Men det handlar om S-kvinnors kansli p\u00e5 Sveav\u00e4gen 68. Fyra nuvarande och tidigare anst\u00e4llda larmar i <\/strong><a href=\"https:\/\/www.expressen.se\/nyheter\/politik\/larmet-inifran-s-kvinnor-otrygg-arbetsmiljo-\/\" rel=\"nofollow noopener\" target=\"_blank\"><strong>Expressen<\/strong><\/a><strong> om att missf\u00f6rh\u00e5llanden har p\u00e5g\u00e5tt i \u00e5ratal.<\/strong><\/p>\n<p>F\u00f6rbundssekreteraren Nina Unesi leder kansliets arbete. Det \u00e4r hon som p\u00e5st\u00e5s ha skrikit p\u00e5 anst\u00e4llda och uppges ha velat kontrollera mejl och menscykler.\u00a0<\/p>\n<p>Unesi har inte bem\u00f6tt de specifika anklagelserna, men skriver i ett sms:<\/p>\n<p>\u201dJag kanske inte visar det tillr\u00e4ckligt mycket eller ofta, men jag \u00e4r otroligt stolt \u00f6ver mina medarbetare och det som vi g\u00f6r p\u00e5 kansliet. Det vill jag ska bli tydligare f\u00f6r dem i forts\u00e4ttningen\u201d.\u00a0<\/p>\n<p>Hur har missf\u00f6rh\u00e5llandena kunnat f\u00e5 fortg\u00e5, mitt i arbetarr\u00f6relsens hj\u00e4rta och d\u00e4rtill i den organisation som ska sl\u00e5ss f\u00f6r kvinnors r\u00e4ttigheter?<\/p>\n<blockquote><p>Varf\u00f6r visar hon inte samma omsorg om sin egen personal, som f\u00f6r sjuksyrrorna p\u00e5 Danderyd?<\/p><\/blockquote>\n<p>Annika Strandh\u00e4ll \u00e4r ordf\u00f6rande f\u00f6r Socialdemokraternas kvinnof\u00f6rbund, och den som \u00e4r h\u00f6gst ansvarig f\u00f6r verksamheten. Hon och Nina Unesi valdes till sina poster samtidigt, h\u00f6sten 2021.\u00a0<\/p>\n<p><strong>Varningar om Unesis ledarskap ska enligt uppgifter till Expressen ha framf\u00f6rts till f\u00f6rbundsstyrelsen under flera \u00e5rs tid \u2013 inte minst inf\u00f6r att hon skulle v\u00e4ljas om vid kongressen 2023. Men det dr\u00f6jde \u00e4nda till f\u00f6rra h\u00f6sten innan styrelsen och Annika Strandh\u00e4ll agerade. D\u00e5 tog man in en HR-strateg.<\/strong><\/p>\n<p>Strandh\u00e4ll \u00e4r inte vilken avdankad minister som helst. Hon har jobbat med arbetsmilj\u00f6fr\u00e5gor i decennier.\u00a0<\/p>\n<p>Innan Stefan L\u00f6fven uts\u00e5g henne till socialf\u00f6rs\u00e4kringsminister var Strandh\u00e4ll chef f\u00f6r fackf\u00f6rbundet Vision. Hon satt ocks\u00e5 i alliansregeringens delegation f\u00f6r j\u00e4mst\u00e4lldhet i arbetslivet.\u00a0<\/p>\n<p>Arbetsmilj\u00f6n p\u00e5 kvinnodominerade arbetsplatser \u00e4r en hj\u00e4rtefr\u00e5ga. Som i augusti 2018, n\u00e4r Strandh\u00e4ll var socialminister:<\/p>\n<p>\u201dDet \u00e4r viktigt f\u00f6r mig att lyssna p\u00e5 dem som arbetar p\u00e5 golvet [&#8230;] Det \u00e4r en oacceptabel arbetsmilj\u00f6 med en personal som ger allt de kan och g\u00e5r p\u00e5 kn\u00e4na,\u201d <a href=\"https:\/\/www.aftonbladet.se\/nyheter\/a\/7lAvd8\/strandhall-om-krisen-pa-danderyds-akut-fullstandigt-oacceptabel\" rel=\"nofollow noopener\" target=\"_blank\">sa<\/a> hon<strong> <\/strong>under ett bes\u00f6k p\u00e5 Danderyds sjukhus.\u00a0<\/p>\n<p><strong>Varf\u00f6r visar hon inte samma omsorg om sin egen personal, som f\u00f6r sjuksyrrorna p\u00e5 Danderyd? Inte kan v\u00e4l engagemanget ha handlat om att det var valr\u00f6relse, och att region Stockholm styrdes av de borgerliga?<\/strong><\/p>\n<p>P\u00e5 det egna kontoret verkar Strandh\u00e4ll inte bara lyssnat d\u00e5ligt, hon verkar ha valt att blunda. Att Nina Unesi sitter kvar, och nyss blev omvald, skyller Strandh\u00e4ll p\u00e5 valberedningen.<\/p>\n<p>Annons<\/p>\n<p>Jag vet inte hur det funkar i <a href=\"https:\/\/www.expressen.se\/tagg\/organization\/s-kvinnor\/\" class=\"\" rel=\"nofollow noopener\" target=\"_blank\">S-kvinnor<\/a>. Men det brukliga i politiska organisationer \u00e4r att sekreterare och ordf\u00f6rande \u00e4r ett radarpar. Den ena \u00e4r h\u00f6gsta tj\u00e4nsteman, den andra h\u00f6gst ansvarig politiker. Att de kan samarbeta \u00e4r viktigt \u2013 och valberedningar brukar vara m\u00e5na om att f\u00f6resl\u00e5 den kandidat som ordf\u00f6randen vill ha.\u00a0<\/p>\n<p>Mellan kongresserna \u00e4r det dessutom styrelsen som har ansvaret och det \u00e4r Strandh\u00e4ll som leder den.\u00a0<\/p>\n<p><strong>Som minister <\/strong><a href=\"https:\/\/arbetet.se\/2019\/06\/24\/strandhall-valdigt-manga-arbetsgivare-tar-inte-sitt-ansvar\/\" rel=\"nofollow noopener\" target=\"_blank\"><strong>dr\u00f6mde<\/strong><\/a><strong> Annika Strandh\u00e4ll om att ut\u00f6ka arbetsgivarens ansvar f\u00f6r sjukskrivna medarbetare. Som chef verkar hon osugen att ta s\u00e4rskilt mycket ansvar alls.<\/strong><\/p>\n<p>Linda Jerneck \u00e4r bitr\u00e4dande politisk redakt\u00f6r p\u00e5 Expressen. L\u00e4s fler av hennes texter <a href=\"https:\/\/www.expressen.se\/av\/linda-jerneck\/\" rel=\"nofollow noopener\" target=\"_blank\">h\u00e4r<\/a>.<\/p>\n<p><strong>L\u00c4S MER: <\/strong><a href=\"https:\/\/www.expressen.se\/ledare\/linda-jerneck\/vad-ar-det-strandhall--inte-berattar-for-oss\/\" class=\"\" rel=\"nofollow noopener\" target=\"_blank\">Vad \u00e4r det Strandh\u00e4ll  inte ber\u00e4ttar f\u00f6r oss?<\/a><strong>L\u00c4S MER: <\/strong><a href=\"https:\/\/www.expressen.se\/ledare\/vad-ar-det-annika-strandhall-vill-dolja\/\" class=\"\" rel=\"nofollow noopener\" target=\"_blank\">Vad \u00e4r det Annika Strandh\u00e4ll vill d\u00f6lja?<\/a><\/p>\n","protected":false},"excerpt":{"rendered":"Linda Jerneck Publicerad 9 sep 2025 kl 05.00 Kanslichefens kontrollbehov p\u00e5st\u00e5s vara s\u00e5 stort att hon vill veta&hellip;\n","protected":false},"author":2,"featured_media":25366,"comment_status":"","ping_status":"","sticky":false,"template":"","format":"standard","meta":{"footnotes":""},"categories":[12],"tags":[22,23,26,27,17,21,24,25,28,29,15,16,2906,2451,18,34,36,31,33,32,30,19,2589,20],"class_list":{"0":"post-25365","1":"post","2":"type-post","3":"status-publish","4":"format-standard","5":"has-post-thumbnail","7":"category-sverige","8":"tag-breaking-news","9":"tag-breakingnews","10":"tag-featured-news","11":"tag-featurednews","12":"tag-headlines","13":"tag-huvudnyheter","14":"tag-latest-news","15":"tag-latestnews","16":"tag-main-news","17":"tag-mainnews","18":"tag-news","19":"tag-nyheter","20":"tag-organization-s-kvinnor","21":"tag-person-annika-strandhall","22":"tag-rubriker","23":"tag-se","24":"tag-sections-lindajerneck","25":"tag-svenska","26":"tag-sverige","27":"tag-sweden","28":"tag-swedish","29":"tag-top-stories","30":"tag-topic-arbetsmiljo","31":"tag-topstories"},"share_on_mastodon":{"url":"","error":""},"_links":{"self":[{"href":"https:\/\/www.europesays.com\/se\/wp-json\/wp\/v2\/posts\/25365","targetHints":{"allow":["GET"]}}],"collection":[{"href":"https:\/\/www.europesays.com\/se\/wp-json\/wp\/v2\/posts"}],"about":[{"href":"https:\/\/www.europesays.com\/se\/wp-json\/wp\/v2\/types\/post"}],"author":[{"embeddable":true,"href":"https:\/\/www.europesays.com\/se\/wp-json\/wp\/v2\/users\/2"}],"replies":[{"embeddable":true,"href":"https:\/\/www.europesays.com\/se\/wp-json\/wp\/v2\/comments?post=25365"}],"version-history":[{"count":0,"href":"https:\/\/www.europesays.com\/se\/wp-json\/wp\/v2\/posts\/25365\/revisions"}],"wp:featuredmedia":[{"embeddable":true,"href":"https:\/\/www.europesays.com\/se\/wp-json\/wp\/v2\/media\/25366"}],"wp:attachment":[{"href":"https:\/\/www.europesays.com\/se\/wp-json\/wp\/v2\/media?parent=25365"}],"wp:term":[{"taxonomy":"category","embeddable":true,"href":"https:\/\/www.europesays.com\/se\/wp-json\/wp\/v2\/categories?post=25365"},{"taxonomy":"post_tag","embeddable":true,"href":"https:\/\/www.europesays.com\/se\/wp-json\/wp\/v2\/tags?post=25365"}],"curies":[{"name":"wp","href":"https:\/\/api.w.org\/{rel}","templated":true}]}}