{"id":253818,"date":"2026-05-23T01:11:13","date_gmt":"2026-05-23T01:11:13","guid":{"rendered":"https:\/\/www.europesays.com\/se\/253818\/"},"modified":"2026-05-23T01:11:13","modified_gmt":"2026-05-23T01:11:13","slug":"buss-och-bil-i-krock-pa-vag-17-i-landskrona-allvarlig-olycka","status":"publish","type":"post","link":"https:\/\/www.europesays.com\/se\/253818\/","title":{"rendered":"Buss och bil i krock p\u00e5 v\u00e4g 17 i Landskrona: \u201dAllvarlig olycka\u201d"},"content":{"rendered":"<p>Uppdaterad 23 maj 2026 kl 01.36Publicerad 22 maj 2026 kl 22.20<\/p>\n<p>En regionalbuss och personbil har frontalkrockat \u00f6ster om Landskrona.\u00a0<\/p>\n<p>En person har d\u00f6tt och sju personer har f\u00f6rts till sjukhus. En person \u00e4r sv\u00e5rt skadad.<\/p>\n<p>\u2013 Det \u00e4r en allvarlig trafikolycka, s\u00e4ger Patric Fors p\u00e5 polisen i Syd.<\/p>\n<p>Senaste nyhetsklippen fr\u00e5n Expressen.<img   alt=\"\"\/><\/p>\n<p>Flera personer har skadats i bussolyckan.<\/p>\n<p>Foto: Mikael Nilsson\/SBM<\/p>\n<p>\u00d6ppna bild i helsk\u00e4rm<\/p>\n<p>Vid 21-tiden p\u00e5 fredagskv\u00e4llen larmades polis och ambulans om den allvarliga frontalkrocken p\u00e5 v\u00e4g 17.\u00a0<\/p>\n<p>En regionalbuss och en personbil frontalkrockade. Totalt var elva personer inblandade i olyckan.\u00a0<\/p>\n<p>En man i 40-\u00e5rs\u00e5ldern som f\u00e4rdades i personbilen har d\u00f6tt. Anh\u00f6riga har underr\u00e4ttats.\u00a0<\/p>\n<p>Allvarligt skadad<\/p>\n<p>Sju personer har f\u00f6rts till sjukhus med ambulans. En man i 60-\u00e5rs\u00e5ldern \u00e4r allvarligt skadad.<\/p>\n<p>Tre av personerna, varav en \u00e4r en pojke i tidiga ton\u00e5ren, fick lindriga skador. Skadel\u00e4get p\u00e5 de \u00f6vriga personerna \u00e4r oklart.<\/p>\n<p>Enligt polisen \u00e4r det framf\u00f6r allt passagerare ombord p\u00e5 bussen som har skadats.\u00a0<\/p>\n<p>\u2013 De f\u00f6rs till olika sjukhus, s\u00e4ger Patric Fors p\u00e5 polisen i Syd.<\/p>\n<p>I samband med kollisionen b\u00f6rjade personbilen att brinna.<\/p>\n<p>Sk\u00e5netrafikens buss<\/p>\n<p>Det \u00e4r en av Sk\u00e5netrafikens regionalbussar som drivs av Nobina som har drabbats.\u00a0<\/p>\n<p>\u2013 Vi har varit i kontakt med dem (Nobina, reds.anm) och trafikledning, s\u00e4ger Soheil Alvandi, presstalesperson p\u00e5 Sk\u00e5netrafiken.\u00a0<\/p>\n<p>V\u00e4gen \u00e4r helt avst\u00e4ngd f\u00f6r trafik.\u00a0<\/p>\n<p>Vad som orsakade olyckan \u00e4r oklart. I nul\u00e4get \u00e4r ingen misst\u00e4nkt f\u00f6r brott.<\/p>\n","protected":false},"excerpt":{"rendered":"Uppdaterad 23 maj 2026 kl 01.36Publicerad 22 maj 2026 kl 22.20 En regionalbuss och personbil har frontalkrockat \u00f6ster&hellip;\n","protected":false},"author":2,"featured_media":253819,"comment_status":"","ping_status":"","sticky":false,"template":"","format":"standard","meta":{"footnotes":"","_share_on_mastodon":"0"},"categories":[5],"tags":[22,23,26,27,17,21,24,25,1678,28,29,15,16,18,34,154,31,33,32,30,19,4070,20],"class_list":["post-253818","post","type-post","status-publish","format-standard","has-post-thumbnail","category-rubriker","tag-breaking-news","tag-breakingnews","tag-featured-news","tag-featurednews","tag-headlines","tag-huvudnyheter","tag-latest-news","tag-latestnews","tag-location-landskrona","tag-main-news","tag-mainnews","tag-news","tag-nyheter","tag-rubriker","tag-se","tag-sections-sverige","tag-svenska","tag-sverige","tag-sweden","tag-swedish","tag-top-stories","tag-topic-trafikolycka","tag-topstories"],"share_on_mastodon":{"url":"https:\/\/pubeurope.com\/@se\/116621232247771836","error":""},"_links":{"self":[{"href":"https:\/\/www.europesays.com\/se\/wp-json\/wp\/v2\/posts\/253818","targetHints":{"allow":["GET"]}}],"collection":[{"href":"https:\/\/www.europesays.com\/se\/wp-json\/wp\/v2\/posts"}],"about":[{"href":"https:\/\/www.europesays.com\/se\/wp-json\/wp\/v2\/types\/post"}],"author":[{"embeddable":true,"href":"https:\/\/www.europesays.com\/se\/wp-json\/wp\/v2\/users\/2"}],"replies":[{"embeddable":true,"href":"https:\/\/www.europesays.com\/se\/wp-json\/wp\/v2\/comments?post=253818"}],"version-history":[{"count":0,"href":"https:\/\/www.europesays.com\/se\/wp-json\/wp\/v2\/posts\/253818\/revisions"}],"wp:featuredmedia":[{"embeddable":true,"href":"https:\/\/www.europesays.com\/se\/wp-json\/wp\/v2\/media\/253819"}],"wp:attachment":[{"href":"https:\/\/www.europesays.com\/se\/wp-json\/wp\/v2\/media?parent=253818"}],"wp:term":[{"taxonomy":"category","embeddable":true,"href":"https:\/\/www.europesays.com\/se\/wp-json\/wp\/v2\/categories?post=253818"},{"taxonomy":"post_tag","embeddable":true,"href":"https:\/\/www.europesays.com\/se\/wp-json\/wp\/v2\/tags?post=253818"}],"curies":[{"name":"wp","href":"https:\/\/api.w.org\/{rel}","templated":true}]}}