{"id":25390,"date":"2025-09-09T07:29:10","date_gmt":"2025-09-09T07:29:10","guid":{"rendered":"https:\/\/www.europesays.com\/se\/25390\/"},"modified":"2025-09-09T07:29:10","modified_gmt":"2025-09-09T07:29:10","slug":"bjorkloven-fansens-ilska-efter-lanet-fordomer-klubbens-agerande","status":"publish","type":"post","link":"https:\/\/www.europesays.com\/se\/25390\/","title":{"rendered":"Bj\u00f6rkl\u00f6ven-fansens ilska efter l\u00e5net: &#8221;F\u00f6rd\u00f6mer klubbens agerande&#8221;"},"content":{"rendered":"<p><strong><a href=\"https:\/\/hockeysverige.se\/spelare\/tilia-lindgren\/\" rel=\"nofollow noopener\" target=\"_blank\">Tilia Lindgren<\/a> l\u00e5nades fr\u00e5n <a href=\"https:\/\/hockeysverige.se\/klubb\/if-bjorkloven\/\" rel=\"nofollow noopener\" target=\"_blank\">Bj\u00f6rkl\u00f6ven<\/a> till Skellefte\u00e5 och gjorde succ\u00e9 med tv\u00e5 m\u00e5l i sin <a href=\"https:\/\/hockeysverige.se\/sdhl\/\" rel=\"nofollow noopener\" target=\"_blank\">SDHL<\/a>-debut. <br \/>Nu rasar Bj\u00f6rkl\u00f6vens supporterf\u00f6rening Green Devils mot att \u201dL\u00f6ven\u201d sl\u00e4ppte en spelare till rivalen. <br \/>\u201dBj\u00f6rkl\u00f6ven ska inte ha n\u00e5got samr\u00f6re med Skellefte\u00e5\u201d, skriver Green Devils i ett uttalande. <\/strong><\/p>\n<p><img loading=\"lazy\" decoding=\"async\" width=\"1024\" height=\"658\" src=\"https:\/\/www.europesays.com\/se\/wp-content\/uploads\/2025\/09\/Tilia-Lindgren-1-1024x658.webp.webp\" alt=\"Tilia Lindgren.\" class=\"wp-image-302450\"  \/>Tilia Lindgren l\u00e5nades nyligen mellan Bj\u00f6rkl\u00f6ven och Skellefte\u00e5. Foto: Simon Eld (Montage)<\/p>\n<p>15-\u00e5riga Tilia Lindgren \u00e4r en v\u00e4ldigt stor talang och har redan b\u00f6rjat s\u00e4tta avtryck inom den svenska damhockeyn. Forwardsl\u00f6ftet tillh\u00f6r IF Bj\u00f6rkl\u00f6ven men under premi\u00e4rhelgen i SDHL l\u00e5nades hon ut till Skellefte\u00e5. Hon gjorde sedan succ\u00e9 direkt i sin SDHL-debut genom att g\u00f6ra tv\u00e5 m\u00e5l i 6-3-segern mot <a href=\"https:\/\/hockeysverige.se\/klubb\/hv71-damlag\/\" rel=\"nofollow noopener\" target=\"_blank\">HV71<\/a> under fredagens premi\u00e4rmatch. <\/p>\n<p>Utl\u00e5ningen till Skellefte\u00e5 har dock gett starka reaktioner i Ume\u00e5. Bj\u00f6rkl\u00f6vens supporterf\u00f6rening Green Devils kritiserar nu klubben f\u00f6r att de valde att l\u00e5na Lindgren till sin v\u00e4rsta rival. <\/p>\n<p>\u201dInte nog med att klubben samarbetar med att ha en \u00e5rlig tr\u00e4ningsmatch hemma-borta s\u00e5 har en spelare l\u00e5nats ut till Skellefte\u00e5. Vi ser allvarligt p\u00e5 denna utveckling och f\u00f6rd\u00f6mer klubbens agerande i detta fall. Bj\u00f6rkl\u00f6ven ska inte ha n\u00e5got samr\u00f6re med Skellefte\u00e5\u201d, skriver Green Devils i ett <a href=\"https:\/\/x.com\/GreenDevils1982\/status\/1964393016376041693\" rel=\"nofollow\">uttalande<\/a>. <\/p>\n<p>Bj\u00f6rkl\u00f6ven svarar p\u00e5 kritiken: \u201dEng\u00e5ngstillf\u00e4lle\u201d<\/p>\n<p>Tilia Lindgren ska snart spela <a href=\"https:\/\/hockeysverige.se\/tv-pucken\/\" rel=\"nofollow noopener\" target=\"_blank\">TV-pucken<\/a> med V\u00e4sterbotten och hon deltog d\u00e5 nyligen i ett l\u00e4ger med TV-pucken-laget i Skellefte\u00e5 vilket gjorde att klubbarna kom \u00f6verens om att hon skulle f\u00e5 spela i tv\u00e5 SDHL-matcher. Bj\u00f6rkl\u00f6ven menar att de f\u00f6rst\u00e5r kritiken men anser att de agerade utefter vad som var b\u00e4st f\u00f6r b\u00e5de spelaren och klubben. <\/p>\n<p>\u2013 Det \u00e4r klart att vi vill v\u00e4rna om rivaliteten, sen har vi en situation med Tilia h\u00e4r som \u00e4r 15 \u00e5r och ska kombinera att spela med tjejer och killar hos oss. Den h\u00e4r l\u00f6sningen uppstod den h\u00e4r g\u00e5ngen och det blev ett bra tillf\u00e4lle f\u00f6r henne att f\u00e5 speltid. Det \u00e4r ett eng\u00e5ngstillf\u00e4lle, men f\u00f6r hennes skull och f\u00f6r v\u00e5r sett till framtiden valde vi att ta det h\u00e4r beslutet, s\u00e4ger \u201dL\u00f6vens\u201d juniorsportchef Oskar H\u00e4gglund till <a href=\"https:\/\/www.vk.se\/2025-09-08\/green-devils-fordomer-bjorklovens-agerande-50627\" rel=\"nofollow noopener\" target=\"_blank\">V\u00e4sterbottens-Kuriren<\/a>.<\/p>\n<p>I vanliga fall har man beslutat om att inte l\u00e5na spelare mellan <a href=\"https:\/\/hockeysverige.se\/klubb\/skelleftea-aik\/\" rel=\"nofollow noopener\" target=\"_blank\">Skellefte\u00e5<\/a> och Bj\u00f6rkl\u00f6ven. Den h\u00e4r g\u00e5ngen valde dock \u201dL\u00f6ven\u201d att g\u00f6ra ett undantag. <\/p>\n<p>\u2013 Det \u00e4r m\u00e5nga olika aspekter och jag tycker att fr\u00e5gan \u00e4r komplex. Vi pratar om en 15-\u00e5rig tjej som vill spela hockey, jag tycker att vi m\u00e5ste tillgodose hennes behov f\u00f6r att beh\u00e5lla och ha nytta av henne i v\u00e5r f\u00f6rening fram\u00f6ver, s\u00e4ger Oskar H\u00e4gglund. <\/p>\n<p>Tilia Lindgren gjorde tio m\u00e5l och 15 po\u00e4ng p\u00e5 tio matcher med Bj\u00f6rkl\u00f6vens damlag i NDHL f\u00f6rra s\u00e4songen. Hon bed\u00f6ms dock redan vara f\u00f6r bra f\u00f6r att spela i NDHL och den h\u00e4r s\u00e4songen v\u00e4ntas hon i st\u00e4llet spela med Bj\u00f6rkl\u00f6vens killar i U16 Region. I fjol var Lindgren ocks\u00e5 en av TV-puckens b\u00e4sta spelare. P\u00e5 sju matcher gjorde hon elva m\u00e5l och 15 po\u00e4ng f\u00f6r V\u00e4sterbotten, vilket var tredje b\u00e4st i turneringen. <\/p>\n<p> Source: <a href=\"https:\/\/www.eliteprospects.com\/player\/1100563\/tilia-lindgren\" target=\"_blank\" rel=\"noopener noreferrer nofollow\">Tilia Lindgren<\/a> @ Elite Prospects<\/p>\n","protected":false},"excerpt":{"rendered":"Tilia Lindgren l\u00e5nades fr\u00e5n Bj\u00f6rkl\u00f6ven till Skellefte\u00e5 och gjorde succ\u00e9 med tv\u00e5 m\u00e5l i sin SDHL-debut. Nu rasar&hellip;\n","protected":false},"author":2,"featured_media":25391,"comment_status":"","ping_status":"","sticky":false,"template":"","format":"standard","meta":{"footnotes":""},"categories":[68],"tags":[1016,34,133,111,110,31,33,32,30],"class_list":{"0":"post-25390","1":"post","2":"type-post","3":"status-publish","4":"format-standard","5":"has-post-thumbnail","7":"category-sport","8":"tag-sdhl","9":"tag-se","10":"tag-second-news","11":"tag-sport","12":"tag-sports","13":"tag-svenska","14":"tag-sverige","15":"tag-sweden","16":"tag-swedish"},"share_on_mastodon":{"url":"","error":""},"_links":{"self":[{"href":"https:\/\/www.europesays.com\/se\/wp-json\/wp\/v2\/posts\/25390","targetHints":{"allow":["GET"]}}],"collection":[{"href":"https:\/\/www.europesays.com\/se\/wp-json\/wp\/v2\/posts"}],"about":[{"href":"https:\/\/www.europesays.com\/se\/wp-json\/wp\/v2\/types\/post"}],"author":[{"embeddable":true,"href":"https:\/\/www.europesays.com\/se\/wp-json\/wp\/v2\/users\/2"}],"replies":[{"embeddable":true,"href":"https:\/\/www.europesays.com\/se\/wp-json\/wp\/v2\/comments?post=25390"}],"version-history":[{"count":0,"href":"https:\/\/www.europesays.com\/se\/wp-json\/wp\/v2\/posts\/25390\/revisions"}],"wp:featuredmedia":[{"embeddable":true,"href":"https:\/\/www.europesays.com\/se\/wp-json\/wp\/v2\/media\/25391"}],"wp:attachment":[{"href":"https:\/\/www.europesays.com\/se\/wp-json\/wp\/v2\/media?parent=25390"}],"wp:term":[{"taxonomy":"category","embeddable":true,"href":"https:\/\/www.europesays.com\/se\/wp-json\/wp\/v2\/categories?post=25390"},{"taxonomy":"post_tag","embeddable":true,"href":"https:\/\/www.europesays.com\/se\/wp-json\/wp\/v2\/tags?post=25390"}],"curies":[{"name":"wp","href":"https:\/\/api.w.org\/{rel}","templated":true}]}}