{"id":25479,"date":"2025-09-09T09:23:15","date_gmt":"2025-09-09T09:23:15","guid":{"rendered":"https:\/\/www.europesays.com\/se\/25479\/"},"modified":"2025-09-09T09:23:15","modified_gmt":"2025-09-09T09:23:15","slug":"bryter-med-kalmar-tio-dagar-innan-premiaren","status":"publish","type":"post","link":"https:\/\/www.europesays.com\/se\/25479\/","title":{"rendered":"Bryter med Kalmar \u2013 tio dagar innan premi\u00e4ren"},"content":{"rendered":"<p><strong>Backkrisen i <a href=\"https:\/\/hockeysverige.se\/klubb\/kalmar-hc\/\" rel=\"nofollow noopener\" target=\"_blank\">Kalmar HC<\/a> blir \u00e4nnu v\u00e4rre. <br \/>Clay Hanus bryter sitt kontrakt med klubben bara tio dagar innan premi\u00e4ren i <a href=\"https:\/\/hockeysverige.se\/hockeyallsvenskan\/\" rel=\"nofollow noopener\" target=\"_blank\">HockeyAllsvenskan<\/a>. <br \/>\u2013 Jag har fattat beslutet att g\u00e5 vidare fr\u00e5n hockeyn och avsluta min utbildning och b\u00f6rja n\u00e4sta kapitel i mitt liv, s\u00e4ger Hanus. <\/strong><\/p>\n<p><img loading=\"lazy\" decoding=\"async\" width=\"1024\" height=\"658\" src=\"https:\/\/www.europesays.com\/se\/wp-content\/uploads\/2025\/09\/Clay-Hanus-1024x658.webp.webp\" alt=\"Clay Hanus.\" class=\"wp-image-302461\"  \/>Clay Hanus l\u00e4mnar Kalmar, utan att ha spelat en t\u00e4vlingsmatch f\u00f6r klubben. Foto: Aimee Dilger\/SOPA Images\/Alamy<\/p>\n<p>Kalmar HC saknar redan ledande backarna Henrik Nilsson och Carl-Johan Lerby som \u00e4r skadade. Sportchefen Daniel Stolt har redan aviserat att <a href=\"https:\/\/hockeysverige.se\/hockeyallsvenskan\/skadekris-nu-jagar-kalmar-nyforvarv\/\" rel=\"nofollow noopener\" target=\"_blank\">klubben \u00e4r ute p\u00e5 marknaden<\/a> och letar efter en ny back. <\/p>\n<p>Under tisdagsmorgonen kommer ett nytt tungt besked f\u00f6r sm\u00e5l\u00e4nningarna. De meddelar att den 24-\u00e5rige amerikanen Clay Hanus bryter sitt kontrakt bara tio dagar innan premi\u00e4ren. Den tillt\u00e4nkte toppbacken v\u00e4ntas i st\u00e4llet avsluta sin hockeykarri\u00e4r. <\/p>\n<p>\u2013 Efter mycket funderande och \u00f6verv\u00e4gande har jag fattat beslutet att g\u00e5 vidare fr\u00e5n hockeyn och avsluta min utbildning och b\u00f6rja n\u00e4sta kapitel i mitt liv. Jag har uppskattat min korta tid i Kalmar oerh\u00f6rt mycket, s\u00e4ger Clay Hanus i ett uttalande p\u00e5 Kalmars <a href=\"https:\/\/www.instagram.com\/p\/DOX1IT6kRqw\/?utm_source=ig_web_copy_link&amp;igsh=MzRlODBiNWFlZA==\" rel=\"nofollow noopener\" target=\"_blank\">Instagram<\/a>.<\/p>\n<p>Kalmar tvingas leta nyf\u00f6rv\u00e4rv<\/p>\n<p>Clay Hanus v\u00e4rvades till Kalmar fr\u00e5n den kanadensiska collegeligan d\u00e4r han gjort vann backarnas po\u00e4ngliga i fjol och \u00e4ven uts\u00e5gs till ligans b\u00e4sta spelare. Nu var t\u00e4nkt att f\u00e5 en stor roll i Kalmar men nu l\u00e4mnar han allts\u00e5 utan att ha spelat en enda t\u00e4vlingsmatch f\u00f6r klubben. Eftersom att b\u00e5de Henrik Nilsson och Carl-Johan Lerby fortsatt saknas letar nu Kalmar intensivt efter ett nyf\u00f6rv\u00e4rv. <\/p>\n<p>\u2013 Givetvis ledsamt att Clay v\u00e4ljer att \u00e5ka hem efter denna korta tid, men vi respekterar hans beslut fullt ut. Vi tittar just nu p\u00e5 f\u00f6rst\u00e4rkning p\u00e5 backsidan eftersom Henrik (Nilsson) och (Carl-Johan) Lerby inte \u00e4r tillg\u00e4ngliga f\u00f6r spel n\u00e4rmaste tiden samt att Clay v\u00e4ljer att \u00e5ka hem \u00e4r behovet av f\u00f6rst\u00e4rkning p\u00e5 backsidan i ett akut l\u00e4ge, s\u00e4ger sportchefen Daniel Stolt.<\/p>\n<p>I skrivande stund har Kalmar endast fyra friska seniorbackar inf\u00f6r n\u00e4sta veckas premi\u00e4r. I klubben finns \u00e4ven Tobias Abrahamsson p\u00e5 tryout och junioren Jakub Hasek. <\/p>\n<p> Source: <a href=\"https:\/\/www.eliteprospects.com\/player\/476695\/clay-hanus\" target=\"_blank\" rel=\"noopener noreferrer nofollow\">Clay Hanus<\/a> @ Elite Prospects<\/p>\n<p><script async src=\"\/\/www.instagram.com\/embed.js\"><\/script><\/p>\n","protected":false},"excerpt":{"rendered":"Backkrisen i Kalmar HC blir \u00e4nnu v\u00e4rre. Clay Hanus bryter sitt kontrakt med klubben bara tio dagar innan&hellip;\n","protected":false},"author":2,"featured_media":25480,"comment_status":"","ping_status":"","sticky":false,"template":"","format":"standard","meta":{"footnotes":""},"categories":[5],"tags":[22,23,26,27,17,621,21,24,25,28,29,15,16,18,34,133,31,33,32,30,19,20],"class_list":{"0":"post-25479","1":"post","2":"type-post","3":"status-publish","4":"format-standard","5":"has-post-thumbnail","7":"category-rubriker","8":"tag-breaking-news","9":"tag-breakingnews","10":"tag-featured-news","11":"tag-featurednews","12":"tag-headlines","13":"tag-hockeyallsvenskan","14":"tag-huvudnyheter","15":"tag-latest-news","16":"tag-latestnews","17":"tag-main-news","18":"tag-mainnews","19":"tag-news","20":"tag-nyheter","21":"tag-rubriker","22":"tag-se","23":"tag-second-news","24":"tag-svenska","25":"tag-sverige","26":"tag-sweden","27":"tag-swedish","28":"tag-top-stories","29":"tag-topstories"},"share_on_mastodon":{"url":"","error":""},"_links":{"self":[{"href":"https:\/\/www.europesays.com\/se\/wp-json\/wp\/v2\/posts\/25479","targetHints":{"allow":["GET"]}}],"collection":[{"href":"https:\/\/www.europesays.com\/se\/wp-json\/wp\/v2\/posts"}],"about":[{"href":"https:\/\/www.europesays.com\/se\/wp-json\/wp\/v2\/types\/post"}],"author":[{"embeddable":true,"href":"https:\/\/www.europesays.com\/se\/wp-json\/wp\/v2\/users\/2"}],"replies":[{"embeddable":true,"href":"https:\/\/www.europesays.com\/se\/wp-json\/wp\/v2\/comments?post=25479"}],"version-history":[{"count":0,"href":"https:\/\/www.europesays.com\/se\/wp-json\/wp\/v2\/posts\/25479\/revisions"}],"wp:featuredmedia":[{"embeddable":true,"href":"https:\/\/www.europesays.com\/se\/wp-json\/wp\/v2\/media\/25480"}],"wp:attachment":[{"href":"https:\/\/www.europesays.com\/se\/wp-json\/wp\/v2\/media?parent=25479"}],"wp:term":[{"taxonomy":"category","embeddable":true,"href":"https:\/\/www.europesays.com\/se\/wp-json\/wp\/v2\/categories?post=25479"},{"taxonomy":"post_tag","embeddable":true,"href":"https:\/\/www.europesays.com\/se\/wp-json\/wp\/v2\/tags?post=25479"}],"curies":[{"name":"wp","href":"https:\/\/api.w.org\/{rel}","templated":true}]}}