{"id":255779,"date":"2026-05-25T12:39:11","date_gmt":"2026-05-25T12:39:11","guid":{"rendered":"https:\/\/www.europesays.com\/se\/255779\/"},"modified":"2026-05-25T12:39:11","modified_gmt":"2026-05-25T12:39:11","slug":"man-begars-haktad-efter-dodsolyckan-i-malmo","status":"publish","type":"post","link":"https:\/\/www.europesays.com\/se\/255779\/","title":{"rendered":"Man beg\u00e4rs h\u00e4ktad efter d\u00f6dsolyckan i Malm\u00f6"},"content":{"rendered":"<p>Uppdaterad 25 maj 2026 kl 13.47Publicerad 25 maj 2026 kl 10.36<\/p>\n<p>Flickan i 15-\u00e5rs\u00e5ldern dog efter trafikolyckan i centrala Malm\u00f6.<\/p>\n<p>Mannen erk\u00e4nner g\u00e4rningen som kan ha hamnat p\u00e5 film.<\/p>\n<p>\u2013 Den misst\u00e4nkta mannen har h\u00f6rts i n\u00e4rvaro av offentlig f\u00f6rsvarare och vittnen \u00e4r h\u00f6rda, s\u00e4ger \u00e5klagare Agneta Roos.<\/p>\n<p>Nu s\u00f6ker polisen vittnesuppgifter om vansinnesk\u00f6rningar strax f\u00f6re olyckan.\u00a0<\/p>\n<p>Nyheter, reportage och analyser i Sverige och i \u00f6vriga v\u00e4rlden.<\/p>\n<p>Flickan blev p\u00e5k\u00f6rd vid ett \u00f6verg\u00e5ngsst\u00e4lle p\u00e5 S\u00f6derv\u00e4rn i centrala <a href=\"https:\/\/www.expressen.se\/tagg\/location\/malmo\/\" class=\"\" rel=\"nofollow noopener\" target=\"_blank\">Malm\u00f6<\/a> p\u00e5 fredagen. Hon f\u00f6rdes till sjukhus med hennes liv gick inte att r\u00e4dda.<\/p>\n<p>F\u00f6raren av bilen, en man i 40-\u00e5rs\u00e5ldern, anh\u00f6lls efter h\u00e4ndelsen och beg\u00e4rdes senare h\u00e4ktad av \u00e5klagaren. Han misst\u00e4nks f\u00f6r grov v\u00e5rdsl\u00f6shet i trafik och grovt v\u00e5llande till annans d\u00f6d.<\/p>\n<p>\u2013 Vi kommer att genomf\u00f6ra viss teknisk utredning och inv\u00e4ntar resultat fr\u00e5n provtagning, s\u00e4ger Agneta Roos, i ett pressmeddelande.<\/p>\n<p>K\u00f6rdes v\u00e5rdsl\u00f6st strax f\u00f6re olyckan<\/p>\n<p>Olyckan kan ha f\u00e5ngats av \u00f6vervakningskameror och polisen kontrollerar nu materialet. \u00a0Samtidigt har det enligt polisen spridits filmer p\u00e5 b\u00e5de olyckan och den avlidna flickan i sociala medier och allm\u00e4nheten uppmanas att inte sprida materialet.<\/p>\n<p>P\u00e5 m\u00e5ndagen utreder polisen uppgifter om att mannen ska ha k\u00f6rt farligt p\u00e5 fler st\u00e4llen i Malm\u00f6 under fredagseftermiddagen. Nu uppmanas allm\u00e4nheten h\u00f6ra av sig om de sett n\u00e5got.\u00a0<\/p>\n<p>\u2013 Vi vet inte om det \u00e4r den f\u00f6raren, men vi har vittnesuppgifter p\u00e5 att det ska ha k\u00f6rts v\u00e5rdsl\u00f6st lite innan den h\u00e4r d\u00f6dsolyckan intr\u00e4ffar, s\u00e4ger Jakob Palmgren, presstalesperson vid polisen.<\/p>\n<p>Advokaten: \u201dHan \u00e4r f\u00f6rtvivlad\u201d<\/p>\n<p>Mannens advokat Sanna Herlin s\u00e4ger att han har erk\u00e4nt g\u00e4rningarna och m\u00e5r d\u00e5ligt \u00f6ver det intr\u00e4ffade.<\/p>\n<p>\u2013 Det jag kan s\u00e4ga \u00e4r att han \u00e4r f\u00f6rtvivlad \u00f6ver det som har h\u00e4nt, s\u00e4ger Sanna Herlin.<\/p>\n<p><strong>Har han gett n\u00e5gon f\u00f6rklaring?<\/strong><\/p>\n<p>\u2013 Jag kan inte g\u00e5 in p\u00e5 det i nul\u00e4get. Vi har inte haft h\u00e4ktningsf\u00f6rhandling och det \u00e4r fortfarande f\u00f6runders\u00f6kningssekretess.<\/p>\n<p>Mannen d\u00f6mdes 2018 f\u00f6r v\u00e5rdsl\u00f6shet i trafik och brott mot knivlagen efter att ha krockat med med flera v\u00e4gskyltar och en betongsugga vid ett v\u00e4garbete. I februari \u00e5talades f\u00f6r hot mot tj\u00e4nsteman. Enligt \u00e5talet hade han hotat en polis med att skjuta honom i huvudet under ett ingripande f\u00f6rra \u00e5ret.<\/p>\n<p>H\u00e4ktningsf\u00f6rhandlingen kommer att h\u00e5llas p\u00e5 m\u00e5ndagen.<\/p>\n","protected":false},"excerpt":{"rendered":"Uppdaterad 25 maj 2026 kl 13.47Publicerad 25 maj 2026 kl 10.36 Flickan i 15-\u00e5rs\u00e5ldern dog efter trafikolyckan i&hellip;\n","protected":false},"author":2,"featured_media":255780,"comment_status":"","ping_status":"","sticky":false,"template":"","format":"standard","meta":{"footnotes":"","_share_on_mastodon":"0"},"categories":[5],"tags":[22,23,26,27,17,21,24,25,2211,28,29,15,16,18,34,154,31,33,32,30,19,4070,20],"class_list":["post-255779","post","type-post","status-publish","format-standard","has-post-thumbnail","category-rubriker","tag-breaking-news","tag-breakingnews","tag-featured-news","tag-featurednews","tag-headlines","tag-huvudnyheter","tag-latest-news","tag-latestnews","tag-location-malmo","tag-main-news","tag-mainnews","tag-news","tag-nyheter","tag-rubriker","tag-se","tag-sections-sverige","tag-svenska","tag-sverige","tag-sweden","tag-swedish","tag-top-stories","tag-topic-trafikolycka","tag-topstories"],"share_on_mastodon":{"url":"https:\/\/pubeurope.com\/@se\/116635262133598747","error":""},"_links":{"self":[{"href":"https:\/\/www.europesays.com\/se\/wp-json\/wp\/v2\/posts\/255779","targetHints":{"allow":["GET"]}}],"collection":[{"href":"https:\/\/www.europesays.com\/se\/wp-json\/wp\/v2\/posts"}],"about":[{"href":"https:\/\/www.europesays.com\/se\/wp-json\/wp\/v2\/types\/post"}],"author":[{"embeddable":true,"href":"https:\/\/www.europesays.com\/se\/wp-json\/wp\/v2\/users\/2"}],"replies":[{"embeddable":true,"href":"https:\/\/www.europesays.com\/se\/wp-json\/wp\/v2\/comments?post=255779"}],"version-history":[{"count":0,"href":"https:\/\/www.europesays.com\/se\/wp-json\/wp\/v2\/posts\/255779\/revisions"}],"wp:featuredmedia":[{"embeddable":true,"href":"https:\/\/www.europesays.com\/se\/wp-json\/wp\/v2\/media\/255780"}],"wp:attachment":[{"href":"https:\/\/www.europesays.com\/se\/wp-json\/wp\/v2\/media?parent=255779"}],"wp:term":[{"taxonomy":"category","embeddable":true,"href":"https:\/\/www.europesays.com\/se\/wp-json\/wp\/v2\/categories?post=255779"},{"taxonomy":"post_tag","embeddable":true,"href":"https:\/\/www.europesays.com\/se\/wp-json\/wp\/v2\/tags?post=255779"}],"curies":[{"name":"wp","href":"https:\/\/api.w.org\/{rel}","templated":true}]}}