{"id":25621,"date":"2025-09-09T11:23:07","date_gmt":"2025-09-09T11:23:07","guid":{"rendered":"https:\/\/www.europesays.com\/se\/25621\/"},"modified":"2025-09-09T11:23:07","modified_gmt":"2025-09-09T11:23:07","slug":"godisforetaget-haribo-stammer-svenska-candy-peoples","status":"publish","type":"post","link":"https:\/\/www.europesays.com\/se\/25621\/","title":{"rendered":"Godisf\u00f6retaget Haribo st\u00e4mmer svenska Candy Peoples"},"content":{"rendered":"<p>Publicerad 9 sep 2025 kl 12.10Uppdaterad kl 12.18<\/p>\n<p>Ett br\u00e5k har blossat upp i godisv\u00e4rlden r\u00f6rande en svensk favorit \u2013 sura nappar.\u00a0<\/p>\n<p>Tyska godisj\u00e4tten Haribo tycker att Malm\u00f6baserade Candy Peoples nappar \u00e4r f\u00f6r lika orginalet.\u00a0<\/p>\n<p>Nu st\u00e4mmer de f\u00f6retaget, rapporterar Nyhetsbyr\u00e5n Siren.<\/p>\n<p><img   alt=\"\"\/><\/p>\n<p>Godisj\u00e4tten Haribo st\u00e4mmer Candy People.<\/p>\n<p>Foto: Frank Hoermann \/ SVEN SIMON \/ TT NYHETSBYR\u00c5N<\/p>\n<p>\u00d6ppna bild i helsk\u00e4rm<\/p>\n<p>Sura colanappar \u00e4r en av svenskarna favoritgodis och numera finns det m\u00e5nga olika smaker: bubbelgum, sur melon, sur k\u00f6rsb\u00e4r, f\u00f6r att bara n\u00e4mna n\u00e5gra.\u00a0<\/p>\n<p>Men vad konsumenten kanske aldrig t\u00e4nker p\u00e5 \u00e4r att det finns flera olika f\u00f6retag bakom de sura godbitarna: Harbio och uppstickaren Candy People.\u00a0<\/p>\n<p>Haribo menar att de sura nappar som Candy People producerar \u00e4r f\u00f6r lika Haribos nappar.<\/p>\n<p><img loading=\"lazy\"   alt=\"\"\/><\/p>\n<p>Bild som Haribo skickat med i sin st\u00e4mning, med en j\u00e4mf\u00f6ran mellan napparna.<\/p>\n<p>Foto: Advokatfirman Lindahl<\/p>\n<p>\u00d6ppna bild i helsk\u00e4rm<\/p>\n<p>Haribo anser att det r\u00f6r sig om varum\u00e4rkesintr\u00e5ng och har d\u00e4rf\u00f6r st\u00e4mt Candy People p\u00e5 ett miljonvite.\u00a0<\/p>\n<p>Haribo uppm\u00e4rksammades p\u00e5 likheten mellan napparna under v\u00e5ren 2025 och har sedan dess haft en resultatl\u00f6s skriftv\u00e4xling med motparten om napparnas utformning, skriver det tyska bolagets inkopplade advokater i inlagan.<\/p>\n<p>I handlingarna g\u00e5r att l\u00e4sa att Candy People mots\u00e4tter sig st\u00e4mningen och att de gjort det klart f\u00f6r Harbio att de inte har f\u00f6r avsikt att sluta producera och s\u00e4lja sina nappar. \u00a0<\/p>\n","protected":false},"excerpt":{"rendered":"Publicerad 9 sep 2025 kl 12.10Uppdaterad kl 12.18 Ett br\u00e5k har blossat upp i godisv\u00e4rlden r\u00f6rande en svensk&hellip;\n","protected":false},"author":2,"featured_media":25622,"comment_status":"","ping_status":"","sticky":false,"template":"","format":"standard","meta":{"footnotes":""},"categories":[14],"tags":[22,23,26,27,17,21,24,25,2211,28,29,15,16,3026,18,34,31,33,32,30,19,2819,20,51,52,53,54],"class_list":{"0":"post-25621","1":"post","2":"type-post","3":"status-publish","4":"format-standard","5":"has-post-thumbnail","7":"category-varlden","8":"tag-breaking-news","9":"tag-breakingnews","10":"tag-featured-news","11":"tag-featurednews","12":"tag-headlines","13":"tag-huvudnyheter","14":"tag-latest-news","15":"tag-latestnews","16":"tag-location-malmo","17":"tag-main-news","18":"tag-mainnews","19":"tag-news","20":"tag-nyheter","21":"tag-organization-candy-people","22":"tag-rubriker","23":"tag-se","24":"tag-svenska","25":"tag-sverige","26":"tag-sweden","27":"tag-swedish","28":"tag-top-stories","29":"tag-topic-godis","30":"tag-topstories","31":"tag-varlden","32":"tag-world","33":"tag-world-news","34":"tag-worldnews"},"share_on_mastodon":{"url":"","error":""},"_links":{"self":[{"href":"https:\/\/www.europesays.com\/se\/wp-json\/wp\/v2\/posts\/25621","targetHints":{"allow":["GET"]}}],"collection":[{"href":"https:\/\/www.europesays.com\/se\/wp-json\/wp\/v2\/posts"}],"about":[{"href":"https:\/\/www.europesays.com\/se\/wp-json\/wp\/v2\/types\/post"}],"author":[{"embeddable":true,"href":"https:\/\/www.europesays.com\/se\/wp-json\/wp\/v2\/users\/2"}],"replies":[{"embeddable":true,"href":"https:\/\/www.europesays.com\/se\/wp-json\/wp\/v2\/comments?post=25621"}],"version-history":[{"count":0,"href":"https:\/\/www.europesays.com\/se\/wp-json\/wp\/v2\/posts\/25621\/revisions"}],"wp:featuredmedia":[{"embeddable":true,"href":"https:\/\/www.europesays.com\/se\/wp-json\/wp\/v2\/media\/25622"}],"wp:attachment":[{"href":"https:\/\/www.europesays.com\/se\/wp-json\/wp\/v2\/media?parent=25621"}],"wp:term":[{"taxonomy":"category","embeddable":true,"href":"https:\/\/www.europesays.com\/se\/wp-json\/wp\/v2\/categories?post=25621"},{"taxonomy":"post_tag","embeddable":true,"href":"https:\/\/www.europesays.com\/se\/wp-json\/wp\/v2\/tags?post=25621"}],"curies":[{"name":"wp","href":"https:\/\/api.w.org\/{rel}","templated":true}]}}