{"id":25717,"date":"2025-09-09T13:07:10","date_gmt":"2025-09-09T13:07:10","guid":{"rendered":"https:\/\/www.europesays.com\/se\/25717\/"},"modified":"2025-09-09T13:07:10","modified_gmt":"2025-09-09T13:07:10","slug":"grannarna-klagar-pa-grona-lunds-nya-attraktion","status":"publish","type":"post","link":"https:\/\/www.europesays.com\/se\/25717\/","title":{"rendered":"Grannarna klagar p\u00e5 Gr\u00f6na Lunds nya attraktion"},"content":{"rendered":"<p>Flera klagom\u00e5l har skickats in till milj\u00f6f\u00f6rvaltningen i Stockholm med anledning av Gr\u00f6na Lunds nya attraktion \u201dPumpen\u201d, som v\u00e4ckt ilska hos n\u00f6jesparkens grannar, rapporterar Aftonbladet.<\/p>\n<p>En anm\u00e4lare skriver att boendemilj\u00f6n i omr\u00e5det f\u00f6rs\u00e4mrats avsev\u00e4rt p\u00e5 grund av \u201dPumpen\u201d.<\/p>\n<p>\u201dDess ljud ligger n\u00e5gonstans mellan tandl\u00e4karborr och h\u00f6gtryckstv\u00e4tt\u201d, skriver en annan.<\/p>\n<p>I ett mejl till Aftonbladet skriver Annika Troselius, informationschef p\u00e5 Parks and Resorts, att man har en bra dialog med sina grannar och att ljudniv\u00e5erna regelbundet m\u00e4ts i samr\u00e5d med milj\u00f6f\u00f6rvaltningen och att samma rutiner g\u00e4ller f\u00f6r \u201dPumpen\u201d.<\/p>\n<p>Omni \u00e4r politiskt obundna och oberoende. Vi str\u00e4var efter att ge fler perspektiv p\u00e5 nyheterna. Har du fr\u00e5gor eller synpunkter kring v\u00e5r rapportering? <a href=\"https:\/\/omni.se\/grannarna-klagar-pa-grona-lunds-nya-attraktion\/a\/mailto:redaktion@omni.se\" class=\"ArticleActions_contactLink__W2F1M\" rel=\"nofollow noopener\" target=\"_blank\">Kontakta redaktionen<\/a><\/p>\n","protected":false},"excerpt":{"rendered":"Flera klagom\u00e5l har skickats in till milj\u00f6f\u00f6rvaltningen i Stockholm med anledning av Gr\u00f6na Lunds nya attraktion \u201dPumpen\u201d, som&hellip;\n","protected":false},"author":2,"featured_media":25718,"comment_status":"","ping_status":"","sticky":false,"template":"","format":"standard","meta":{"footnotes":""},"categories":[67],"tags":[104,3038,34,258,127,31,33,32,30,105],"class_list":{"0":"post-25717","1":"post","2":"type-post","3":"status-publish","4":"format-standard","5":"has-post-thumbnail","7":"category-underhallning","8":"tag-entertainment","9":"tag-grona-lund","10":"tag-se","11":"tag-stockholm","12":"tag-stockholms-lan","13":"tag-svenska","14":"tag-sverige","15":"tag-sweden","16":"tag-swedish","17":"tag-underhallning"},"share_on_mastodon":{"url":"","error":""},"_links":{"self":[{"href":"https:\/\/www.europesays.com\/se\/wp-json\/wp\/v2\/posts\/25717","targetHints":{"allow":["GET"]}}],"collection":[{"href":"https:\/\/www.europesays.com\/se\/wp-json\/wp\/v2\/posts"}],"about":[{"href":"https:\/\/www.europesays.com\/se\/wp-json\/wp\/v2\/types\/post"}],"author":[{"embeddable":true,"href":"https:\/\/www.europesays.com\/se\/wp-json\/wp\/v2\/users\/2"}],"replies":[{"embeddable":true,"href":"https:\/\/www.europesays.com\/se\/wp-json\/wp\/v2\/comments?post=25717"}],"version-history":[{"count":0,"href":"https:\/\/www.europesays.com\/se\/wp-json\/wp\/v2\/posts\/25717\/revisions"}],"wp:featuredmedia":[{"embeddable":true,"href":"https:\/\/www.europesays.com\/se\/wp-json\/wp\/v2\/media\/25718"}],"wp:attachment":[{"href":"https:\/\/www.europesays.com\/se\/wp-json\/wp\/v2\/media?parent=25717"}],"wp:term":[{"taxonomy":"category","embeddable":true,"href":"https:\/\/www.europesays.com\/se\/wp-json\/wp\/v2\/categories?post=25717"},{"taxonomy":"post_tag","embeddable":true,"href":"https:\/\/www.europesays.com\/se\/wp-json\/wp\/v2\/tags?post=25717"}],"curies":[{"name":"wp","href":"https:\/\/api.w.org\/{rel}","templated":true}]}}