{"id":257416,"date":"2026-05-27T08:22:32","date_gmt":"2026-05-27T08:22:32","guid":{"rendered":"https:\/\/www.europesays.com\/se\/257416\/"},"modified":"2026-05-27T08:22:32","modified_gmt":"2026-05-27T08:22:32","slug":"gravida-sandra-23-hittades-dod-polis-misstanks","status":"publish","type":"post","link":"https:\/\/www.europesays.com\/se\/257416\/","title":{"rendered":"Gravida Sandra, 23, hittades d\u00f6d \u2013 polis misst\u00e4nks"},"content":{"rendered":"<p>Uppdaterad 27 maj 2026 kl 10.12Publicerad 27 maj 2026 kl 09.38<\/p>\n<p>Gravida Sandra, 23, hade k\u00f6pt bebiskl\u00e4der och bokat fotograf f\u00f6r gravidbilder.\u00a0<\/p>\n<p>Men innan hon hann bli mamma hittades hon d\u00f6d i sitt hem utanf\u00f6r Boston.<\/p>\n<p>En polis misst\u00e4nks ha m\u00f6rdat henne f\u00f6r att d\u00f6lja deras sexuella relation.<\/p>\n<p><img   alt=\"\"\/><\/p>\n<p>Sandra Birchmore hittades d\u00f6d i sin l\u00e4genhet 2021.<\/p>\n<p>Foto: Facebook<\/p>\n<p>\u00d6ppna bild i helsk\u00e4rm<img loading=\"lazy\"   alt=\"\"\/><\/p>\n<p>En amerikansk polis har pekats ut i Sandras d\u00f6d. Arkivbild.<\/p>\n<p>Foto: MPI34\/MEDIAPUNCH\/SHUTTERSTOCK \/ SHUTTERSTOCK EDITORIAL\/IBL<\/p>\n<p>\u00d6ppna bild i helsk\u00e4rm<\/p>\n<p>Fallet har v\u00e4ckt stor uppm\u00e4rksamhet i USA och p\u00e5 tisdagen kom beskedet att den tidigare polisen Matthew Farwell, 40, fortsatt ska vara frihetsber\u00f6vad i v\u00e4ntan p\u00e5 r\u00e4tteg\u00e5ng.\u00a0<\/p>\n<p>Han misst\u00e4nks ha m\u00f6rdat 23-\u00e5riga Sandra Birchmore i Canton utanf\u00f6r Boston 2021, f\u00f6r att d\u00f6lja deras sexuella relation. Att han greps f\u00f6rst 2024 har lett till protester och kritik mot polisen.<\/p>\n<p>F\u00f6rsvaret h\u00e4vdar att Birchmore begick sj\u00e4lvmord \u2013 men \u00e5klagarens bevis pekar p\u00e5 n\u00e5got annat.<\/p>\n<p>V\u00e4ntade barn<\/p>\n<p>N\u00e4r Sandra Birchmore hittades d\u00f6d arbetade hon som l\u00e4rarassistent och var gravid i tionde veckan.\u00a0<\/p>\n<p>Hon hade bara ber\u00e4ttat om graviditeten f\u00f6r n\u00e5gra f\u00e5 personer, enligt <a href=\"https:\/\/edition.cnn.com\/2026\/05\/26\/us\/sandra-birchmore-death-matthew-farwell-vis\" rel=\"nofollow noopener\" target=\"_blank\">CNN <\/a>som tagit del av uppgifter ur utredningen, men hade k\u00f6pt bebiskl\u00e4der och bokat en fotograf f\u00f6r gravidfoton.<\/p>\n<p>\u2013 Det var allt hon pratade om. Hon var verkligen, verkligen exalterad, s\u00e4ger kusinen Angelique Pirozzi enligt <a href=\"https:\/\/www.expressen.se\/tagg\/organization\/cnn\/\" class=\"\" rel=\"nofollow noopener\" target=\"_blank\">CNN<\/a>.<\/p>\n<p>Den 4 februari hittades hennes kropp p\u00e5 golvet i sovrummet med en rem lindad runt halsen.<\/p>\n<p>Pekar ut polis<\/p>\n<p>R\u00e4ttsl\u00e4karen slog fast att hon d\u00f6tt av sj\u00e4lvmord, n\u00e5got hennes familj inte trodde p\u00e5. De uppmanade myndigheterna att unders\u00f6ka saken vidare.<\/p>\n<p>2024 tog federala utredare \u00f6ver fallet och pekade ut en polis som misst\u00e4nkt.<\/p>\n<p>Matthew Farwell arbetade i Stoughton och vid tiden f\u00f6r h\u00e4ndelsen v\u00e4ntade hans fru parets tredje barn. Enligt utredningen trodde han att Birchmores of\u00f6dda barn var hans, men ett dna-test visade att s\u00e5 inte var fallet.<\/p>\n<p>Hade en relation<\/p>\n<p>Sandra Birchmore tr\u00e4ffade Matthew Farwell under en ungdomsutbildning hos polisen.\u00a0<\/p>\n<p>Enligt utredarna b\u00f6rjade Farwell grooma henne och de inledde en sexuell relation n\u00e4r hon var 15 \u00e5r. De m\u00f6ttes f\u00f6r att ha sex i hans bil och ibland skolkade hon f\u00f6r att tr\u00e4ffa honom.<\/p>\n<p>Efter att hennes mamma dog 2016 blev Birchmore deprimerad och hade, enligt utredningen, sexuella relationer med flera poliser, bland annat Farwells tvillingbror.<\/p>\n<p>Sms som bevis<\/p>\n<p>\u00c5klagaren h\u00e4nvisar till sms mellan Birchmore och Farwell i bevisningen. Teorin \u00e4r att han blev allt mer orolig att relationen skulle avsl\u00f6jas.<\/p>\n<p>Annons<\/p>\n<p>I januari ringde en v\u00e4n till Birchmore polisstationen och ber\u00e4ttade om relationen, vilket gjorde Farwell rasande.<\/p>\n<p>\u201dAllts\u00e5, din j\u00e4vla v\u00e4n ringde till mitt jobb Sandra, vad fan\u201d, smsade han.<\/p>\n<p>Tidigare i oktober gav Birchmore honom ett ultimatum om att bli gravid, annars skulle hon avsl\u00f6ja honom. Han ska ha g\u00e5tt med p\u00e5 det och i december skickade hon en bild med texten \u201dGrattis, vi ska bli f\u00f6r\u00e4ldrar\u201d. Han ska d\u00e5 ha svarat att de \u201dbeh\u00f6ver prata\u201d.\u00a0<\/p>\n<p>Hon ska ocks\u00e5 ha skickat en lista \u00f6ver krav: att barnet fick hans efternamn, att han var med vid f\u00f6rlossningen och n\u00e5gra dagar kring jul och p\u00e5sk.<\/p>\n<p>Sista g\u00e5ngen Farwell bes\u00f6kte hennes l\u00e4genhet smsade Birchmore en v\u00e4n och ber\u00e4ttade att han inspekterade hennes garderob och badrum, vilket hon tyckte var \u201dv\u00e4ldigt konstigt\u201d. \u00c5klagaren menar att han d\u00e5 planerade mordet f\u00f6r att det skulle se ut som sj\u00e4lvmord.<\/p>\n<p>F\u00f6rsvaret: Var sj\u00e4lvmordsben\u00e4gen<\/p>\n<p>Farwell nekar till anklagelserna och f\u00f6rsvaret h\u00e4vdar att Birchmore var sj\u00e4lvmordsben\u00e4gen. Hon ska bland annat ha listat s\u00e4tt att beg\u00e5 sj\u00e4lvmord i sin dagbok, enligt f\u00f6rsvaret.\u00a0<\/p>\n<p>Familjen menar \u00e5 sin sida att hon inte ville ta sitt liv, \u00e4ven om hon periodvis var deprimerad och hade \u00e5ngest.<\/p>\n<p>Farwells advokater f\u00f6rnekar inte att han var i l\u00e4genheten den kv\u00e4llen.<\/p>\n<p>\u2013 De gr\u00e4lade, han gjorde slut, sa att han inte var fadern och gick d\u00e4rifr\u00e5n, s\u00e4ger advokaten Joanne Daley.<\/p>\n","protected":false},"excerpt":{"rendered":"Uppdaterad 27 maj 2026 kl 10.12Publicerad 27 maj 2026 kl 09.38 Gravida Sandra, 23, hade k\u00f6pt bebiskl\u00e4der och&hellip;\n","protected":false},"author":2,"featured_media":257417,"comment_status":"","ping_status":"","sticky":false,"template":"","format":"standard","meta":{"footnotes":"","_share_on_mastodon":"0"},"categories":[5],"tags":[22,23,26,27,17,21,24,25,20121,45,28,29,15,16,962,18,34,55,31,33,32,30,19,687,436,20],"class_list":["post-257416","post","type-post","status-publish","format-standard","has-post-thumbnail","category-rubriker","tag-breaking-news","tag-breakingnews","tag-featured-news","tag-featurednews","tag-headlines","tag-huvudnyheter","tag-latest-news","tag-latestnews","tag-location-boston","tag-location-usa","tag-main-news","tag-mainnews","tag-news","tag-nyheter","tag-organization-cnn","tag-rubriker","tag-se","tag-sections-varlden","tag-svenska","tag-sverige","tag-sweden","tag-swedish","tag-top-stories","tag-topic-graviditet","tag-topic-valdsbrott-mord","tag-topstories"],"share_on_mastodon":{"url":"https:\/\/pubeurope.com\/@se\/116645576490365059","error":""},"_links":{"self":[{"href":"https:\/\/www.europesays.com\/se\/wp-json\/wp\/v2\/posts\/257416","targetHints":{"allow":["GET"]}}],"collection":[{"href":"https:\/\/www.europesays.com\/se\/wp-json\/wp\/v2\/posts"}],"about":[{"href":"https:\/\/www.europesays.com\/se\/wp-json\/wp\/v2\/types\/post"}],"author":[{"embeddable":true,"href":"https:\/\/www.europesays.com\/se\/wp-json\/wp\/v2\/users\/2"}],"replies":[{"embeddable":true,"href":"https:\/\/www.europesays.com\/se\/wp-json\/wp\/v2\/comments?post=257416"}],"version-history":[{"count":0,"href":"https:\/\/www.europesays.com\/se\/wp-json\/wp\/v2\/posts\/257416\/revisions"}],"wp:featuredmedia":[{"embeddable":true,"href":"https:\/\/www.europesays.com\/se\/wp-json\/wp\/v2\/media\/257417"}],"wp:attachment":[{"href":"https:\/\/www.europesays.com\/se\/wp-json\/wp\/v2\/media?parent=257416"}],"wp:term":[{"taxonomy":"category","embeddable":true,"href":"https:\/\/www.europesays.com\/se\/wp-json\/wp\/v2\/categories?post=257416"},{"taxonomy":"post_tag","embeddable":true,"href":"https:\/\/www.europesays.com\/se\/wp-json\/wp\/v2\/tags?post=257416"}],"curies":[{"name":"wp","href":"https:\/\/api.w.org\/{rel}","templated":true}]}}