{"id":257674,"date":"2026-05-27T12:37:09","date_gmt":"2026-05-27T12:37:09","guid":{"rendered":"https:\/\/www.europesays.com\/se\/257674\/"},"modified":"2026-05-27T12:37:09","modified_gmt":"2026-05-27T12:37:09","slug":"ges-teens-betygsatter-thomas-stenstroms-vm-lat","status":"publish","type":"post","link":"https:\/\/www.europesays.com\/se\/257674\/","title":{"rendered":"GES-Teens betygs\u00e4tter Thomas Stenstr\u00f6ms VM-l\u00e5t"},"content":{"rendered":"<p>Uppdaterad 27 maj 2026 kl 14.19Publicerad 27 maj 2026 kl 14.19<\/p>\n<p>Barnen till GES-medlemmarna Niklas Str\u00f6mstedt, Anders Glenmark och Thomas \u201dOrup\u201d Eriksson sl\u00e4pper en ny version av \u201dN\u00e4r vi gr\u00e4ver guld i USA\u201d fredag den 29 maj tillsammans med Tjuvjakt. S\u00e5 h\u00e4r betygs\u00e4tter barntrion den officiella VM-l\u00e5ten av Thomas Stenstr\u00f6m. <\/p>\n<p>            <a href=\"mailto:webbrattelse@expressen.se?subject=Fel%20i%20artikel%3A%20GES-Teens%20betyg%20p%C3%A5%20Thomas%20Stenstr%C3%B6ms%20VM-l%C3%A5t&amp;body=En%20l%C3%A4sare%20rapporterar%20fel%20i%20https%3A%2F%2Fwww.expressen.se%2Ftv%2Fnoje%2Fges-teens-betyg-pa-thomas-stenstroms-vm-lat%2F%0A%0AKommentar%3A%20\"><br \/>\n              Anm\u00e4l text- och faktafel<br \/>\n            <\/a><a href=\"https:\/\/www.expressen.se\/om-expressen\/sa-jobbar-vi-med-korrekta-publiceringar\/\" rel=\"nofollow noopener\" target=\"_blank\">V\u00e5ra kvalitetsrutiner<\/a><\/p>\n","protected":false},"excerpt":{"rendered":"Uppdaterad 27 maj 2026 kl 14.19Publicerad 27 maj 2026 kl 14.19 Barnen till GES-medlemmarna Niklas Str\u00f6mstedt, Anders Glenmark&hellip;\n","protected":false},"author":2,"featured_media":257675,"comment_status":"","ping_status":"","sticky":false,"template":"","format":"standard","meta":{"footnotes":"","_share_on_mastodon":"0"},"categories":[67],"tags":[104,18648,1370,20159,34,12493,31,33,32,30,18620,105],"class_list":["post-257674","post","type-post","status-publish","format-standard","has-post-thumbnail","category-underhallning","tag-entertainment","tag-newsstory-hockey-vm-2026","tag-organization-fotbolls-vm","tag-person-kid-eriksson","tag-se","tag-sections-noje","tag-svenska","tag-sverige","tag-sweden","tag-swedish","tag-topic-musik","tag-underhallning"],"share_on_mastodon":{"url":"https:\/\/pubeurope.com\/@se\/116646579094887834","error":""},"_links":{"self":[{"href":"https:\/\/www.europesays.com\/se\/wp-json\/wp\/v2\/posts\/257674","targetHints":{"allow":["GET"]}}],"collection":[{"href":"https:\/\/www.europesays.com\/se\/wp-json\/wp\/v2\/posts"}],"about":[{"href":"https:\/\/www.europesays.com\/se\/wp-json\/wp\/v2\/types\/post"}],"author":[{"embeddable":true,"href":"https:\/\/www.europesays.com\/se\/wp-json\/wp\/v2\/users\/2"}],"replies":[{"embeddable":true,"href":"https:\/\/www.europesays.com\/se\/wp-json\/wp\/v2\/comments?post=257674"}],"version-history":[{"count":0,"href":"https:\/\/www.europesays.com\/se\/wp-json\/wp\/v2\/posts\/257674\/revisions"}],"wp:featuredmedia":[{"embeddable":true,"href":"https:\/\/www.europesays.com\/se\/wp-json\/wp\/v2\/media\/257675"}],"wp:attachment":[{"href":"https:\/\/www.europesays.com\/se\/wp-json\/wp\/v2\/media?parent=257674"}],"wp:term":[{"taxonomy":"category","embeddable":true,"href":"https:\/\/www.europesays.com\/se\/wp-json\/wp\/v2\/categories?post=257674"},{"taxonomy":"post_tag","embeddable":true,"href":"https:\/\/www.europesays.com\/se\/wp-json\/wp\/v2\/tags?post=257674"}],"curies":[{"name":"wp","href":"https:\/\/api.w.org\/{rel}","templated":true}]}}