{"id":25774,"date":"2025-09-09T14:09:09","date_gmt":"2025-09-09T14:09:09","guid":{"rendered":"https:\/\/www.europesays.com\/se\/25774\/"},"modified":"2025-09-09T14:09:09","modified_gmt":"2025-09-09T14:09:09","slug":"sa-klar-sig-politikerna-och-kungligheterna-under-riksmotets-oppnande-2025","status":"publish","type":"post","link":"https:\/\/www.europesays.com\/se\/25774\/","title":{"rendered":"S\u00e5 kl\u00e4r sig politikerna och kungligheterna under riksm\u00f6tets \u00f6ppnande 2025"},"content":{"rendered":"<p>Publicerad 9 sep 2025 kl 12.58Uppdaterad kl 15.51<\/p>\n<p>September \u00e4r m\u00e5naden f\u00f6r terminsstart och modeveckor. Riksm\u00f6tets \u00f6ppnande \u00e4r inget undantag \u2013 h\u00e4r \u00e4r getingbetygen p\u00e5 kungligheterna och politikernas h\u00f6gtidskl\u00e4der.<\/p>\n<p>Senaste nyhetsklippen fr\u00e5n Expressen.<img   alt=\"\"\/> <\/p>\n<p>Foto: OLLE SPORRONG<\/p>\n<p>\u00d6ppna bild i helsk\u00e4rm<img loading=\"lazy\"   alt=\"\"\/>\u00d6ppna bild i helsk\u00e4rmKung Carl Gustaf och drottning Silvia<img loading=\"lazy\"   alt=\"\"\/><\/p>\n<p>Kung Carl Gustaf och drottning Silvia \u2013 en perfekt match!<\/p>\n<p>Foto: Magnus Lejhall\/TT<\/p>\n<p>\u00d6ppna bild i helsk\u00e4rm<\/p>\n<p>Kungligheter b\u00e4r svartvitt under riksm\u00f6tets \u00f6ppnande. Det \u00e4r sedan gammalt. N\u00e4r man inte kan jobba med f\u00e4rg f\u00e5r man i st\u00e4llet lyfta kl\u00e4dseln med accessoarer, n\u00e5got drottning Silvia drar till sin spets med b\u00e5de brosch, handskar, smycken och huvudbonad. V\u00e4lbalanserat och propert utan att vara varken tr\u00e5kigt eller galet. B\u00e5de kajaven och kjolen har vi sett tidigare, till exempel under riksm\u00f6tets \u00f6ppnande 2020.\u00a0<\/p>\n<p>Kungen \u00e4r mer less is more med en dubbelkn\u00e4ppt kavaj. Dock en guldig, randig slips som piggar upp!\u00a0<\/p>\n<p>Kronprinsessan Victoria<img loading=\"lazy\"   alt=\"\"\/><\/p>\n<p>En trends\u00e4ker kronprinsessa.<\/p>\n<p>Foto: Jessica Gow\/TT<\/p>\n<p>\u00d6ppna bild i helsk\u00e4rm<img loading=\"lazy\"   alt=\"\"\/><\/p>\n<p>Kronprinsessans armband sticker ut.<\/p>\n<p>Foto: Anders Wiklund\/TT<\/p>\n<p>\u00d6ppna bild i helsk\u00e4rm<\/p>\n<p>Tro det eller ej, men prickigt, eller n\u00e4rmare best\u00e4mt polka dots, har varit en av de stora trenderna i \u00e5r b\u00e5de sett till modeveckorna och sociala medier. Med andra ord \u00e4r kronprinsessans val i tiden. Dessutom \u00e4r det en svensk design. Men ingen kl\u00e4nning som kommer att skapa rubriker kanske, desto mer intressant \u00e4r hennes val av armband som, i dubbel bem\u00e4rkelse, sticker ut.\u00a0<\/p>\n<p>Prins Carl Philip, prinsessan Madeleine och Christopher O&#8217;Neill<img loading=\"lazy\"   alt=\"\"\/><\/p>\n<p>Familjefoto!<\/p>\n<p>Foto: Magnus Lejhall\/TT<\/p>\n<p>\u00d6ppna bild i helsk\u00e4rm<\/p>\n<p>Prinsessan Madeleine f\u00e5r fulltr\u00e4ff n\u00e4r hon anl\u00e4nder ikl\u00e4dd en figursydd kavaj med matchande kjol och b\u00e4lte som f\u00f6rst\u00e4rker siluetten. H\u00e4r f\u00e5r i st\u00e4llet h\u00e5rupps\u00e4ttningen och huvudbonaden st\u00e5 i str\u00e5lkastarljuset.\u00a0<\/p>\n<p>B\u00e5de prins Carl Philip och Christopher O&#8217;Neill trotsar \u00e5rets trend \u2013 bland alla gr\u00f6na slipsar sticker de ut med var sin nyans av bl\u00e5.\u00a0<\/p>\n<p>Magdalena Andersson<img loading=\"lazy\"   alt=\"\"\/><\/p>\n<p>Magdalena Andersson tar det s\u00e4kra f\u00f6re det os\u00e4kra.<\/p>\n<p>Foto: OLLE SPORRONG<\/p>\n<p>\u00d6ppna bild i helsk\u00e4rm<\/p>\n<p>Det f\u00f6rsta man tittar p\u00e5 n\u00e4r Magdalena Andersson (S) g\u00f6r entr\u00e9 \u00e4r skorna. S-ledaren har n\u00e4mligen gjort sig skyldig till en och en annan skofad\u00e4s genom \u00e5ren. 2022 d\u00f6k hon upp i sneakers \u2013 ett misstag hon h\u00f6ll p\u00e5 att g\u00f6ra om i fjol innan hon i sista sekund sprang tillbaka f\u00f6r att byta om p\u00e5 f\u00f6tterna. Annars \u00e4r Magdalena Anderssons stil l\u00e4tt att k\u00e4nna igen. Oftast b\u00e4r hon dr\u00e4kt med matchande kjol eller kl\u00e4nning och kort jacka eller kavaj. Det h\u00e4r \u00e4r inget undantag. Fint, men kanske ett lite v\u00e4l s\u00e4kert kort.\u00a0<\/p>\n<p>Amanda Lind och Daniel Helld\u00e9n<img loading=\"lazy\"   alt=\"\"\/><\/p>\n<p>Amanda Lind och Daniel Helld\u00e9n under riksm\u00f6tets \u00f6ppnande 2025. Eller \u00e4r det 2024?<\/p>\n<p>Foto: OLLE SPORRONG<\/p>\n<p>\u00d6ppna bild i helsk\u00e4rm<\/p>\n<p>En favorit i repris \u00e4r ett \u00f6verskattat uttryck. Milj\u00f6partiets spr\u00e5kr\u00f6r Amanda Lind och Daniel Helld\u00e9n bjuder p\u00e5 en riktig d\u00e9j\u00e0 vu n\u00e4r de dyker upp i samma utstyrsel som i fjol. Att Amanda Lind \u00e5teranv\u00e4nder sin V\u00e4sterbottensdr\u00e4kt \u00e4r dock inget nytt. Hon har tidigare ber\u00e4ttat att dr\u00e4kten \u00e4r en g\u00e5va fr\u00e5n hennes mamma, med broderier av hennes mormor.<\/p>\n<p>Annons<\/p>\n<p>Men desto mindre kulturarv kan man tillskriva Daniel Helld\u00e9ns gr\u00f6na slips. \u00c4ven om gr\u00f6nt \u00e4r sk\u00f6nt hade han kunnat f\u00f6rnya sig n\u00e5got.\u00a0<\/p>\n<p>S\u00e5 h\u00e4r s\u00e5g MP-topparna ut 2024.\u00a0<\/p>\n<p><a href=\"https:\/\/www.instagram.com\/p\/C_vJqYSCdnx\/?igsh=MWM0OTN6a28wNjM5dA==\" data-provider=\"instagram\" class=\"js-social-embed\" rel=\"nofollow noopener\" target=\"_blank\">https:\/\/www.instagram.com\/p\/C_vJqYSCdnx\/?igsh=MWM0OTN6a28wNjM5dA==<\/a>Elisabeth Svantesson<img loading=\"lazy\"   alt=\"\"\/><\/p>\n<p>En till son! Elisabeth Svantesson med Joel.<\/p>\n<p>Foto: OLLE SPORRONG<\/p>\n<p>\u00d6ppna bild i helsk\u00e4rm<\/p>\n<p>Vad spenderar en finansminister pengar p\u00e5? Chanel! Den rosa, klassiska m\u00e4rkesv\u00e4skan tar \u00f6ver showen, trots att kl\u00e4nningen skriker. \u00c5tminstone till f\u00e4rgen.\u00a0<\/p>\n<p>Med sig har Elisabeth Svantesson (M) sonen Joel som kl\u00e4tt sig i en overzise kostym. Han har ocks\u00e5 uppkn\u00e4ppt krage. Bland alla slarvigt knutna slipsar \u00e4r det uppfriskande att se n\u00e5gon som helt enkelt l\u00e5ter bli. Gympaskorna var kanske att utmana \u00f6det, dock.<\/p>\n<p>Ardalan Shekarabi\u00a0<img loading=\"lazy\"   alt=\"\"\/><\/p>\n<p>Ardalan Shekarabi och Azadeh Rojhan.<\/p>\n<p>Foto: OLLE SPORRONG<\/p>\n<p>\u00d6ppna bild i helsk\u00e4rm<\/p>\n<p>Man kan tro att Ardalan Shekarabi (S) v\u00e4ljer kostym efter fluga, och inte tv\u00e4rtom. Dagen till \u00e4ra har han valt en bl\u00e5 fluga i ett tweed-liknande material som han matchar med en mer avskalad svart kostym. Och en mobil i handen, vilket drar ner helhetsintrycket n\u00e5got. Hade han inte kunnat be Azadeh Rojhan (S) att ha den i v\u00e4skan?\u00a0<\/p>\n<p>P\u00e5 det stora hela kl\u00e4r sig S-kollegerna stilrent och snyggt.<\/p>\n<p>Lena Hallengren<img loading=\"lazy\"   alt=\"\"\/><\/p>\n<p>Lena Hallengren matchar med sonen.<\/p>\n<p>Foto: OLLE SPORRONG<\/p>\n<p>\u00d6ppna bild i helsk\u00e4rm<\/p>\n<p>Har Lena Hallengren (S) fallit f\u00f6r Tiktok-trenden greige mom? Tydligen! Den tidigare socialministern g\u00f6r entr\u00e9 i en blommig gr\u00e5-beige kl\u00e4nning som f\u00f6rvisso matchar med sonen. Tyv\u00e4rr blir helhetsintrycket n\u00e5got vardagligt med klocka och f\u00e4rgerna som sm\u00e4lter ihop. Tur att f\u00e4rganalys \u00e4r s\u00e5 poppis nu.\u00a0<\/p>\n<p>Ebba Busch<img loading=\"lazy\"   alt=\"\"\/><\/p>\n<p>P\u00e5 begravning eller riksm\u00f6tets \u00f6ppnande? Inte helt sj\u00e4lvklart.<\/p>\n<p>Foto: OLLE SPORRONG<\/p>\n<p>\u00d6ppna bild i helsk\u00e4rm<\/p>\n<p>Trots att kl\u00e4dkoden om svartvitt blott g\u00e4ller kungligheterna \u00e4r det fler som dissar f\u00e4rg i \u00e5r, d\u00e4ribland KD-ledaren Ebba Busch. Ett smart val, om man vet vad man g\u00f6r. F\u00f6r risken \u00e4r ju att man ser ut som att man ska p\u00e5 begravning. I Ebba Buschs fall \u00e4r det p\u00e5 gr\u00e4nsen, men scarfen g\u00f6r passformen mer intressant och helheten lyfts ocks\u00e5 av skorna och v\u00e4skan som matchar.\u00a0<\/p>\n<p>Fler uppkl\u00e4dda g\u00e4ster<img loading=\"lazy\"   alt=\"\"\/><\/p>\n<p>Kulturminister Parisa Liljestrand och EU-minister Jessica Rosencrantz (M).<\/p>\n<p>Foto: Magnus Lejhall\/TT<\/p>\n<p>\u00d6ppna bild i helsk\u00e4rm<img loading=\"lazy\"   alt=\"\"\/><\/p>\n<p>Martin Melin (L) \u00e4r en av m\u00e5nga med gr\u00f6n slips under riksm\u00f6tets \u00f6ppnande.<\/p>\n<p>Foto: OLLE SPORRONG<\/p>\n<p>\u00d6ppna bild i helsk\u00e4rm<img loading=\"lazy\"   alt=\"\"\/><\/p>\n<p>Jimmie \u00c5kesson (SD) anl\u00e4nder i s\u00e4llskap med frun Matilda K\u00e4rnerup.<\/p>\n<p>Foto: OLLE SPORRONG<\/p>\n<p>\u00d6ppna bild i helsk\u00e4rm<img loading=\"lazy\"   alt=\"\"\/><\/p>\n<p>Talman Andreas Norl\u00e9n.<\/p>\n<p>Foto: OLLE SPORRONG<\/p>\n<p>\u00d6ppna bild i helsk\u00e4rm<img loading=\"lazy\"   alt=\"\"\/><\/p>\n<p>Jessica Stegrud (SD).<\/p>\n<p>Foto: OLLE SPORRONG<\/p>\n<p>\u00d6ppna bild i helsk\u00e4rm<script async src=\"\/\/www.instagram.com\/embed.js\"><\/script><\/p>\n","protected":false},"excerpt":{"rendered":"Publicerad 9 sep 2025 kl 12.58Uppdaterad kl 15.51 September \u00e4r m\u00e5naden f\u00f6r terminsstart och modeveckor. Riksm\u00f6tets \u00f6ppnande \u00e4r&hellip;\n","protected":false},"author":2,"featured_media":25775,"comment_status":"","ping_status":"","sticky":false,"template":"","format":"standard","meta":{"footnotes":""},"categories":[5],"tags":[22,23,26,27,17,21,24,25,28,29,15,16,3043,18,34,583,31,33,32,30,19,20],"class_list":{"0":"post-25774","1":"post","2":"type-post","3":"status-publish","4":"format-standard","5":"has-post-thumbnail","7":"category-rubriker","8":"tag-breaking-news","9":"tag-breakingnews","10":"tag-featured-news","11":"tag-featurednews","12":"tag-headlines","13":"tag-huvudnyheter","14":"tag-latest-news","15":"tag-latestnews","16":"tag-main-news","17":"tag-mainnews","18":"tag-news","19":"tag-nyheter","20":"tag-organization-riksdagen","21":"tag-rubriker","22":"tag-se","23":"tag-sections-politik","24":"tag-svenska","25":"tag-sverige","26":"tag-sweden","27":"tag-swedish","28":"tag-top-stories","29":"tag-topstories"},"share_on_mastodon":{"url":"","error":""},"_links":{"self":[{"href":"https:\/\/www.europesays.com\/se\/wp-json\/wp\/v2\/posts\/25774","targetHints":{"allow":["GET"]}}],"collection":[{"href":"https:\/\/www.europesays.com\/se\/wp-json\/wp\/v2\/posts"}],"about":[{"href":"https:\/\/www.europesays.com\/se\/wp-json\/wp\/v2\/types\/post"}],"author":[{"embeddable":true,"href":"https:\/\/www.europesays.com\/se\/wp-json\/wp\/v2\/users\/2"}],"replies":[{"embeddable":true,"href":"https:\/\/www.europesays.com\/se\/wp-json\/wp\/v2\/comments?post=25774"}],"version-history":[{"count":0,"href":"https:\/\/www.europesays.com\/se\/wp-json\/wp\/v2\/posts\/25774\/revisions"}],"wp:featuredmedia":[{"embeddable":true,"href":"https:\/\/www.europesays.com\/se\/wp-json\/wp\/v2\/media\/25775"}],"wp:attachment":[{"href":"https:\/\/www.europesays.com\/se\/wp-json\/wp\/v2\/media?parent=25774"}],"wp:term":[{"taxonomy":"category","embeddable":true,"href":"https:\/\/www.europesays.com\/se\/wp-json\/wp\/v2\/categories?post=25774"},{"taxonomy":"post_tag","embeddable":true,"href":"https:\/\/www.europesays.com\/se\/wp-json\/wp\/v2\/tags?post=25774"}],"curies":[{"name":"wp","href":"https:\/\/api.w.org\/{rel}","templated":true}]}}