{"id":258409,"date":"2026-05-28T06:11:18","date_gmt":"2026-05-28T06:11:18","guid":{"rendered":"https:\/\/www.europesays.com\/se\/258409\/"},"modified":"2026-05-28T06:11:18","modified_gmt":"2026-05-28T06:11:18","slug":"sa-sparar-du-tusenlappar-pa-bouppteckningen","status":"publish","type":"post","link":"https:\/\/www.europesays.com\/se\/258409\/","title":{"rendered":"S\u00e5 sparar du tusenlappar p\u00e5 bouppteckningen"},"content":{"rendered":"<p>Publicerad 26 maj 2026 kl 17.00<\/p>\n<p><img   alt=\"Se till s\u00e5 att du har ordning p\u00e5 viktiga dokument.\"\/><\/p>\n<p>Se till s\u00e5 att du har ordning p\u00e5 viktiga dokument. Foto: nampix \/ Shutterstock<\/p>\n<p>Dela artikel<\/p>\n<p>Kopiera l\u00e4nk<\/p>\n<p>L\u00e4nk kopierad<\/p>\n<p><strong>Fr\u00e5ga: <\/strong>Jag l\u00e4ste en fr\u00e5ga om bouppteckning som du svarade p\u00e5 nyligen. N\u00e5gon undrade om kostnaden de hade st\u00e4llts inf\u00f6r var rimlig, att den hade kommit som en liten chock f\u00f6r de inblandade.\u00a0<\/p>\n<p>Nu st\u00e5r jag och min sl\u00e4kt inf\u00f6r en liknande situation. Jag undrar d\u00e4rf\u00f6r om du kan ge n\u00e5gra r\u00e5d om hur vi h\u00e5ller kostnaderna nere, men att allt fortfarande g\u00e5r r\u00e4tt till, b\u00e5de r\u00e4ttvisem\u00e4ssigt och ekonomiskt. Vi vill inte sitta d\u00e4r med enorma fakturor mitt i sorgen.<\/p>\n","protected":false},"excerpt":{"rendered":"Publicerad 26 maj 2026 kl 17.00 Se till s\u00e5 att du har ordning p\u00e5 viktiga dokument. Foto: nampix&hellip;\n","protected":false},"author":2,"featured_media":258410,"comment_status":"","ping_status":"","sticky":false,"template":"","format":"standard","meta":{"footnotes":"","_share_on_mastodon":"0"},"categories":[65],"tags":[20388,72,70,71,20389,3278,20390,34,31,33,32,30],"class_list":["post-258409","post","type-post","status-publish","format-standard","has-post-thumbnail","category-ekonomi","tag-arv-testamente","tag-business","tag-economy","tag-ekonomi","tag-familjejuridik","tag-kvinna","tag-premium-ekonomi","tag-se","tag-svenska","tag-sverige","tag-sweden","tag-swedish"],"share_on_mastodon":{"url":"https:\/\/pubeurope.com\/@se\/116650723752058341","error":""},"_links":{"self":[{"href":"https:\/\/www.europesays.com\/se\/wp-json\/wp\/v2\/posts\/258409","targetHints":{"allow":["GET"]}}],"collection":[{"href":"https:\/\/www.europesays.com\/se\/wp-json\/wp\/v2\/posts"}],"about":[{"href":"https:\/\/www.europesays.com\/se\/wp-json\/wp\/v2\/types\/post"}],"author":[{"embeddable":true,"href":"https:\/\/www.europesays.com\/se\/wp-json\/wp\/v2\/users\/2"}],"replies":[{"embeddable":true,"href":"https:\/\/www.europesays.com\/se\/wp-json\/wp\/v2\/comments?post=258409"}],"version-history":[{"count":0,"href":"https:\/\/www.europesays.com\/se\/wp-json\/wp\/v2\/posts\/258409\/revisions"}],"wp:featuredmedia":[{"embeddable":true,"href":"https:\/\/www.europesays.com\/se\/wp-json\/wp\/v2\/media\/258410"}],"wp:attachment":[{"href":"https:\/\/www.europesays.com\/se\/wp-json\/wp\/v2\/media?parent=258409"}],"wp:term":[{"taxonomy":"category","embeddable":true,"href":"https:\/\/www.europesays.com\/se\/wp-json\/wp\/v2\/categories?post=258409"},{"taxonomy":"post_tag","embeddable":true,"href":"https:\/\/www.europesays.com\/se\/wp-json\/wp\/v2\/tags?post=258409"}],"curies":[{"name":"wp","href":"https:\/\/api.w.org\/{rel}","templated":true}]}}