{"id":258412,"date":"2026-05-28T06:14:11","date_gmt":"2026-05-28T06:14:11","guid":{"rendered":"https:\/\/www.europesays.com\/se\/258412\/"},"modified":"2026-05-28T06:14:11","modified_gmt":"2026-05-28T06:14:11","slug":"justitiedepartementet-utreder-carroll-efter-trump-konflikt","status":"publish","type":"post","link":"https:\/\/www.europesays.com\/se\/258412\/","title":{"rendered":"Justitiedepartementet utreder Carroll efter Trump-konflikt"},"content":{"rendered":"<p>Uppdaterad 28 maj 2026 kl 07.11Publicerad 28 maj 2026 kl 06.34<\/p>\n<p>Donald Trump forts\u00e4tter att ge sig p\u00e5 fiender via det amerikanska justitiedepartementet.<\/p>\n<p>N\u00e4sta offer \u00e4r E. Jean Carrol \u2013 som tidigare anklagat presidenten f\u00f6r sexuella trakasserier, enligt <a href=\"https:\/\/edition.cnn.com\/2026\/05\/27\/politics\/exclusive-justice-department-launched-e-jean-carroll-investigation\" rel=\"nofollow noopener\" target=\"_blank\">CNN<\/a>.<\/p>\n<p><img   alt=\"\"\/><\/p>\n<p>E. Jean Carrol var kolumnist p\u00e5 Elle Magazine fr\u00e5n 1993 till 2019.<\/p>\n<p>Foto: LEV RADIN \/ STELLA PICTURES<\/p>\n<p>\u00d6ppna bild i helsk\u00e4rm<img loading=\"lazy\"   alt=\"\"\/><\/p>\n<p>Donald Trump<\/p>\n<p>Foto: SAMUEL CORUM \/ POOL \/ EPA SIPA USA POOL<\/p>\n<p>\u00d6ppna bild i helsk\u00e4rmArtikeln i korthet<\/p>\n<p> Trump pressar justitiedepartementet att utreda Elizabeth Jean Carroll, enligt CNN.<\/p>\n<p> Carroll anklagade Trump f\u00f6r sexuella \u00f6vergrepp \u2013 nu misst\u00e4nks hon f\u00f6r mened.<\/p>\n<p> Anklagelserna har utmynnat i flera r\u00e4ttsliga tvister och stora skadest\u00e5nd p\u00e5 spel.<\/p>\n<p>Visa mer<\/p>\n<p>Det amerikanska justitiedepartementet har inlett en utredning mot den amerikanska journalisten Elizabeth Jean Carroll som tidigare har anklagat Donald Trump f\u00f6r sexuella \u00f6vergrepp, enligt uppgifter till <a href=\"https:\/\/www.expressen.se\/tagg\/organization\/cnn\/\" class=\"\" rel=\"nofollow noopener\" target=\"_blank\">CNN<\/a>.\u00a0<\/p>\n<p>Myndigheten ska utreda huruvida Carrol begick mened i samband med hennes tv\u00e5 civilr\u00e4ttsliga st\u00e4mningar mot presidenten.\u00a0<\/p>\n<p>Detta eftersom hon uppgett vid ett f\u00f6rh\u00f6r att hon inte f\u00e5tt n\u00e5gon extern finansiering. Det visade sig senare att miljard\u00e4ren Reid Hoffman hade t\u00e4ckt en del av hennes juridiska kostnader via en ideell organisation.<\/p>\n<p>E. Jean Carrol har tidigare anklagat Trump f\u00f6r att ha utsatt henne f\u00f6r sexuella \u00f6vergrepp i ett varuhus i New York p\u00e5 mitten av 90-talet. Hon st\u00e4mde honom \u00e5terigen 2019 f\u00f6r f\u00f6rtal efter att Trump f\u00f6rnekat \u00f6vergreppet och samtidigt sagt att hon inte var hans typ och att hon enbart gjorde det f\u00f6r att \u00f6ka f\u00f6rs\u00e4ljningen av sin bok.<\/p>\n<p>Skadest\u00e5nd p\u00e5 hundratals miljoner<\/p>\n<p>St\u00e4mningen \u00e4r det senaste av departementets f\u00f6rs\u00f6k att m\u00f6ta Trumps krav p\u00e5 att f\u00e4lla hans tidigare fiender.\u00a0<\/p>\n<p>Flera amerikanska medier rapporterade innan den tidigare justitieministern Pam Bondi fick sparken att Trump var mycket missn\u00f6jd med att hon inte hade f\u00e4llt fler. Hon ersattes senare av Trumps tidigare personliga advokat Todd Blanche. Enligt CNN var det ett f\u00f6rs\u00f6k fr\u00e5n presidenten att p\u00e5skynda vederg\u00e4llningarna.\u00a0<\/p>\n<p>Carrol \u00e4r fortfarande indragen i flera r\u00e4ttsliga tvister med presidenten, d\u00e4r juryer har tilld\u00f6mt henne skadest\u00e5nd men Trump \u00f6verklagat till h\u00f6gsta domstolen, enligt CNN. Det g\u00e4ller bland annat ett skadest\u00e5nd p\u00e5 drygt 50 miljoner kronor f\u00f6r sexuella \u00f6vergrepp, och Trump har \u00e4ven sagt att han t\u00e4nker g\u00f6ra detsamma f\u00f6r skadest\u00e5ndet i f\u00f6rtalsm\u00e5let p\u00e5 drygt 870 miljoner kronor.<\/p>\n","protected":false},"excerpt":{"rendered":"Uppdaterad 28 maj 2026 kl 07.11Publicerad 28 maj 2026 kl 06.34 Donald Trump forts\u00e4tter att ge sig p\u00e5&hellip;\n","protected":false},"author":2,"featured_media":258413,"comment_status":"","ping_status":"","sticky":false,"template":"","format":"standard","meta":{"footnotes":"","_share_on_mastodon":"0"},"categories":[5],"tags":[22,23,26,27,17,21,24,25,28,29,15,16,962,198,18,34,55,31,33,32,30,19,204,136,20],"class_list":["post-258412","post","type-post","status-publish","format-standard","has-post-thumbnail","category-rubriker","tag-breaking-news","tag-breakingnews","tag-featured-news","tag-featurednews","tag-headlines","tag-huvudnyheter","tag-latest-news","tag-latestnews","tag-main-news","tag-mainnews","tag-news","tag-nyheter","tag-organization-cnn","tag-person-donald-trump","tag-rubriker","tag-se","tag-sections-varlden","tag-svenska","tag-sverige","tag-sweden","tag-swedish","tag-top-stories","tag-topic-amerikansk-politik","tag-topic-rattegangar-domar","tag-topstories"],"share_on_mastodon":{"url":"https:\/\/pubeurope.com\/@se\/116650735467595410","error":""},"_links":{"self":[{"href":"https:\/\/www.europesays.com\/se\/wp-json\/wp\/v2\/posts\/258412","targetHints":{"allow":["GET"]}}],"collection":[{"href":"https:\/\/www.europesays.com\/se\/wp-json\/wp\/v2\/posts"}],"about":[{"href":"https:\/\/www.europesays.com\/se\/wp-json\/wp\/v2\/types\/post"}],"author":[{"embeddable":true,"href":"https:\/\/www.europesays.com\/se\/wp-json\/wp\/v2\/users\/2"}],"replies":[{"embeddable":true,"href":"https:\/\/www.europesays.com\/se\/wp-json\/wp\/v2\/comments?post=258412"}],"version-history":[{"count":0,"href":"https:\/\/www.europesays.com\/se\/wp-json\/wp\/v2\/posts\/258412\/revisions"}],"wp:featuredmedia":[{"embeddable":true,"href":"https:\/\/www.europesays.com\/se\/wp-json\/wp\/v2\/media\/258413"}],"wp:attachment":[{"href":"https:\/\/www.europesays.com\/se\/wp-json\/wp\/v2\/media?parent=258412"}],"wp:term":[{"taxonomy":"category","embeddable":true,"href":"https:\/\/www.europesays.com\/se\/wp-json\/wp\/v2\/categories?post=258412"},{"taxonomy":"post_tag","embeddable":true,"href":"https:\/\/www.europesays.com\/se\/wp-json\/wp\/v2\/tags?post=258412"}],"curies":[{"name":"wp","href":"https:\/\/api.w.org\/{rel}","templated":true}]}}