{"id":258539,"date":"2026-05-28T08:14:20","date_gmt":"2026-05-28T08:14:20","guid":{"rendered":"https:\/\/www.europesays.com\/se\/258539\/"},"modified":"2026-05-28T08:14:20","modified_gmt":"2026-05-28T08:14:20","slug":"strangnas-kommun-pa-plats-49-i-rankingen-av-lokalt-foretagsklimat","status":"publish","type":"post","link":"https:\/\/www.europesays.com\/se\/258539\/","title":{"rendered":"Str\u00e4ngn\u00e4s kommun p\u00e5 plats 49 i rankingen av lokalt f\u00f6retagsklimat"},"content":{"rendered":"<p class=\"font-normal\">Svenskt N\u00e4ringsliv genomf\u00f6r \u00e5rligen en unders\u00f6kning f\u00f6r att f\u00e5 en bild av hur medlemmarna upplever f\u00f6retagsklimatet i landets kommuner.<\/p>\n<p class=\"font-normal\">Att vi backar fr\u00e5n plats 32 f\u00f6rra \u00e5ret beror framf\u00f6r allt p\u00e5 att andra kommuner gjort st\u00f6rre f\u00f6rb\u00e4ttringar och d\u00e4rf\u00f6r kliver starkt fram\u00e5t.<\/p>\n<p class=\"font-normal\">De omr\u00e5den som f\u00f6rb\u00e4ttrats i Str\u00e4ngn\u00e4s \u00e4r:<\/p>\n<ul class=\" sol-bullet-list font-normal\">\n<li>p\u00e5verkan av brottslighet och otrygghet <\/li>\n<li>infrastruktur till och fr\u00e5n kommunen <\/li>\n<li>dialog med kommunen i viktiga fr\u00e5gor f\u00f6r f\u00f6retagen <\/li>\n<li>det lokala v\u00e4gn\u00e4tets framkomlighet och underh\u00e5ll<\/li>\n<\/ul>\n<p class=\"font-normal\">Omr\u00e5den d\u00e4r vi tappar \u00e4r:<\/p>\n<ul class=\" sol-bullet-list font-normal\">\n<li>upphandling<\/li>\n<li>kommunens service och bem\u00f6tande<\/li>\n<\/ul>\n<p class=\"font-normal\">\u2013 Att vi ligger stabilt inom topp 50 visar att vi g\u00f6r mycket r\u00e4tt. Samtidigt \u00e4r det i dialogen med v\u00e5ra f\u00f6retagare som de viktigaste insikterna finns. Genom enk\u00e4tsvar och fritextkommentarer f\u00e5r vi en tydlig bild av vad vi beh\u00f6ver utveckla f\u00f6r att ta n\u00e4sta steg \u2013 framf\u00f6r allt n\u00e4r det g\u00e4ller tydlighet, bem\u00f6tande och tillg\u00e4nglighet, s\u00e4ger Joakim Sw\u00e4rd, tillf\u00f6rordnad n\u00e4ringslivschef.<\/p>\n<p class=\"font-normal\">\u2013 Vi har i grunden ett stabilt f\u00f6retagsklimat men m\u00e5ste bli \u00e4nnu b\u00e4ttre! Hela kommunkoncernen m\u00e5ste h\u00f6ja niv\u00e5n ytterligare och vi kommer l\u00e4gga i ytterligare v\u00e4xlar f\u00f6r att vi tillsammans med f\u00f6retagen ska vara en av Sveriges b\u00e4sta platser f\u00f6r att driva f\u00f6retag p\u00e5, s\u00e4ger kommunstyrelsens ordf\u00f6rande Jacob H\u00f6gfeldt (M).<\/p>\n<p class=\"font-normal\"><a href=\"https:\/\/www.foretagsklimat.se\/strangnas\" rel=\"nofollow noopener\" target=\"_blank\">Mer information om resultatet fr\u00e5n rankningen finns p\u00e5 foretagsklimat.se.<\/a><\/p>\n","protected":false},"excerpt":{"rendered":"Svenskt N\u00e4ringsliv genomf\u00f6r \u00e5rligen en unders\u00f6kning f\u00f6r att f\u00e5 en bild av hur medlemmarna upplever f\u00f6retagsklimatet i landets&hellip;\n","protected":false},"author":2,"featured_media":258540,"comment_status":"","ping_status":"","sticky":false,"template":"","format":"standard","meta":{"footnotes":"","_share_on_mastodon":"0"},"categories":[65],"tags":[72,70,71,34,1546,31,33,32,30],"class_list":["post-258539","post","type-post","status-publish","format-standard","has-post-thumbnail","category-ekonomi","tag-business","tag-economy","tag-ekonomi","tag-se","tag-strangnas","tag-svenska","tag-sverige","tag-sweden","tag-swedish"],"share_on_mastodon":{"url":"https:\/\/pubeurope.com\/@se\/116651207273640576","error":""},"_links":{"self":[{"href":"https:\/\/www.europesays.com\/se\/wp-json\/wp\/v2\/posts\/258539","targetHints":{"allow":["GET"]}}],"collection":[{"href":"https:\/\/www.europesays.com\/se\/wp-json\/wp\/v2\/posts"}],"about":[{"href":"https:\/\/www.europesays.com\/se\/wp-json\/wp\/v2\/types\/post"}],"author":[{"embeddable":true,"href":"https:\/\/www.europesays.com\/se\/wp-json\/wp\/v2\/users\/2"}],"replies":[{"embeddable":true,"href":"https:\/\/www.europesays.com\/se\/wp-json\/wp\/v2\/comments?post=258539"}],"version-history":[{"count":0,"href":"https:\/\/www.europesays.com\/se\/wp-json\/wp\/v2\/posts\/258539\/revisions"}],"wp:featuredmedia":[{"embeddable":true,"href":"https:\/\/www.europesays.com\/se\/wp-json\/wp\/v2\/media\/258540"}],"wp:attachment":[{"href":"https:\/\/www.europesays.com\/se\/wp-json\/wp\/v2\/media?parent=258539"}],"wp:term":[{"taxonomy":"category","embeddable":true,"href":"https:\/\/www.europesays.com\/se\/wp-json\/wp\/v2\/categories?post=258539"},{"taxonomy":"post_tag","embeddable":true,"href":"https:\/\/www.europesays.com\/se\/wp-json\/wp\/v2\/tags?post=258539"}],"curies":[{"name":"wp","href":"https:\/\/api.w.org\/{rel}","templated":true}]}}