{"id":25881,"date":"2025-09-09T16:49:06","date_gmt":"2025-09-09T16:49:06","guid":{"rendered":"https:\/\/www.europesays.com\/se\/25881\/"},"modified":"2025-09-09T16:49:06","modified_gmt":"2025-09-09T16:49:06","slug":"maja-23-bestallde-max-lyxshake-fick-nagot-helt-annat","status":"publish","type":"post","link":"https:\/\/www.europesays.com\/se\/25881\/","title":{"rendered":"Maja, 23, best\u00e4llde Max lyxshake \u2013 fick n\u00e5got helt annat"},"content":{"rendered":"<p>Publicerad 9 sep 2025 kl 18.00<\/p>\n<p>\u00c4ppelmilkshake? Eller kycklingmilkshake? Nej, inget av det.<\/p>\n<p>23-\u00e5riga Maja fr\u00e5n Boden trodde inte sina smakl\u00f6kar n\u00e4r hon smakade p\u00e5 den nya \u201dlyxshaken\u201d fr\u00e5n Max.<\/p>\n<p>\u2013 Jag t\u00e4nkte att jag inbillade mig, s\u00e4ger hon.<\/p>\n<p>Se de senaste viralerna fr\u00e5n runtom i v\u00e4rlden.<img   alt=\"\"\/><\/p>\n<p>Det tog en stund innan Maja f\u00f6rstod vad milkshaken smakade.<\/p>\n<p>Foto: Privat<\/p>\n<p>\u00d6ppna bild i helsk\u00e4rmArtikeln i korthet<\/p>\n<p> Maja fick en chock n\u00e4r Max nya lyxshake smakade stark chili \u2013 inte \u00e4pple.<\/p>\n<p> Personalen uppt\u00e4ckte att \u201dApple cinnamon crumble\u201d f\u00e5tt fel ingrediens.<\/p>\n<p> Max ber om urs\u00e4kt och f\u00f6rklarar vad som har h\u00e4nt.<\/p>\n<p> \u201dJag rekommenderar inte chilishake\u201d, s\u00e4ger Maja.<\/p>\n<p>Visa mer<\/p>\n<p>Maja Jarblad, 23, fr\u00e5n <a href=\"https:\/\/www.expressen.se\/tagg\/location\/boden\/\" class=\"\" rel=\"nofollow noopener\" target=\"_blank\">Boden<\/a> var sugen p\u00e5 att testa Max nya lyxshake \u201dApple cinnamon crumble\u201d, som bland annat inneh\u00e5ller \u00e4pple- och kanelkompott och churros.<\/p>\n<p>\u201dMums\u201d, t\u00e4nkte Maja, som efter en klunk i tur och ordning blev: chockad, \u00e4cklad och f\u00f6rbryllad.<\/p>\n<p>Den smakade inte \u00e4pple.<\/p>\n<p>\u2013 Jag trodde f\u00f6rst att det inte var p\u00e5 riktigt. Jag t\u00e4nkte att jag inbillade mig, att det bara var typ j\u00e4ttemycket kanel i den eller n\u00e5got som gjorde det starkt, s\u00e4ger Maja.<\/p>\n<p>\u2013 Jag blev v\u00e4ldigt chockad. Allts\u00e5, det smakade ungef\u00e4r som en kycklinggryta eller n\u00e5got. En kall kycklinggryta, forts\u00e4tter hon.<\/p>\n<p><img loading=\"lazy\"   alt=\"\"\/><\/p>\n<p>Maja mer eller mindre dissekerade sin milkshake i jakt p\u00e5 vad den smakade.<\/p>\n<p>Foto: Privat<\/p>\n<p>\u00d6ppna bild i helsk\u00e4rm<img loading=\"lazy\"   alt=\"\"\/><\/p>\n<p>Och inte var det \u00e4pple.<\/p>\n<p>Foto: Privat<\/p>\n<p>\u00d6ppna bild i helsk\u00e4rm<img loading=\"lazy\"   alt=\"\"\/><\/p>\n<p>Det skulle vara en \u201dApple cinnamon crumble\u201d i Majas kopp.<\/p>\n<p>Foto: Max<\/p>\n<p>\u00d6ppna bild i helsk\u00e4rm<img loading=\"lazy\"   alt=\"\"\/><\/p>\n<p>Max s\u00e4ger att det som h\u00e4nt var \u201dmycket olyckligt\u201d.<\/p>\n<p>Foto: PATRIK C \u00d6STERBERG \/ STELLA PICTURES<\/p>\n<p>\u00d6ppna bild i helsk\u00e4rm\u201dPersonalen tittade f\u00f6rvirrat p\u00e5 varandra\u201d<\/p>\n<p>Men kyckling var det inte. Maja hade f\u00e5tt en milkshake med chilismak. Hennes sambo smakade ocks\u00e5 och k\u00e4nde samma sak.<\/p>\n<p>Maja \u00e5kte tillbaka till restaurangen f\u00f6r att kolla vad som hade h\u00e4nt.<\/p>\n<p>\u2013 De \u00f6ppnade l\u00e5dan med tillbeh\u00f6ren till lyxshakesen och tog fram beh\u00e5llaren som ska ha \u00e4ppelsmaken, och smakade sj\u00e4lva, och det var chilis\u00e5s, s\u00e4ger hon.<\/p>\n<p>Och personalen?<\/p>\n<p>\u2013 De tittade v\u00e4ldigt f\u00f6rvirrat p\u00e5 varandra och sm\u00e5skrattade lite. De tittade inte s\u00e5 mycket p\u00e5 mig, utan mest p\u00e5 varandra, och tyckte v\u00e4l att det var lite sm\u00e5roligt och konstigt och s\u00e5 d\u00e4r, beskriver Maja.<\/p>\n<p>Max f\u00f6rklaring: \u201dSweet heat\u201d-s\u00e5s\u00a0<\/p>\n<p>Maja fick en urs\u00e4kt och pengarna tillbaka av restaurangen.<\/p>\n<p>F\u00f6rbryllad \u00e4r hon dock fortfarande.<\/p>\n<p>\u2013 \u00c4r det n\u00e5gon som har bytt ut beh\u00e5llaren med flit f\u00f6r att kanske vara lite rolig, eller har n\u00e5gon haft en jobbig dag p\u00e5 jobbet, eller var det en olycksh\u00e4ndelse? Det vet jag inte, s\u00e4ger Maja.<\/p>\n<p><img loading=\"lazy\"   alt=\"\"\/><\/p>\n<p>Maja hittade sp\u00e5r av chili.<\/p>\n<p>Foto: Privat<\/p>\n<p>\u00d6ppna bild i helsk\u00e4rm<\/p>\n<p>Max presskontakt Helena Stenqvist bekr\u00e4ftar att \u201dett misstag dessv\u00e4rre har skett\u201d och att den nya lyxshaken fick fel ingrediens \u2013 Max nya \u201dSweet heat\u201d-s\u00e5s.<\/p>\n<p>\u2013 S\u00e5serna \u00e4r lika till utseendet, och trots att vi har m\u00e4rkning f\u00f6r s\u00e4rskiljning har den m\u00e4nskliga faktorn lett till att fel s\u00e5s anv\u00e4nts, vilket s\u00e5 klart \u00e4r mycket olyckligt. Misstaget \u00e5tg\u00e4rdades direkt n\u00e4r g\u00e4sten uppm\u00e4rksammade det, s\u00e4ger hon.<\/p>\n<p>Om Max trots allt skulle f\u00e5 f\u00f6r sig att lansera en chilimilkshake kan de bara h\u00f6ra av sig till Maja fr\u00e5n Boden f\u00f6r feedback. Smaktestet \u00e4r redan genomf\u00f6rt \u2013 och vi kan nu presentera betyget.<\/p>\n<p>\u2013 Nej, jag rekommenderar absolut inte Max chilishake. Jag hoppas att ingen annan har beh\u00f6vt smaka den, s\u00e4ger Maja.<\/p>\n","protected":false},"excerpt":{"rendered":"Publicerad 9 sep 2025 kl 18.00 \u00c4ppelmilkshake? Eller kycklingmilkshake? Nej, inget av det. 23-\u00e5riga Maja fr\u00e5n Boden trodde&hellip;\n","protected":false},"author":2,"featured_media":25882,"comment_status":"","ping_status":"","sticky":false,"template":"","format":"standard","meta":{"footnotes":""},"categories":[65],"tags":[72,70,71,3048,3047,34,154,31,33,32,30,990,145],"class_list":{"0":"post-25881","1":"post","2":"type-post","3":"status-publish","4":"format-standard","5":"has-post-thumbnail","7":"category-ekonomi","8":"tag-business","9":"tag-economy","10":"tag-ekonomi","11":"tag-location-boden","12":"tag-organization-max-burgers","13":"tag-se","14":"tag-sections-sverige","15":"tag-svenska","16":"tag-sverige","17":"tag-sweden","18":"tag-swedish","19":"tag-topic-livsmedel","20":"tag-topic-mat-dryck"},"share_on_mastodon":{"url":"","error":""},"_links":{"self":[{"href":"https:\/\/www.europesays.com\/se\/wp-json\/wp\/v2\/posts\/25881","targetHints":{"allow":["GET"]}}],"collection":[{"href":"https:\/\/www.europesays.com\/se\/wp-json\/wp\/v2\/posts"}],"about":[{"href":"https:\/\/www.europesays.com\/se\/wp-json\/wp\/v2\/types\/post"}],"author":[{"embeddable":true,"href":"https:\/\/www.europesays.com\/se\/wp-json\/wp\/v2\/users\/2"}],"replies":[{"embeddable":true,"href":"https:\/\/www.europesays.com\/se\/wp-json\/wp\/v2\/comments?post=25881"}],"version-history":[{"count":0,"href":"https:\/\/www.europesays.com\/se\/wp-json\/wp\/v2\/posts\/25881\/revisions"}],"wp:featuredmedia":[{"embeddable":true,"href":"https:\/\/www.europesays.com\/se\/wp-json\/wp\/v2\/media\/25882"}],"wp:attachment":[{"href":"https:\/\/www.europesays.com\/se\/wp-json\/wp\/v2\/media?parent=25881"}],"wp:term":[{"taxonomy":"category","embeddable":true,"href":"https:\/\/www.europesays.com\/se\/wp-json\/wp\/v2\/categories?post=25881"},{"taxonomy":"post_tag","embeddable":true,"href":"https:\/\/www.europesays.com\/se\/wp-json\/wp\/v2\/tags?post=25881"}],"curies":[{"name":"wp","href":"https:\/\/api.w.org\/{rel}","templated":true}]}}