{"id":259468,"date":"2026-05-29T04:17:13","date_gmt":"2026-05-29T04:17:13","guid":{"rendered":"https:\/\/www.europesays.com\/se\/259468\/"},"modified":"2026-05-29T04:17:13","modified_gmt":"2026-05-29T04:17:13","slug":"emil-persson-om-sexiga-stamningen-i-fordomsshowen","status":"publish","type":"post","link":"https:\/\/www.europesays.com\/se\/259468\/","title":{"rendered":"Emil Persson om sexiga st\u00e4mningen i F\u00f6rdomsshowen"},"content":{"rendered":"<p>Uppdaterad 28 maj 2026 kl 14.45Publicerad 29 maj 2026 kl 06.00<\/p>\n<p>Hur var det egentligen med &#8221;sexiga st\u00e4mningen&#8221; i den omtalade partiledarintervjun med KD:s Ebba Busch? Och hur gick tankarna n\u00e4r en annan partiledare avsl\u00f6jade bilsexet.<br \/>\nEmil Persson tar med oss i bakom kulisserna av \u201dF\u00f6rdomsshowen och F\u00f6rdomspodden\u201d och avsl\u00f6jar bland annat varf\u00f6r Jan Emanuel ville avbryta inspelningen.<br \/>\nG\u00e4ster i programmet: Emil Persson<\/p>\n<p>            <a href=\"mailto:webbrattelse@expressen.se?subject=Fel%20i%20artikel%3A%20Sanningen%20om%20sexiga%20st%C3%A4mningen%20i%20F%C3%B6rdomsshowen&amp;body=En%20l%C3%A4sare%20rapporterar%20fel%20i%20https%3A%2F%2Fwww.expressen.se%2Ftv%2Fnoje%2Fsanningen-om-sexiga-stamningen-i-fordomsshowen%2F%0A%0AKommentar%3A%20\"><br \/>\n              Anm\u00e4l text- och faktafel<br \/>\n            <\/a><a href=\"https:\/\/www.expressen.se\/om-expressen\/sa-jobbar-vi-med-korrekta-publiceringar\/\" rel=\"nofollow noopener\" target=\"_blank\">V\u00e5ra kvalitetsrutiner<\/a><\/p>\n","protected":false},"excerpt":{"rendered":"Uppdaterad 28 maj 2026 kl 14.45Publicerad 29 maj 2026 kl 06.00 Hur var det egentligen med &#8221;sexiga st\u00e4mningen&#8221;&hellip;\n","protected":false},"author":2,"featured_media":259469,"comment_status":"","ping_status":"","sticky":false,"template":"","format":"standard","meta":{"footnotes":"","_share_on_mastodon":"0"},"categories":[67],"tags":[104,17646,17943,34,12493,31,33,32,30,105],"class_list":["post-259468","post","type-post","status-publish","format-standard","has-post-thumbnail","category-underhallning","tag-entertainment","tag-organization-bts-vodd","tag-organization-fordomspodden","tag-se","tag-sections-noje","tag-svenska","tag-sverige","tag-sweden","tag-swedish","tag-underhallning"],"share_on_mastodon":{"url":"https:\/\/pubeurope.com\/@se\/116655937660677782","error":""},"_links":{"self":[{"href":"https:\/\/www.europesays.com\/se\/wp-json\/wp\/v2\/posts\/259468","targetHints":{"allow":["GET"]}}],"collection":[{"href":"https:\/\/www.europesays.com\/se\/wp-json\/wp\/v2\/posts"}],"about":[{"href":"https:\/\/www.europesays.com\/se\/wp-json\/wp\/v2\/types\/post"}],"author":[{"embeddable":true,"href":"https:\/\/www.europesays.com\/se\/wp-json\/wp\/v2\/users\/2"}],"replies":[{"embeddable":true,"href":"https:\/\/www.europesays.com\/se\/wp-json\/wp\/v2\/comments?post=259468"}],"version-history":[{"count":0,"href":"https:\/\/www.europesays.com\/se\/wp-json\/wp\/v2\/posts\/259468\/revisions"}],"wp:featuredmedia":[{"embeddable":true,"href":"https:\/\/www.europesays.com\/se\/wp-json\/wp\/v2\/media\/259469"}],"wp:attachment":[{"href":"https:\/\/www.europesays.com\/se\/wp-json\/wp\/v2\/media?parent=259468"}],"wp:term":[{"taxonomy":"category","embeddable":true,"href":"https:\/\/www.europesays.com\/se\/wp-json\/wp\/v2\/categories?post=259468"},{"taxonomy":"post_tag","embeddable":true,"href":"https:\/\/www.europesays.com\/se\/wp-json\/wp\/v2\/tags?post=259468"}],"curies":[{"name":"wp","href":"https:\/\/api.w.org\/{rel}","templated":true}]}}