{"id":259638,"date":"2026-05-29T07:43:17","date_gmt":"2026-05-29T07:43:17","guid":{"rendered":"https:\/\/www.europesays.com\/se\/259638\/"},"modified":"2026-05-29T07:43:17","modified_gmt":"2026-05-29T07:43:17","slug":"har-ar-nya-nar-vi-graver-guld-i-usa-med-ges-barnen","status":"publish","type":"post","link":"https:\/\/www.europesays.com\/se\/259638\/","title":{"rendered":"H\u00e4r \u00e4r nya \u201dN\u00e4r vi gr\u00e4ver guld i USA\u201d med GES-barnen"},"content":{"rendered":"<p>Uppdaterad 29 maj 2026 kl 07.15Publicerad 29 maj 2026 kl 07.14<\/p>\n<p>Nu \u00e4r nytolkningen av GES hitl\u00e5t fr\u00e5n 1994 \u201dN\u00e4r vi gr\u00e4ver guld i USA\u201d sl\u00e4ppt. Skaparna av nya l\u00e5ten \u00e4r Tjuvjakt tillsammans med Niklas Str\u00f6mstedts son Simon Str\u00f6mstedt, Anders Glenmarks dotter Julia Glenmark och Thomas \u201dOrup\u201d Erikssons son Kid Eriksson, som \u00e4r en del av Tjuvjakt.<\/p>\n<p>            <a href=\"mailto:webbrattelse@expressen.se?subject=Fel%20i%20artikel%3A%20H%C3%A4r%20%C3%A4r%20nya%20%E2%80%9DN%C3%A4r%20vi%20gr%C3%A4ver%20guld%20i%20USA%E2%80%9D%20%E2%80%93%20det%20har%20f%C3%B6r%C3%A4ndrats&amp;body=En%20l%C3%A4sare%20rapporterar%20fel%20i%20https%3A%2F%2Fwww.expressen.se%2Ftv%2Fnoje%2Fhar-ar-nya-nar-vi-graver-guld-i-usa-det-har-forandrats%2F%0A%0AKommentar%3A%20\"><br \/>\n              Anm\u00e4l text- och faktafel<br \/>\n            <\/a><a href=\"https:\/\/www.expressen.se\/om-expressen\/sa-jobbar-vi-med-korrekta-publiceringar\/\" rel=\"nofollow noopener\" target=\"_blank\">V\u00e5ra kvalitetsrutiner<\/a><\/p>\n","protected":false},"excerpt":{"rendered":"Uppdaterad 29 maj 2026 kl 07.15Publicerad 29 maj 2026 kl 07.14 Nu \u00e4r nytolkningen av GES hitl\u00e5t fr\u00e5n&hellip;\n","protected":false},"author":2,"featured_media":259639,"comment_status":"","ping_status":"","sticky":false,"template":"","format":"standard","meta":{"footnotes":"","_share_on_mastodon":"0"},"categories":[67],"tags":[104,17438,20656,20159,3791,34,12493,31,33,32,30,18620,105],"class_list":["post-259638","post","type-post","status-publish","format-standard","has-post-thumbnail","category-underhallning","tag-entertainment","tag-person-anders-glenmark","tag-person-ges","tag-person-kid-eriksson","tag-person-niklas-stromstedt","tag-se","tag-sections-noje","tag-svenska","tag-sverige","tag-sweden","tag-swedish","tag-topic-musik","tag-underhallning"],"share_on_mastodon":{"url":"https:\/\/pubeurope.com\/@se\/116656747450481327","error":""},"_links":{"self":[{"href":"https:\/\/www.europesays.com\/se\/wp-json\/wp\/v2\/posts\/259638","targetHints":{"allow":["GET"]}}],"collection":[{"href":"https:\/\/www.europesays.com\/se\/wp-json\/wp\/v2\/posts"}],"about":[{"href":"https:\/\/www.europesays.com\/se\/wp-json\/wp\/v2\/types\/post"}],"author":[{"embeddable":true,"href":"https:\/\/www.europesays.com\/se\/wp-json\/wp\/v2\/users\/2"}],"replies":[{"embeddable":true,"href":"https:\/\/www.europesays.com\/se\/wp-json\/wp\/v2\/comments?post=259638"}],"version-history":[{"count":0,"href":"https:\/\/www.europesays.com\/se\/wp-json\/wp\/v2\/posts\/259638\/revisions"}],"wp:featuredmedia":[{"embeddable":true,"href":"https:\/\/www.europesays.com\/se\/wp-json\/wp\/v2\/media\/259639"}],"wp:attachment":[{"href":"https:\/\/www.europesays.com\/se\/wp-json\/wp\/v2\/media?parent=259638"}],"wp:term":[{"taxonomy":"category","embeddable":true,"href":"https:\/\/www.europesays.com\/se\/wp-json\/wp\/v2\/categories?post=259638"},{"taxonomy":"post_tag","embeddable":true,"href":"https:\/\/www.europesays.com\/se\/wp-json\/wp\/v2\/tags?post=259638"}],"curies":[{"name":"wp","href":"https:\/\/api.w.org\/{rel}","templated":true}]}}