{"id":259904,"date":"2026-05-29T12:07:18","date_gmt":"2026-05-29T12:07:18","guid":{"rendered":"https:\/\/www.europesays.com\/se\/259904\/"},"modified":"2026-05-29T12:07:18","modified_gmt":"2026-05-29T12:07:18","slug":"eva-strom-om-kott-kan-kultureliten-inte-lasa-langre","status":"publish","type":"post","link":"https:\/\/www.europesays.com\/se\/259904\/","title":{"rendered":"Eva Str\u00f6m om \u201dK\u00f6tt\u201d: Kan kultureliten inte l\u00e4sa l\u00e4ngre?"},"content":{"rendered":"<p>Publicerad 29 maj 2026 kl 14.00<\/p>\n<p>Debatten om David Szalays Bookerbel\u00f6nade roman \u201dK\u00f6tt\u201d rasar vidare.\u00a0<\/p>\n<p>Eva Str\u00f6m undrar vad det \u00e4r kvinnorna i kultureliten inte begriper.\u00a0<\/p>\n<p><img   alt=\"\"\/><\/p>\n<p>Eva Str\u00f6m \u00e4r f\u00f6rfattare och kritiker. Hennes senaste bok \u00e4r diktsamlingen \u201dDen underjordiska floden\u201d.<\/p>\n<p>Foto: Emil Malmborg \/ Albert Bonniers<\/p>\n<p>\u00d6ppna bild i helsk\u00e4rm<img loading=\"lazy\"   alt=\"\"\/><\/p>\n<p>Mikaela Blomqvist \u00e4r litteratur- och teaterkritiker i G\u00f6teborgs-Posten.<\/p>\n<p>Foto: HANNA BRUNL\u00d6F WINDELL<\/p>\n<p>\u00d6ppna bild i helsk\u00e4rm<img loading=\"lazy\"   alt=\"\"\/><\/p>\n<p>Elisabeth Hjorth \u00e4r f\u00f6rfattare, forskare och kritiker.<\/p>\n<p>Foto: Johan Nilsson\/TT \/ TT NYHETSBYR\u00c5N<\/p>\n<p>\u00d6ppna bild i helsk\u00e4rm<\/p>\n<p><strong>KULTURDEBATT. <\/strong>Det \u00e4r med \u00f6kande bekl\u00e4mning jag l\u00e4st kommentarerna till <strong>David Szalays<\/strong> roman \u201dK\u00f6tt\u201d och diskussionen kring huvudpersonens Istv\u00e1ns psyke. <a href=\"https:\/\/www.gp.se\/kultur-noje\/kulturkronika\/lasare-nar-ska-ni-lara-er-att-kanna-igen-kitsch.d8991cb0-e5a9-460f-a805-c7309f3f4746\" rel=\"nofollow noopener\" target=\"_blank\">Senast ans\u00e5g <\/a>psykologen <strong>Mikaela Blomqvist<\/strong> att romanen \u00e4r kitsch, och <a href=\"https:\/\/www.expressen.se\/kultur\/kulturdebatt\/lasning-var-en-gang--i-tiden-folkets-religion\/\" rel=\"nofollow noopener\" target=\"_blank\">f\u00e5r medh\u00e5ll<\/a> av <strong>Elisabeth Hjorth<\/strong>. Ut\u00f6ver dem har en snacksalig, mestadels kvinnlig kulturelit haft uppenbara sv\u00e5righeter att f\u00f6rst\u00e5 sig p\u00e5 en ordkarg man fr\u00e5n ungersk arbetarklass som exempelvis inte har \u00e5sikter om konstverken p\u00e5 National gallery i <a href=\"https:\/\/www.expressen.se\/tagg\/location\/london\/\" class=\"\" rel=\"nofollow noopener\" target=\"_blank\">London<\/a>.<\/p>\n<p>Den 15-\u00e5rige Istv\u00e1n blir groomad och sexuellt utnyttjad av en 42-\u00e5rig kvinna. Hon vill ha honom som k\u00f6tt och inget annat. H\u00e4r tycks man besviken att ingen inre monolog (som i <strong>James Joyces<\/strong> i \u201dUlysses\u201d) beskriver skeendet. \u00c4r det inte rimligare det som faktiskt beskrivs \u2013 hur en erfarenhet utanf\u00f6r allt Istv\u00e1n upplevt leder till enbart registrerande av det som sker? Det \u00e4r ett beteende som \u00e4r vanligt vid trauma och otroligt skickligt skildrat av Szalay. Istv\u00e1n blir sedan k\u00e4r och besatt i sin groomer med tragiskt resultat. Han \u00e4r varken utan k\u00e4nslor eller undertext. N\u00e4r han sedan fumlig och blyg dumpas av en flickv\u00e4n tar han v\u00e4rvning, i ett annat sammanhang d\u00e4r valutan heter k\u00f6tt.<\/p>\n<p><img loading=\"lazy\"   alt=\"\"\/><\/p>\n<p>\u201dK\u00f6tt\u201d \u00e4r v\u00e5rens mest omdiskuterade roman.<\/p>\n<p>\u00d6ppna bild i helsk\u00e4rm<img loading=\"lazy\"   alt=\"\"\/><\/p>\n<p>F\u00f6rfattaren David Szalay.<\/p>\n<p>Foto: Jonas Matyassy \/ Albert Bonniers<\/p>\n<p>\u00d6ppna bild i helsk\u00e4rm<\/p>\n<p>S\u00e5 \u00e4r det ocks\u00e5 i London dit \u00f6ststatskillen kommer i b\u00f6rjan av 1990-talet och det rika v\u00e4st h\u00e4grar. Fysisk styrka har han, han f\u00e5r bli d\u00f6rrvakt p\u00e5 strippklubb. N\u00e4r han sen befordras till chauff\u00f6r av en rik man, som han r\u00e4ddar ur ett slagsm\u00e5l, blir han ocks\u00e5 objekt f\u00f6r dennes uppfostran. \u00c4t l\u00e5ngsamt! Inte som om du \u00e4r hungrig! Se ledig ut i din uppkl\u00e4dda uniform, sov 14 dagar i den! Tala inte f\u00f6rr\u00e4n du blir tilltalad! \u00c4r det att undra p\u00e5 att Istv\u00e1n inte \u00e4r taltr\u00e4ngd eller har lust att delge sina \u00e5sikter? Han har f\u00f6rst\u00e5tt att de anses v\u00e4rdel\u00f6sa. Att vara tyst \u00e4r det s\u00e4kraste s\u00e4ttet att d\u00f6lja os\u00e4kerhet och brist p\u00e5 k\u00e4nnedom om de sociala koderna.<\/p>\n<p>S\u00e5 blir han uppraggad av frun i huset som ocks\u00e5 ser ett attraktivt k\u00f6tt i den unge chauff\u00f6ren. \u00c5ter blir han motvilligt f\u00f6rf\u00f6rd. Och s\u00e5 sm\u00e5ningom gift med densamma och sedan \u00e4ven approcherad av hustruns v\u00e4ninnor.<\/p>\n<blockquote><p>Det forna \u00f6st fortfarande \u00e4r l\u00e5gstatus.<\/p><\/blockquote>\n<p>Nej David Szalays s\u00e4tt att skriva p\u00e5minner inte om <strong>Virginia Woolfs <\/strong>eller James Joyce. H\u00e4r finns ingen stream of consciousness att bekv\u00e4mt luta sig mot. Hans prosa p\u00e5minner inte heller om den sentimentalt, varmhj\u00e4rtade <strong>Dickens<\/strong> i \u201dLysande utsikter\u201d, utan har i s\u00e5 fall mer av <strong>Hjalmar S\u00f6derbergs<\/strong> deterministiska melankoli.\u00a0<\/p>\n<p>Istv\u00e1n \u00e4r ett traumatiserat barn som inte kapitaliserar p\u00e5 sitt trauma i sommarprogram med h\u00e4ftig rockmusik eller som skriver autobiografi som <strong>\u00c9douard Louis<\/strong> \u2013 han bara lever p\u00e5 s\u00e5 gott han kan i ett pl\u00e5gat Europa \u2013 d\u00e4r det forna \u00f6st fortfarande \u00e4r l\u00e5gstatus.\u00a0<\/p>\n<p>Han \u00e4r v\u00e4rd n\u00e5got b\u00e4ttre \u00e4n att avf\u00e4rdas med att han saknar ett inre liv av en taltr\u00e4ngd kulturelit som har \u00e5sikter om precis allting. Och f\u00f6rst\u00e5else f\u00f6r ingen utom f\u00f6r dem som kommer ur det egna skiktet. B\u00e4sta Bookerpriset p\u00e5 l\u00e5nge!<\/p>\n<p><strong>Av Eva Str\u00f6m<\/strong><\/p>\n<p>Eva Str\u00f6m \u00e4r f\u00f6rfattare och kulturskribent.\u00a0<\/p>\n","protected":false},"excerpt":{"rendered":"Publicerad 29 maj 2026 kl 14.00 Debatten om David Szalays Bookerbel\u00f6nade roman \u201dK\u00f6tt\u201d rasar vidare.\u00a0 Eva Str\u00f6m undrar&hellip;\n","protected":false},"author":2,"featured_media":259905,"comment_status":"","ping_status":"","sticky":false,"template":"","format":"standard","meta":{"footnotes":"","_share_on_mastodon":"0"},"categories":[67],"tags":[104,286,433,34,106,31,33,32,30,105],"class_list":["post-259904","post","type-post","status-publish","format-standard","has-post-thumbnail","category-underhallning","tag-entertainment","tag-location-europa","tag-location-london","tag-se","tag-sections-ide","tag-svenska","tag-sverige","tag-sweden","tag-swedish","tag-underhallning"],"share_on_mastodon":{"url":"https:\/\/pubeurope.com\/@se\/116657785995751970","error":""},"_links":{"self":[{"href":"https:\/\/www.europesays.com\/se\/wp-json\/wp\/v2\/posts\/259904","targetHints":{"allow":["GET"]}}],"collection":[{"href":"https:\/\/www.europesays.com\/se\/wp-json\/wp\/v2\/posts"}],"about":[{"href":"https:\/\/www.europesays.com\/se\/wp-json\/wp\/v2\/types\/post"}],"author":[{"embeddable":true,"href":"https:\/\/www.europesays.com\/se\/wp-json\/wp\/v2\/users\/2"}],"replies":[{"embeddable":true,"href":"https:\/\/www.europesays.com\/se\/wp-json\/wp\/v2\/comments?post=259904"}],"version-history":[{"count":0,"href":"https:\/\/www.europesays.com\/se\/wp-json\/wp\/v2\/posts\/259904\/revisions"}],"wp:featuredmedia":[{"embeddable":true,"href":"https:\/\/www.europesays.com\/se\/wp-json\/wp\/v2\/media\/259905"}],"wp:attachment":[{"href":"https:\/\/www.europesays.com\/se\/wp-json\/wp\/v2\/media?parent=259904"}],"wp:term":[{"taxonomy":"category","embeddable":true,"href":"https:\/\/www.europesays.com\/se\/wp-json\/wp\/v2\/categories?post=259904"},{"taxonomy":"post_tag","embeddable":true,"href":"https:\/\/www.europesays.com\/se\/wp-json\/wp\/v2\/tags?post=259904"}],"curies":[{"name":"wp","href":"https:\/\/api.w.org\/{rel}","templated":true}]}}