{"id":26042,"date":"2025-09-09T21:41:10","date_gmt":"2025-09-09T21:41:10","guid":{"rendered":"https:\/\/www.europesays.com\/se\/26042\/"},"modified":"2025-09-09T21:41:10","modified_gmt":"2025-09-09T21:41:10","slug":"katter-levde-i-misar-man-doms-for-djurplageri","status":"publish","type":"post","link":"https:\/\/www.europesays.com\/se\/26042\/","title":{"rendered":"Katter levde i mis\u00e4r \u2013 man d\u00f6ms f\u00f6r djurpl\u00e5geri"},"content":{"rendered":"<p>Publicerad 9 sep 2025 kl 21.40<\/p>\n<p>Katterna st\u00e4ngdes in i burar och levde i mis\u00e4r \u2013 enligt l\u00e4nsveterin\u00e4ren \u201dunder tortyrliknande f\u00f6rh\u00e5llanden\u201d.<\/p>\n<p>Nu d\u00f6ms en man f\u00f6r djurpl\u00e5geri.<\/p>\n<p>Nyheter, reportage och analyser i Sverige och i \u00f6vriga v\u00e4rlden.<img   alt=\"\"\/><\/p>\n<p>H\u00e4r i stallet h\u00f6lls katterna tre och tre i tv\u00e5 olika burar.<\/p>\n<p>Foto: L\u00e4nsstyrelsen \/ Polisen<\/p>\n<p>\u00d6ppna bild i helsk\u00e4rm<img loading=\"lazy\"   alt=\"\"\/><\/p>\n<p>Utomhus fanns tv\u00e5 katter i kaninburar.<\/p>\n<p>Foto: L\u00e4nsstyrelsen \/ Polisen<\/p>\n<p>\u00d6ppna bild i helsk\u00e4rm<img loading=\"lazy\"   alt=\"\"\/><\/p>\n<p>S\u00e5 h\u00e4r s\u00e5g det ut i burarna utomhus, d\u00e4r katterna enligt l\u00e4nsstyrelsen saknade dricksvatten.<\/p>\n<p>Foto: L\u00e4nsstyrelsen \/ Polisen<\/p>\n<p>\u00d6ppna bild i helsk\u00e4rm<img loading=\"lazy\"   alt=\"\"\/><\/p>\n<p>Underlaget i stallburarna var enligt l\u00e4nsstyrelsen \u201dsom en smutsig g\u00f6dselb\u00e4dd av gammalt sp\u00e5n och avf\u00f6ring\/urin\u201d.<\/p>\n<p>Foto: L\u00e4nsstyrelsen \/ Polisen<\/p>\n<p>\u00d6ppna bild i helsk\u00e4rm<img loading=\"lazy\"   alt=\"\"\/><\/p>\n<p>Enligt l\u00e4nsstyrelsen var katterna \u201dmycket flyktben\u00e4gna\u201d och \u201dgick inte att ta i\u201d.<\/p>\n<p>Foto: L\u00e4nsstyrelsen \/ Polisen<\/p>\n<p>\u00d6ppna bild i helsk\u00e4rm<\/p>\n<p>I september 2023 gjorde l\u00e4nsstyrelsen ett bes\u00f6k p\u00e5 en g\u00e5rd utanf\u00f6r <a href=\"https:\/\/www.expressen.se\/tagg\/location\/sundsvall\/\" class=\"\" rel=\"nofollow noopener\" target=\"_blank\">Sundsvall<\/a>, efter att en granne hade slagit larm.<\/p>\n<p>D\u00e4r m\u00f6ttes de av en dr\u00f6s katter \u2013 varav \u00e5tta var inst\u00e4ngda i burar.<\/p>\n<p>Tv\u00e5 katter var inst\u00e4ngda i kaninburar utomhus. Inne i ett stall var ytterligare sex katter inst\u00e4ngda, tre och tre, i tv\u00e5 olika burar.<\/p>\n<p>Katter utsatta f\u00f6r lidande<\/p>\n<p>De bodde i smutsigt str\u00f6, med urin och avf\u00f6ring. De hade inget vatten, och var enligt l\u00e4nsstyrelsen r\u00e4dda och ohanterliga.<\/p>\n<p>N\u00e4r l\u00e4nsveterin\u00e4ren Hel\u00e9n L\u00f6fblad skulle beskriva h\u00e4ndelsen i f\u00f6rh\u00f6r sa hon att hon under 30 \u00e5r som veterin\u00e4r aldrig hade varit med om n\u00e5got liknande. Hon sa att katterna h\u00f6lls \u201dunder tortyrliknande f\u00f6rh\u00e5llanden\u201d och att de hade utsatts f\u00f6r \u201dett allvarligt psykiskt och fysiskt lidande\u201d.<\/p>\n<p>Totalt omh\u00e4ndertogs elva katter, varav en fick avlivas.<\/p>\n<p>Man d\u00f6ms \u2013 fru frias<\/p>\n<p>Nu har en man i 60-\u00e5rs\u00e5ldern d\u00f6mts till villkorlig dom och dagsb\u00f6ter f\u00f6r djurpl\u00e5geri. Han f\u00f6rnekade brott och sa att det var vildkatter han f\u00e5ngat in f\u00f6r at avliva, d\u00e5 de brukade med hans och hans frus egna katter, och att de fick mat och vatten dagligen.<\/p>\n<p>Men tingsr\u00e4tten anser att mannen \u201dl\u00e4mnat en ber\u00e4ttelse som inte \u00e4r trov\u00e4rdig\u201d. Den anser att han borde ha f\u00f6rst\u00e5tt att det fanns en risk att katterna led, men att han var likgiltig inf\u00f6r det.<\/p>\n<p>Mannens fru, som ocks\u00e5 stod \u00e5talad, frias fr\u00e5n brott. B\u00e5de hon och maken uppgav att det var han som hade ansvar f\u00f6r katterna.<\/p>\n<p><strong>L\u00c4S MER: <\/strong><a href=\"https:\/\/www.expressen.se\/nyheter\/sverige\/katter-levde-i-misar-par-infor-ratta\/\" class=\"\" rel=\"nofollow noopener\" target=\"_blank\">Katter levde i mis\u00e4r \u2013 par inf\u00f6r r\u00e4tta<\/a><\/p>\n","protected":false},"excerpt":{"rendered":"Publicerad 9 sep 2025 kl 21.40 Katterna st\u00e4ngdes in i burar och levde i mis\u00e4r \u2013 enligt l\u00e4nsveterin\u00e4ren&hellip;\n","protected":false},"author":2,"featured_media":26043,"comment_status":"","ping_status":"","sticky":false,"template":"","format":"standard","meta":{"footnotes":""},"categories":[12],"tags":[22,23,26,27,17,21,24,25,1424,28,29,15,16,18,34,154,31,33,32,30,19,136,20],"class_list":{"0":"post-26042","1":"post","2":"type-post","3":"status-publish","4":"format-standard","5":"has-post-thumbnail","7":"category-sverige","8":"tag-breaking-news","9":"tag-breakingnews","10":"tag-featured-news","11":"tag-featurednews","12":"tag-headlines","13":"tag-huvudnyheter","14":"tag-latest-news","15":"tag-latestnews","16":"tag-location-sundsvall","17":"tag-main-news","18":"tag-mainnews","19":"tag-news","20":"tag-nyheter","21":"tag-rubriker","22":"tag-se","23":"tag-sections-sverige","24":"tag-svenska","25":"tag-sverige","26":"tag-sweden","27":"tag-swedish","28":"tag-top-stories","29":"tag-topic-rattegangar-domar","30":"tag-topstories"},"share_on_mastodon":{"url":"","error":""},"_links":{"self":[{"href":"https:\/\/www.europesays.com\/se\/wp-json\/wp\/v2\/posts\/26042","targetHints":{"allow":["GET"]}}],"collection":[{"href":"https:\/\/www.europesays.com\/se\/wp-json\/wp\/v2\/posts"}],"about":[{"href":"https:\/\/www.europesays.com\/se\/wp-json\/wp\/v2\/types\/post"}],"author":[{"embeddable":true,"href":"https:\/\/www.europesays.com\/se\/wp-json\/wp\/v2\/users\/2"}],"replies":[{"embeddable":true,"href":"https:\/\/www.europesays.com\/se\/wp-json\/wp\/v2\/comments?post=26042"}],"version-history":[{"count":0,"href":"https:\/\/www.europesays.com\/se\/wp-json\/wp\/v2\/posts\/26042\/revisions"}],"wp:featuredmedia":[{"embeddable":true,"href":"https:\/\/www.europesays.com\/se\/wp-json\/wp\/v2\/media\/26043"}],"wp:attachment":[{"href":"https:\/\/www.europesays.com\/se\/wp-json\/wp\/v2\/media?parent=26042"}],"wp:term":[{"taxonomy":"category","embeddable":true,"href":"https:\/\/www.europesays.com\/se\/wp-json\/wp\/v2\/categories?post=26042"},{"taxonomy":"post_tag","embeddable":true,"href":"https:\/\/www.europesays.com\/se\/wp-json\/wp\/v2\/tags?post=26042"}],"curies":[{"name":"wp","href":"https:\/\/api.w.org\/{rel}","templated":true}]}}