{"id":26056,"date":"2025-09-09T22:04:28","date_gmt":"2025-09-09T22:04:28","guid":{"rendered":"https:\/\/www.europesays.com\/se\/26056\/"},"modified":"2025-09-09T22:04:28","modified_gmt":"2025-09-09T22:04:28","slug":"byggnads-stammer-foretag-pa-135-miljoner","status":"publish","type":"post","link":"https:\/\/www.europesays.com\/se\/26056\/","title":{"rendered":"Byggnads st\u00e4mmer f\u00f6retag p\u00e5 13,5 miljoner"},"content":{"rendered":"<p>\n\t\t\t\t\t\t\t\t\tH\u00e4vdar brott mot kollektivavtalet.\t\t\t\t\t\t\t\t<\/p>\n<p>\t\t\t\t\t\t\t\t\t\t\t\t\t\t\t\t\t\t\t<img width=\"960\" height=\"640\" src=\"https:\/\/www.europesays.com\/se\/wp-content\/uploads\/2025\/09\/emil.jpg\" class=\"full-post__image wp-post-image\" alt=\"Stenhusgruppen\" decoding=\"async\" fetchpriority=\"high\"  \/><br \/>\n\t\t\t\t\t\t\t\t\t\tEmil Persson, Byggnads avtalssekreterare Foto: Ulf Strand\t\t\t\t\t\t\t\t\t<\/p>\n<p>\t\t\t\t\t\t\t\t\t\t\tAv:\t\t\t\t\t\t\t\t\t\t\t\tSamuel Karlsson\t\t\t\t\t\t\t\t\t\t\t\t\t\t\t\t\t\t\t\t\t<\/p>\n<p>\t\t\t\t\t\t\t\t\t\t\t8. sep. 2025 &#8211; kl. 13:40\t\t\t\t\t\t\t\t\t\t<\/p>\n<p id=\"bfp-ingress-block_7d05935249d2e85d8c225900118eb976;\" class=\"bfp-ingress \">\n        Efter en granskning av fackf\u00f6rbundet Byggnads st\u00e4mmer man nu byggbolaget Stenhusgruppen f\u00f6r brott mot kollektivavtalet. Byggnads h\u00e4vdar att bolaget tagit in arbetstagare fr\u00e5n Rum\u00e4nien och sedan varken betalat \u00f6vertidsers\u00e4ttning eller helgl\u00f6n till sina anst\u00e4llda.\n    <\/p>\n<p>Stenhusgruppen \u00e4r fr\u00e4mst verksamma i Stockholmsomr\u00e5det, Norrt\u00e4lje och M\u00e4lardalen d\u00e4r man som underentrepren\u00f6r bygger platsgjutna betongkonstruktioner, utf\u00f6r stomresningar och stens\u00e4ttningar.<\/p>\n<p>\u2013 Stenhusgruppen skriver p\u00e5 sin hemsida att man \u00e4r \u201df\u00f6r schyssta villkor p\u00e5 marknaden, har en h\u00f6g etik och tar inga genv\u00e4gar\u201d. Samtidigt tar man n\u00e4stan uteslutande in arbetskraft fr\u00e5n utlandet och lurar dessa p\u00e5 ers\u00e4ttning. Det \u00e4r extremt cyniskt, s\u00e4ger Emil Persson, Byggnads avtalssekreterare.<\/p>\n<p>N\u00e4r Byggnads granskade verksamheten fr\u00e5n april 2022 till mars 2024 uppdagades omfattande brott mot kollektivavtalet. Arbetstagarna har arbetat l\u00e5nga dagar men varken f\u00e5tt \u00f6vertidsers\u00e4ttning eller helgl\u00f6n de haft r\u00e4tt till.<\/p>\n<p>Byggnads har gett Stenhusgruppen m\u00f6jlighet till r\u00e4ttning. Trots det har ingen f\u00f6r\u00e4ndring skett och f\u00f6rbundet st\u00e4mmer nu f\u00f6retaget i Arbetsdomstolen p\u00e5 totalt 13,5 miljoner kronor.<\/p>\n<p>\u2013 \u00a0Det \u00e4r helt oacceptabelt att f\u00f6retag tar in arbetstagare fr\u00e5n utlandet f\u00f6r att sedan medvetet lura dessa p\u00e5 deras r\u00e4ttm\u00e4tiga ers\u00e4ttning. Det \u00e4r osund konkurrens i sin renaste form och det ska aldrig l\u00f6na sig, s\u00e4ger Emil Persson, Byggnads avtalssekreterare.<\/p>\n<p>Byggv\u00e4rlden har utan framg\u00e5ng s\u00f6kt Stenhusgruppens vd f\u00f6r en kommentar till st\u00e4mningen.<\/p>\n<p>\tFakta: Byggnads st\u00e4mning mot Stenhusgruppen<\/p>\n<ul>\n<li>Allm\u00e4nt skadest\u00e5nd med 12\u00a0454 800 kr f\u00f6r kollektivavtalsbrott genom att inte betala \u00f6vertidsers\u00e4ttning.<\/li>\n<li>Allm\u00e4nt skadest\u00e5nd med 533\u00a0112 kr f\u00f6r kollektivavtalsbrott genom att inte betala \u00f6vertidsers\u00e4ttning f\u00f6r arbete p\u00e5 helgl\u00f6neber\u00e4ttigade dagar.<\/li>\n<li>Allm\u00e4nt skadest\u00e5nd med 250\u00a0000 kr f\u00f6r kollektivavtalsbrott genom att bryta mot Byggavtalets best\u00e4mmelser om \u00f6vertidsarbete.<\/li>\n<li>Allm\u00e4nt skadest\u00e5nd med 250\u00a0000 kr f\u00f6r kollektivavtalsbrott genom att bryta mot Byggavtalets best\u00e4mmelser om f\u00f6rl\u00e4ggningen av arbetstid.<\/li>\n<\/ul>\n","protected":false},"excerpt":{"rendered":"H\u00e4vdar brott mot kollektivavtalet. Emil Persson, Byggnads avtalssekreterare Foto: Ulf Strand Av: Samuel Karlsson 8. sep. 2025 &#8211;&hellip;\n","protected":false},"author":2,"featured_media":26057,"comment_status":"","ping_status":"","sticky":false,"template":"","format":"standard","meta":{"footnotes":""},"categories":[65],"tags":[3060,72,3061,70,71,34,3062,31,33,32,30],"class_list":{"0":"post-26056","1":"post","2":"type-post","3":"status-publish","4":"format-standard","5":"has-post-thumbnail","7":"category-ekonomi","8":"tag-arbetsdomstolen","9":"tag-business","10":"tag-byggnads","11":"tag-economy","12":"tag-ekonomi","13":"tag-se","14":"tag-stenhusgruppen","15":"tag-svenska","16":"tag-sverige","17":"tag-sweden","18":"tag-swedish"},"share_on_mastodon":{"url":"","error":""},"_links":{"self":[{"href":"https:\/\/www.europesays.com\/se\/wp-json\/wp\/v2\/posts\/26056","targetHints":{"allow":["GET"]}}],"collection":[{"href":"https:\/\/www.europesays.com\/se\/wp-json\/wp\/v2\/posts"}],"about":[{"href":"https:\/\/www.europesays.com\/se\/wp-json\/wp\/v2\/types\/post"}],"author":[{"embeddable":true,"href":"https:\/\/www.europesays.com\/se\/wp-json\/wp\/v2\/users\/2"}],"replies":[{"embeddable":true,"href":"https:\/\/www.europesays.com\/se\/wp-json\/wp\/v2\/comments?post=26056"}],"version-history":[{"count":0,"href":"https:\/\/www.europesays.com\/se\/wp-json\/wp\/v2\/posts\/26056\/revisions"}],"wp:featuredmedia":[{"embeddable":true,"href":"https:\/\/www.europesays.com\/se\/wp-json\/wp\/v2\/media\/26057"}],"wp:attachment":[{"href":"https:\/\/www.europesays.com\/se\/wp-json\/wp\/v2\/media?parent=26056"}],"wp:term":[{"taxonomy":"category","embeddable":true,"href":"https:\/\/www.europesays.com\/se\/wp-json\/wp\/v2\/categories?post=26056"},{"taxonomy":"post_tag","embeddable":true,"href":"https:\/\/www.europesays.com\/se\/wp-json\/wp\/v2\/tags?post=26056"}],"curies":[{"name":"wp","href":"https:\/\/api.w.org\/{rel}","templated":true}]}}