{"id":26106,"date":"2025-09-10T01:21:23","date_gmt":"2025-09-10T01:21:23","guid":{"rendered":"https:\/\/www.europesays.com\/se\/26106\/"},"modified":"2025-09-10T01:21:23","modified_gmt":"2025-09-10T01:21:23","slug":"ny-regnvarning-fran-smhi-stora-mangder","status":"publish","type":"post","link":"https:\/\/www.europesays.com\/se\/26106\/","title":{"rendered":"Ny regnvarning fr\u00e5n SMHI: \u201dStora m\u00e4ngder\u201d"},"content":{"rendered":"<p>Publicerad 9 sep 2025 kl 12.14Uppdaterad kl 14.09<\/p>\n<p>SMHI utf\u00e4rdar en gul varning f\u00f6r regn under torsdagen och fredagen i V\u00e4sternorrlands l\u00e4n.\u00a0<\/p>\n<p>\u2013 Det \u00e4r stora m\u00e4ngder, s\u00e4ger meteorolog Moa Hallberg.<\/p>\n<p>Senaste nyhetsklippen fr\u00e5n Expressen.<img   alt=\"\"\/><\/p>\n<p>Stora m\u00e4ngder vatten efter helgens skyfall i V\u00e4sternorrland.<\/p>\n<p>Foto: Mats Andersson\/TT \/ TT NYHETSBYR\u00c5N<\/p>\n<p>\u00d6ppna bild i helsk\u00e4rm<img loading=\"lazy\"   alt=\"\"\/><\/p>\n<p>Skyfallen i helgen fick ett t\u00e5g att sp\u00e5ra ur.<\/p>\n<p>Foto: Mats Andersson\/TT \/ TT NYHETSBYR\u00c5N<\/p>\n<p>\u00d6ppna bild i helsk\u00e4rm<\/p>\n<p>\u201dUnder torsdag och fredagen passerar regn och skurar med risk f\u00f6r att stora m\u00e4ngder kan falla i sedan tidigare h\u00e5rt drabbade omr\u00e5den i V\u00e4sternorrland. P\u00e5 grund av att marken \u00e4r m\u00e4ttad kan vattnet snabbt leta sig till vattendragen och det finns en allm\u00e4n risk f\u00f6r h\u00f6ga fl\u00f6den i b\u00e4ckar och mindre \u00e5ar\u201d, skriver <a href=\"https:\/\/www.expressen.se\/tagg\/organization\/smhi\/\" class=\"\" rel=\"nofollow noopener\" target=\"_blank\">SMHI<\/a>.<\/p>\n<p>Bakom det nya ov\u00e4dret ligger ett l\u00e5gtryck fr\u00e5n Polen och Tyskland som kommer upp \u00f6ver \u00d6stersj\u00f6n.\u00a0<\/p>\n<p>\u2013 I samband med det kommer regn och skurar in natten till torsdag. Under torsdagsdygnet ser det ut att kunna bli r\u00e4tt kraftigt med st\u00f6rre regnm\u00e4ngder \u00f6ver V\u00e4sternorrland, s\u00e4ger Moa Hallberg, meteorolog p\u00e5 SMHI.<\/p>\n<p>Angelika Knutsson, presskommunikat\u00f6r p\u00e5 Trafikverket, s\u00e4ger att myndigheten arbetar med h\u00f6gsta beredskap i omr\u00e5det.<\/p>\n<p>\u2013 Vi jobbar p\u00e5 efter b\u00e4sta f\u00f6rm\u00e5ga och h\u00e5ller span p\u00e5 det h\u00e4r kommande ov\u00e4dret d\u00e4r vi ocks\u00e5 har h\u00f6gsta beredskap. Vi har pumpar redo att s\u00e4tta in om det beh\u00f6vs och \u00e4r i regelbunden kontakt med SMHI f\u00f6r att se var de h\u00e4r prognoserna kommer att hamna.<\/p>\n<p>Uppemot 100 millimeter regn f\u00f6ll p\u00e5 kort tid p\u00e5 s\u00f6ndagen och drabbade fr\u00e4mst H\u00e4rn\u00f6sand, Kramfors, Sollefte\u00e5 och \u00d6rnsk\u00f6ldsvik. V\u00e4gar spolades bort och tv\u00e5 t\u00e5g sp\u00e5rade ur. En man dog n\u00e4r v\u00e4gen under bilen han f\u00e4rdades i r\u00e4mnade. Ett 40-tal v\u00e4gar har skadats s\u00e5 pass illa att de \u00e4r helt avst\u00e4ngda eller har begr\u00e4nsad framkomlighet.<\/p>\n","protected":false},"excerpt":{"rendered":"Publicerad 9 sep 2025 kl 12.14Uppdaterad kl 14.09 SMHI utf\u00e4rdar en gul varning f\u00f6r regn under torsdagen och&hellip;\n","protected":false},"author":2,"featured_media":26107,"comment_status":"","ping_status":"","sticky":false,"template":"","format":"standard","meta":{"footnotes":""},"categories":[5],"tags":[22,23,26,27,17,21,24,25,28,29,15,16,288,18,34,281,31,33,32,30,19,290,20],"class_list":{"0":"post-26106","1":"post","2":"type-post","3":"status-publish","4":"format-standard","5":"has-post-thumbnail","7":"category-rubriker","8":"tag-breaking-news","9":"tag-breakingnews","10":"tag-featured-news","11":"tag-featurednews","12":"tag-headlines","13":"tag-huvudnyheter","14":"tag-latest-news","15":"tag-latestnews","16":"tag-main-news","17":"tag-mainnews","18":"tag-news","19":"tag-nyheter","20":"tag-organization-smhi","21":"tag-rubriker","22":"tag-se","23":"tag-sections-vader","24":"tag-svenska","25":"tag-sverige","26":"tag-sweden","27":"tag-swedish","28":"tag-top-stories","29":"tag-topic-vaderprognos","30":"tag-topstories"},"share_on_mastodon":{"url":"","error":""},"_links":{"self":[{"href":"https:\/\/www.europesays.com\/se\/wp-json\/wp\/v2\/posts\/26106","targetHints":{"allow":["GET"]}}],"collection":[{"href":"https:\/\/www.europesays.com\/se\/wp-json\/wp\/v2\/posts"}],"about":[{"href":"https:\/\/www.europesays.com\/se\/wp-json\/wp\/v2\/types\/post"}],"author":[{"embeddable":true,"href":"https:\/\/www.europesays.com\/se\/wp-json\/wp\/v2\/users\/2"}],"replies":[{"embeddable":true,"href":"https:\/\/www.europesays.com\/se\/wp-json\/wp\/v2\/comments?post=26106"}],"version-history":[{"count":0,"href":"https:\/\/www.europesays.com\/se\/wp-json\/wp\/v2\/posts\/26106\/revisions"}],"wp:featuredmedia":[{"embeddable":true,"href":"https:\/\/www.europesays.com\/se\/wp-json\/wp\/v2\/media\/26107"}],"wp:attachment":[{"href":"https:\/\/www.europesays.com\/se\/wp-json\/wp\/v2\/media?parent=26106"}],"wp:term":[{"taxonomy":"category","embeddable":true,"href":"https:\/\/www.europesays.com\/se\/wp-json\/wp\/v2\/categories?post=26106"},{"taxonomy":"post_tag","embeddable":true,"href":"https:\/\/www.europesays.com\/se\/wp-json\/wp\/v2\/tags?post=26106"}],"curies":[{"name":"wp","href":"https:\/\/api.w.org\/{rel}","templated":true}]}}