{"id":2611,"date":"2025-08-12T07:37:08","date_gmt":"2025-08-12T07:37:08","guid":{"rendered":"https:\/\/www.europesays.com\/se\/2611\/"},"modified":"2025-08-12T07:37:08","modified_gmt":"2025-08-12T07:37:08","slug":"leijnegard-ersatts-atalas-for-sexuellt-ofredande","status":"publish","type":"post","link":"https:\/\/www.europesays.com\/se\/2611\/","title":{"rendered":"Leijnegard ers\u00e4tts \u2013 \u00e5talas f\u00f6r sexuellt ofredande"},"content":{"rendered":"<p>Programledaren Micke Leijnegard l\u00e4mnar SVT:s flaggskepp M\u00e4starnas m\u00e4stare efter att han \u00e5talats f\u00f6r sexuellt ofredande, rapporterar TT.<\/p>\n<p>Anledningen \u00e4r att han under en fest i samband med inspelningen av programmet f\u00f6rs\u00f6kt pussa en medarbetare flera g\u00e5nger. <\/p>\n<p>Han blir d\u00e4remot kvar som anst\u00e4lld p\u00e5 SVT s\u00e4ger kanalens programchef Christina Hill.<\/p>\n<p>\u2013 Vi har fullt f\u00f6rtroende f\u00f6r Micke Leijnegard, b\u00e5de som medarbetare och programledare, s\u00e4ger SVT:s programchef Christina Hill.<\/p>\n<p>Huvudf\u00f6rhandlingen b\u00f6rjar i oktober och Karin Frick ers\u00e4tter honom. Micke Leijnegard har inte valt att kommentera h\u00e4ndelsen.<\/p>\n<p>Omni \u00e4r politiskt obundna och oberoende. Vi str\u00e4var efter att ge fler perspektiv p\u00e5 nyheterna. Har du fr\u00e5gor eller synpunkter kring v\u00e5r rapportering? <a href=\"https:\/\/omni.se\/leijnegard-ersatts-atalas-for-sexuellt-ofredande\/a\/mailto:redaktion@omni.se\" class=\"ArticleActions_contactLink__W2F1M\" rel=\"nofollow noopener\" target=\"_blank\">Kontakta redaktionen<\/a><\/p>\n","protected":false},"excerpt":{"rendered":"Programledaren Micke Leijnegard l\u00e4mnar SVT:s flaggskepp M\u00e4starnas m\u00e4stare efter att han \u00e5talats f\u00f6r sexuellt ofredande, rapporterar TT. Anledningen&hellip;\n","protected":false},"author":2,"featured_media":2612,"comment_status":"","ping_status":"","sticky":false,"template":"","format":"standard","meta":{"footnotes":""},"categories":[68],"tags":[128,571,572,585,34,111,110,31,33,587,586,32,30],"class_list":{"0":"post-2611","1":"post","2":"type-post","3":"status-publish","4":"format-standard","5":"has-post-thumbnail","7":"category-sport","8":"tag-brott","9":"tag-karin-frick","10":"tag-mastarnas-mastare","11":"tag-micke-leijnegard","12":"tag-se","13":"tag-sport","14":"tag-sports","15":"tag-svenska","16":"tag-sverige","17":"tag-sveriges-television","18":"tag-svt","19":"tag-sweden","20":"tag-swedish"},"share_on_mastodon":{"url":"","error":""},"_links":{"self":[{"href":"https:\/\/www.europesays.com\/se\/wp-json\/wp\/v2\/posts\/2611","targetHints":{"allow":["GET"]}}],"collection":[{"href":"https:\/\/www.europesays.com\/se\/wp-json\/wp\/v2\/posts"}],"about":[{"href":"https:\/\/www.europesays.com\/se\/wp-json\/wp\/v2\/types\/post"}],"author":[{"embeddable":true,"href":"https:\/\/www.europesays.com\/se\/wp-json\/wp\/v2\/users\/2"}],"replies":[{"embeddable":true,"href":"https:\/\/www.europesays.com\/se\/wp-json\/wp\/v2\/comments?post=2611"}],"version-history":[{"count":0,"href":"https:\/\/www.europesays.com\/se\/wp-json\/wp\/v2\/posts\/2611\/revisions"}],"wp:featuredmedia":[{"embeddable":true,"href":"https:\/\/www.europesays.com\/se\/wp-json\/wp\/v2\/media\/2612"}],"wp:attachment":[{"href":"https:\/\/www.europesays.com\/se\/wp-json\/wp\/v2\/media?parent=2611"}],"wp:term":[{"taxonomy":"category","embeddable":true,"href":"https:\/\/www.europesays.com\/se\/wp-json\/wp\/v2\/categories?post=2611"},{"taxonomy":"post_tag","embeddable":true,"href":"https:\/\/www.europesays.com\/se\/wp-json\/wp\/v2\/tags?post=2611"}],"curies":[{"name":"wp","href":"https:\/\/api.w.org\/{rel}","templated":true}]}}