{"id":26114,"date":"2025-09-10T03:14:07","date_gmt":"2025-09-10T03:14:07","guid":{"rendered":"https:\/\/www.europesays.com\/se\/26114\/"},"modified":"2025-09-10T03:14:07","modified_gmt":"2025-09-10T03:14:07","slug":"unik-ai-metod-kan-leda-till-snabbare-adhd-utredningar-for-barn","status":"publish","type":"post","link":"https:\/\/www.europesays.com\/se\/26114\/","title":{"rendered":"Unik AI-metod kan leda till snabbare adhd-utredningar f\u00f6r barn"},"content":{"rendered":"<p>N\u00e4r Sunil Kumar, som har sin bakgrund inom industriforskning och som arbetar med biomedicinsk signalbehandling, kom till Sverige f\u00f6r tv\u00e5 \u00e5r sedan efter arbete i Norge och Belgien blev han varse hur vanligt adhd \u00e4r h\u00e4r. Han b\u00f6rjade fundera p\u00e5 om hans kompetens inom AI p\u00e5 n\u00e5got s\u00e4tt kunde bidra.<\/p>\n<p>I dag kan en adhd-utredning ta upp till sex m\u00e5nader och kr\u00e4ver omfattande observationer och samtal. Trycket p\u00e5 barn- och ungdomspsykiatrin \u00e4r skyh\u00f6gt och <a href=\"https:\/\/www.specialnest.se\/liv-hem\/anstrangt-pa-bup-barn-med-svar-psykiatrisk-problematik-drabbas\" rel=\"nofollow noopener\" target=\"_blank\"><strong>Socialstyrelsen har larmat<\/strong><\/a> om att adhd-utredningar slukar en allt st\u00f6rre del av resurserna.<\/p>\n<p>\u2013 Om vi kan snabba upp processen, genom att se vilka barn som har l\u00e5g sannolikhet f\u00f6r adhd och utifr\u00e5n det g\u00f6ra en f\u00f6rsta sortering, d\u00e5 frig\u00f6r vi tid f\u00f6r att fokusera p\u00e5 de barn som verkligen beh\u00f6ver en fullst\u00e4ndig utredning. P\u00e5 s\u00e5 s\u00e4tt blir arbetet mer effektivt, f\u00f6rklarar Sunil Kumar n\u00e4r Special Nest ringer upp honom.<\/p>\n<p>\u00a0<\/p>\n<p><strong>H\u00f6g tr\u00e4ffs\u00e4kerhet, men mer forskning kr\u00e4vs<\/strong><br \/>Eftersom forskargruppen \u00e4nnu inte har direkt samarbete med sjukv\u00e5rden har de arbetat med \u00f6ppen tillg\u00e4ngliga data. Utifr\u00e5n dessa data har de utvecklat en modell som kan skilja p\u00e5 hj\u00e4rnaktivitet hos barn med adhd och hos kontrollgrupper utan adhd.<\/p>\n<p>\u2013 Vi fick ganska snabbt bra resultat och kunde se en tydlig skillnad. Men vi beh\u00f6ver fortfarande mycket mer data, helst fr\u00e5n Sverige, s\u00e4ger Sunil Kumar.<\/p>\n<p>Tekniken bygger p\u00e5 EEG \u2013 elektroencefalografi \u2013 d\u00e4r sm\u00e5 sensorer p\u00e5 huvudet registrerar hj\u00e4rnans elektriska signaler\u00a0n\u00e4r barnen utf\u00f6r olika visuella uppm\u00e4rksamhetsuppgifter. Dessa signaler analyseras sedan av en AI-modell som har tr\u00e4nats p\u00e5 att hitta m\u00f6nster i hj\u00e4rnaktiviteten som \u00e4r typiska f\u00f6r adhd. Resultatet blir en sannolikhetsbed\u00f6mning. I testerna har metoden n\u00e5tt en tr\u00e4ffs\u00e4kerhet p\u00e5 omkring 90 procent, ber\u00e4ttar Sunil Kumar.<\/p>\n<p>\u2013 Det \u00e4r lovande men vi m\u00e5ste ligga \u00e4nnu h\u00f6gre, p\u00e5 minst 96\u201397 procents tr\u00e4ffs\u00e4kerhet, f\u00f6r att os\u00e4kerheten inte ska bli f\u00f6r stor. S\u00e5 det h\u00e4r \u00e4r bara en b\u00f6rjan.<\/p>\n<p>\u00a0<\/p>\n<p><strong>Ett hj\u00e4lpmedel vid utredning<\/strong><br \/>Fr\u00e5gan \u00e4r hur s\u00e4kert ett AI-verktyg kan vara. Kan det riskera att felaktigt diagnostisera ett barn \u2013 eller missa symtom? Det kan fortfarande f\u00f6rekomma vissa felklassificeringar, liksom med m\u00e5nga AI-system, konstaterar Sunil Kumar.<\/p>\n<p>\u2013 Precis som med sj\u00e4lvk\u00f6rande bilar har vi \u00e4nnu inte uppn\u00e5tt 100 procent noggrannhet. Vi beh\u00f6ver ytterligare f\u00f6rb\u00e4ttra systemets prestanda och minimera felen s\u00e5 mycket som m\u00f6jligt, s\u00e4ger han och understryker ocks\u00e5 vikten av mer svensk data, f\u00f6r att b\u00e4ttre kunna f\u00f6rebygga felbeslut.<\/p>\n<p>I sin nuvarande form \u00e4r metoden som forskas fram t\u00e4nkt som ett hj\u00e4lpmedel, inte som en ers\u00e4ttning f\u00f6r den sedvanliga kliniska bed\u00f6mningen.<\/p>\n<p>\u2013 Vi f\u00f6rs\u00f6ker f\u00f6renkla l\u00e4karens arbete till viss del. Men vi ingenj\u00f6rer kan bara bygga modellen, i slut\u00e4ndan m\u00e5ste alltid l\u00e4karna g\u00f6ra hela utredningen och avg\u00f6ra diagnosen, s\u00e4ger Sunil Kumar.<\/p>\n<p>Omkring 5 procent av de unga och 2,5 procent av de vuxna i Sverige har enligt Socialstyrelsen en adhd-diagnos, och andelen med <strong><a href=\"https:\/\/www.specialnest.se\/liv-hem\/adhd-okningen-satter-diagnos-pa-normal-mansklig-mangfald\" rel=\"nofollow noopener\" target=\"_blank\">adhd ser dessutom ut att \u00f6ka fram\u00f6ver<\/a><\/strong>. Sunil Kumar ser en stor potentiell nytta med den nya metoden. AI-modeller anv\u00e4nds redan med stor framg\u00e5ng inom till exempel epilepsi och bildbaserad diagnostik.<\/p>\n<p>\u2013 Det kommer ta tid, men jag tror att vi kan n\u00e5 l\u00e5ngt \u00e4ven inom adhd-utredningar, s\u00e4ger han.<\/p>\n","protected":false},"excerpt":{"rendered":"N\u00e4r Sunil Kumar, som har sin bakgrund inom industriforskning och som arbetar med biomedicinsk signalbehandling, kom till Sverige&hellip;\n","protected":false},"author":2,"featured_media":26115,"comment_status":"","ping_status":"","sticky":false,"template":"","format":"standard","meta":{"footnotes":""},"categories":[69],"tags":[632,113,112,439,34,31,33,32,30],"class_list":{"0":"post-26114","1":"post","2":"type-post","3":"status-publish","4":"format-standard","5":"has-post-thumbnail","7":"category-halsa","8":"tag-forskning","9":"tag-halsa","10":"tag-health","11":"tag-liv-hem","12":"tag-se","13":"tag-svenska","14":"tag-sverige","15":"tag-sweden","16":"tag-swedish"},"share_on_mastodon":{"url":"","error":""},"_links":{"self":[{"href":"https:\/\/www.europesays.com\/se\/wp-json\/wp\/v2\/posts\/26114","targetHints":{"allow":["GET"]}}],"collection":[{"href":"https:\/\/www.europesays.com\/se\/wp-json\/wp\/v2\/posts"}],"about":[{"href":"https:\/\/www.europesays.com\/se\/wp-json\/wp\/v2\/types\/post"}],"author":[{"embeddable":true,"href":"https:\/\/www.europesays.com\/se\/wp-json\/wp\/v2\/users\/2"}],"replies":[{"embeddable":true,"href":"https:\/\/www.europesays.com\/se\/wp-json\/wp\/v2\/comments?post=26114"}],"version-history":[{"count":0,"href":"https:\/\/www.europesays.com\/se\/wp-json\/wp\/v2\/posts\/26114\/revisions"}],"wp:featuredmedia":[{"embeddable":true,"href":"https:\/\/www.europesays.com\/se\/wp-json\/wp\/v2\/media\/26115"}],"wp:attachment":[{"href":"https:\/\/www.europesays.com\/se\/wp-json\/wp\/v2\/media?parent=26114"}],"wp:term":[{"taxonomy":"category","embeddable":true,"href":"https:\/\/www.europesays.com\/se\/wp-json\/wp\/v2\/categories?post=26114"},{"taxonomy":"post_tag","embeddable":true,"href":"https:\/\/www.europesays.com\/se\/wp-json\/wp\/v2\/tags?post=26114"}],"curies":[{"name":"wp","href":"https:\/\/api.w.org\/{rel}","templated":true}]}}