{"id":261606,"date":"2026-05-31T11:52:10","date_gmt":"2026-05-31T11:52:10","guid":{"rendered":"https:\/\/www.europesays.com\/se\/261606\/"},"modified":"2026-05-31T11:52:10","modified_gmt":"2026-05-31T11:52:10","slug":"coop-garant-och-stjarnagg-aterkallar-agg-risk-for-salmonella-sverige","status":"publish","type":"post","link":"https:\/\/www.europesays.com\/se\/261606\/","title":{"rendered":"Coop, Garant och Stj\u00e4rn\u00e4gg \u00e5terkallar \u00e4gg \u2013 risk f\u00f6r salmonella | Sverige"},"content":{"rendered":"<p><strong>Coop<\/strong><\/p>\n<p> Coop 6-pack frig\u00e5ende inomhus medium och large (b\u00e4st f\u00f6re 2026-06-22)  Coop 10-pack frig\u00e5ende inomhus large (b\u00e4st f\u00f6re 2026-05-29, 2026-06-07, 2026-06-12, 2026-06-15)<\/p>\n<p> Coop 15-pack frig\u00e5ende inomhus medium (b\u00e4st f\u00f6re 2026-05-29, 2026-06-07, 2026-06-15, 2026-06-22)<\/p>\n<p> Coop 20-pack frig\u00e5ende inomhus medium (b\u00e4st f\u00f6re 2026-05-29, 2026-06-01, 2026-06-07, 2026-06-12, 2026-06-22).<\/p>\n<p><strong>Garant<\/strong><\/p>\n<p>\u2022 Garant 6-pack frig\u00e5ende inomhus \u00e4gg S, packerinummer SE12, b\u00e4st f\u00f6re-datum 2026-06-22<\/p>\n<p>\u2022 Garant 24-pack frig\u00e5ende inomhus M, packerinummer SE12, b\u00e4st f\u00f6re-datum 2026-06-07, 2026-06-12, 2026-06-15<\/p>\n<p>\u2022 Garant 6-pack frig\u00e5ende inomhus \u00e4gg L\/XL, packerinummer SE12, b\u00e4st f\u00f6re-datum 2026-05-29, 2026-06-07, 2026-06-22<\/p>\n<p>\u00c5terkallelsen omfattar endast artiklar med aktuellt b\u00e4st f\u00f6re-datum d\u00e4r b\u00e5de \u00e4ggkoden 2SE741-2 finns st\u00e4mplad p\u00e5 \u00e4gget och f\u00f6rpackningens lock \u00e4r m\u00e4rkt med packerinummer SE12.<\/p>\n<p><strong>Stj\u00e4rn\u00e4gg<\/strong><\/p>\n<p> Stj\u00e4rn\u00e4gg art.nr.262 och art. nr.1260R 20p L Stora \u00c4gg, EAN 7332489012605<\/p>\n<p>B\u00e4st-F\u00f6re 26-05-29, 26-06-01, 26-06-07, 26-06-12, 26-06-15 och 26-06-22 med Packerinummer SE12<\/p>\n<p> Stj\u00e4rn\u00e4gg art.nr. 419 10 Stora L + \u00c4gg Frig\u00e5ende inomhus, EAN 7332489042053<\/p>\n<p>Med B\u00e4st-f\u00f6re 26-06-01, 26-06-07, 26-06-12 och 26-06-15 med Packerinummer SE12<\/p>\n<p>\u00a0Stj\u00e4rn\u00e4gg art.nr 436 och artikel 430R 30-p M \u00c4gg frig\u00e5ende inomhus, EAN 7332489004303<\/p>\n<p>Med B\u00e4st-F\u00f6re 26-06-01, 26-06-07, 26-06-12, 26-06-15 och 26-06-22 med Packerinummer SE12<\/p>\n<p> Stj\u00e4rn\u00e4gg art.nr 437 och art.nr. 1439R 15 \u00c4gg frig\u00e5ende inomhus M, EAN 7332489041551<\/p>\n<p>B\u00e4st-F\u00f6re 26-05-29, 26-06-07, 26-06-12 och 26-06-15 med Packerinummer SE12<\/p>\n<p> Stj\u00e4rn\u00e4gg art.nr. 439 och art.nr. 440 20 \u00c4gg frig\u00e5ende inomhus M, EAN 7332489014425<\/p>\n<p>Med B\u00e4st-F\u00f6re 26-05-29, 26-06-01, 26-06-07, 26-06-12 och 26-06-22 med Packerinummer SE12<\/p>\n<p> Stj\u00e4rn\u00e4gg art.nr. 416 10p Extra Stora, EAN 7332489207506<\/p>\n<p>B\u00e4st-F\u00f6re 26-05-29, 26-06-01, 26-06-08, 26-06-12, 26-06-15 och 26-06-22 med Packerinummer SE12<\/p>\n<p> Stj\u00e4rn\u00e4gg art.nr. 446 och art. nr. 447R 24 \u00c4gg frig\u00e5ende inomhus M, EAN 7332489004464<\/p>\n<p>B\u00e4st-F\u00f6re 26-05-29, 26-05-29, 26-06-01, 26-06-12, 26-06-15 och 26-06-22 med Packerinummer SE12<\/p>\n<p> Stj\u00e4rn\u00e4gg art.nr. 455 \u00c4gg L\u00f6svikt frig\u00e5ende inomhus ML, EAN 7332489004556<\/p>\n<p>B\u00e4st-F\u00f6re 26-06-01 och 26-06-07 med Packerinummer SE12<\/p>\n<p> Stj\u00e4rn\u00e4gg art.nr. 463 \u00c4gg L\u00f6svikt M frig\u00e5ende inomhus ML, EAN 7332489117850<\/p>\n<p>B\u00e4st-F\u00f6re 26-05-29, 26-06-07, 26-06-12 och 26-06-15 med Packerinummer SE12<\/p>\n<p> Stj\u00e4rn\u00e4gg art.nr. 465 \u00c4gg L\u00f6svikt L frig\u00e5ende inomhus, EAN 7332489219950<\/p>\n<p>B\u00e4st-F\u00f6re 26-05-29, 26-06-07, 26-06-12 och 26-06-22 med Packerinummer SE12<\/p>\n<p> Stj\u00e4rn\u00e4gg art.nr. 472 och art.nr.1428R 12 Stora \u00c4gg Frig\u00e5ende inomhus L, EAN 7332489027982<\/p>\n<p>B\u00e4st-F\u00f6re 26-05-29, 26-06-01, 26-06-07, 26-06-12, 26-06-15 och 26-06-22 med Packerinummer SE12<\/p>\n<p> Stj\u00e4rn\u00e4gg art.nr. 476 och art.nr.1409R 6 \u00c4gg frig\u00e5ende inomhus M-L, EAN 7332489023786<\/p>\n<p>B\u00e4st-F\u00f6re 26-05-29, 26-06-01, 26-06-07, 26-06-12, 26-06-15 och 26-06-22 med Packerinummer SE12<\/p>\n<p> Stj\u00e4rn\u00e4gg art.nr. 496 6 Stora L + \u00c4gg Frig\u00e5ende inomhus, EAN 7332489004860<\/p>\n<p>B\u00e4st-F\u00f6re 26-05-29, 26-06-01, 26-06-07, 26-06-12 och26-06-15 med Packerinummer SE12<\/p>\n<p> Stj\u00e4rn\u00e4gg art.nr. 444R 18 \u00c4gg M Frig\u00e5ende inomhus, EAN 7332489010717<\/p>\n<p>B\u00e4st-F\u00f6re 26-05-29, 26-06-01, 26-06-12 och26-06-15 med Packerinummer SE12<\/p>\n","protected":false},"excerpt":{"rendered":"Coop Coop 6-pack frig\u00e5ende inomhus medium och large (b\u00e4st f\u00f6re 2026-06-22) Coop 10-pack frig\u00e5ende inomhus large (b\u00e4st f\u00f6re&hellip;\n","protected":false},"author":2,"featured_media":261607,"comment_status":"","ping_status":"","sticky":false,"template":"","format":"standard","meta":{"footnotes":"","_share_on_mastodon":"0"},"categories":[65],"tags":[72,70,71,34,154,31,33,32,30,990,145],"class_list":["post-261606","post","type-post","status-publish","format-standard","has-post-thumbnail","category-ekonomi","tag-business","tag-economy","tag-ekonomi","tag-se","tag-sections-sverige","tag-svenska","tag-sverige","tag-sweden","tag-swedish","tag-topic-livsmedel","tag-topic-mat-dryck"],"share_on_mastodon":{"url":"https:\/\/pubeurope.com\/@se\/116669051619757128","error":""},"_links":{"self":[{"href":"https:\/\/www.europesays.com\/se\/wp-json\/wp\/v2\/posts\/261606","targetHints":{"allow":["GET"]}}],"collection":[{"href":"https:\/\/www.europesays.com\/se\/wp-json\/wp\/v2\/posts"}],"about":[{"href":"https:\/\/www.europesays.com\/se\/wp-json\/wp\/v2\/types\/post"}],"author":[{"embeddable":true,"href":"https:\/\/www.europesays.com\/se\/wp-json\/wp\/v2\/users\/2"}],"replies":[{"embeddable":true,"href":"https:\/\/www.europesays.com\/se\/wp-json\/wp\/v2\/comments?post=261606"}],"version-history":[{"count":0,"href":"https:\/\/www.europesays.com\/se\/wp-json\/wp\/v2\/posts\/261606\/revisions"}],"wp:featuredmedia":[{"embeddable":true,"href":"https:\/\/www.europesays.com\/se\/wp-json\/wp\/v2\/media\/261607"}],"wp:attachment":[{"href":"https:\/\/www.europesays.com\/se\/wp-json\/wp\/v2\/media?parent=261606"}],"wp:term":[{"taxonomy":"category","embeddable":true,"href":"https:\/\/www.europesays.com\/se\/wp-json\/wp\/v2\/categories?post=261606"},{"taxonomy":"post_tag","embeddable":true,"href":"https:\/\/www.europesays.com\/se\/wp-json\/wp\/v2\/tags?post=261606"}],"curies":[{"name":"wp","href":"https:\/\/api.w.org\/{rel}","templated":true}]}}