{"id":261785,"date":"2026-05-31T15:40:07","date_gmt":"2026-05-31T15:40:07","guid":{"rendered":"https:\/\/www.europesays.com\/se\/261785\/"},"modified":"2026-05-31T15:40:07","modified_gmt":"2026-05-31T15:40:07","slug":"lyxrestaurangen-noma-mister-sina-michelinstjarnor","status":"publish","type":"post","link":"https:\/\/www.europesays.com\/se\/261785\/","title":{"rendered":"Lyxrestaurangen Noma mister sina Michelinstj\u00e4rnor"},"content":{"rendered":"<p>Uppdaterad 31 maj 2026 kl 17.33Publicerad 31 maj 2026 kl 17.12<\/p>\n<p>En av v\u00e4rldens mest hyllade restauranger blir av med sina Michelinstj\u00e4rnor.<\/p>\n<p>Efter st\u00e4ngningen tidigare \u00e5r meddelar Noma i K\u00f6penhamn att restaurangen inte kommer att finnas med i den prestigefyllda guiden 2026.<\/p>\n<p>Senaste nyhetsklippen fr\u00e5n Expressen.<img   alt=\"\"\/><\/p>\n<p>Noma-grundaren Ren\u00e9 Redzepi valde att l\u00e4mna restaurangen efter \u00e5terkommande kritik mot hans ledarstil.<\/p>\n<p>Foto: Lefteris Pitarakis  \/AP\/TT \/ TT NYHETSBYR\u00c5N<\/p>\n<p>\u00d6ppna bild i helsk\u00e4rm<img loading=\"lazy\"   alt=\"\"\/><\/p>\n<p>Noma i K\u00f6penhamn blir av med sina Michelinstj\u00e4rnor.<\/p>\n<p>Foto: Francis Dean\/REX \/ TT NYHETSBYR\u00c5N<\/p>\n<p>\u00d6ppna bild i helsk\u00e4rm<\/p>\n<p>Beskedet kommer dagen f\u00f6re \u00e5rets <a href=\"https:\/\/www.expressen.se\/tagg\/organization\/guide-michelin\/\" class=\"\" rel=\"nofollow noopener\" target=\"_blank\">Guide Michelin<\/a>-gala, som h\u00e5lls i den danska huvudstaden under m\u00e5ndagen.<\/p>\n<p>\u201dNu n\u00e4r Michelin anl\u00e4nder till K\u00f6penhamn i morgon vill vi skicka v\u00e5ra varmaste h\u00e4lsningar till alla v\u00e5ra v\u00e4nner och kollegor som hyllas\u201d, skriver restaurangen p\u00e5 <a href=\"https:\/\/www.instagram.com\/p\/DY_6FfdK4jD\/\" rel=\"nofollow noopener\" target=\"_blank\">Instagram<\/a>.<\/p>\n<p>\u201dEfter att vi st\u00e4ngde v\u00e5ra d\u00f6rrar i K\u00f6penhamn i januari kommer Noma inte att finnas med i guiden i \u00e5r. Vi kommer att ber\u00e4tta mer om vad som v\u00e4ntar oss under de kommande veckorna\u201d, forts\u00e4tter man.<\/p>\n<p><a href=\"https:\/\/www.instagram.com\/p\/DY_6FfdK4jD\/\" data-provider=\"instagram\" class=\"js-social-embed\" rel=\"nofollow noopener\" target=\"_blank\">https:\/\/www.instagram.com\/p\/DY_6FfdK4jD\/<\/a><\/p>\n<p>Noma grundades av den danske kocken Ren\u00e9 Redzepi 2003. Restaurangen har haft tre Michelinstj\u00e4rnor och flera g\u00e5nger utsetts till v\u00e4rldens b\u00e4sta.<\/p>\n<p>\u00c5terkommande kritik<\/p>\n<p>Men i skuggan av framg\u00e5ngarna har kritik \u00e5terkommande riktats mot Redzepis ledarstil. Redan 2015 bad han offentligt om urs\u00e4kt efter vittnesm\u00e5l om \u00f6vergrepp och mobbning.<\/p>\n<p>I v\u00e5ras tog kritiken ny fart n\u00e4r New York Times <a href=\"https:\/\/www.expressen.se\/nyheter\/varlden\/anklagar-lyxkocken-pa-noma-som-att-ga-ut-i-krig\/\" rel=\"nofollow noopener\" target=\"_blank\">intervjuade tidigare anst\u00e4llda<\/a> som beskrev en arbetsplats pr\u00e4glad av r\u00e4dsla, f\u00f6r\u00f6dmjukelser och fysiska tillr\u00e4ttavisningar.<\/p>\n<p>Bland annat ber\u00e4ttade en tidigare souschef f\u00f6r tidningen att han vid ett tillf\u00e4lle tvingades st\u00e5 ute i vinterkylan inf\u00f6r ett 40-tal kolleger efter att ha satt p\u00e5 technomusik i k\u00f6ket.<\/p>\n<p>En annan tidigare kock uppgav att Redzepi kastade honom mot en v\u00e4gg och slog honom i magen efter att ha uppt\u00e4ckt ett m\u00e4rke fr\u00e5n en pincett p\u00e5 ett blomblad som skulle serveras till g\u00e4ster.<\/p>\n<p>Efter avsl\u00f6jandet meddelade Redzepi att han <a href=\"https:\/\/www.expressen.se\/nyheter\/varlden\/kritiserade-lyxkocken-lamnar-noma\/\" rel=\"nofollow noopener\" target=\"_blank\">l\u00e4mnar resturangen<\/a>.<\/p>\n<p>\u201dJag har arbetat p\u00e5 att bli en b\u00e4ttre ledare och Noma har under m\u00e5nga \u00e5r tagit stora steg f\u00f6r att f\u00f6rvandla kulturen. Jag inser att de h\u00e4r f\u00f6r\u00e4ndringarna inte reparerar det f\u00f6rflutna\u201d, skrev han i ett uttalande.<\/p>\n<p><strong>L\u00c4S MER: <\/strong><a href=\"https:\/\/www.expressen.se\/nyheter\/varlden\/kritiserade-lyxkocken-lamnar-noma\/\" class=\"\" rel=\"nofollow noopener\" target=\"_blank\">Kritiserade lyxkocken l\u00e4mnar Noma<\/a><strong>L\u00c4S MER: <\/strong><a href=\"https:\/\/www.expressen.se\/nyheter\/varlden\/anklagar-lyxkocken-pa-noma-som-att-ga-ut-i-krig\/\" class=\"\" rel=\"nofollow noopener\" target=\"_blank\">Anklagar lyxkocken p\u00e5 Noma: \u201dSom att g\u00e5 ut i krig\u201d<\/a><script async src=\"\/\/www.instagram.com\/embed.js\"><\/script><\/p>\n","protected":false},"excerpt":{"rendered":"Uppdaterad 31 maj 2026 kl 17.33Publicerad 31 maj 2026 kl 17.12 En av v\u00e4rldens mest hyllade restauranger blir&hellip;\n","protected":false},"author":2,"featured_media":261786,"comment_status":"","ping_status":"","sticky":false,"template":"","format":"standard","meta":{"footnotes":"","_share_on_mastodon":"0"},"categories":[67],"tags":[104,2331,34,55,31,33,32,30,965,105],"class_list":["post-261785","post","type-post","status-publish","format-standard","has-post-thumbnail","category-underhallning","tag-entertainment","tag-organization-guide-michelin","tag-se","tag-sections-varlden","tag-svenska","tag-sverige","tag-sweden","tag-swedish","tag-topic-restaurang","tag-underhallning"],"share_on_mastodon":{"url":"https:\/\/pubeurope.com\/@se\/116669948108750979","error":""},"_links":{"self":[{"href":"https:\/\/www.europesays.com\/se\/wp-json\/wp\/v2\/posts\/261785","targetHints":{"allow":["GET"]}}],"collection":[{"href":"https:\/\/www.europesays.com\/se\/wp-json\/wp\/v2\/posts"}],"about":[{"href":"https:\/\/www.europesays.com\/se\/wp-json\/wp\/v2\/types\/post"}],"author":[{"embeddable":true,"href":"https:\/\/www.europesays.com\/se\/wp-json\/wp\/v2\/users\/2"}],"replies":[{"embeddable":true,"href":"https:\/\/www.europesays.com\/se\/wp-json\/wp\/v2\/comments?post=261785"}],"version-history":[{"count":0,"href":"https:\/\/www.europesays.com\/se\/wp-json\/wp\/v2\/posts\/261785\/revisions"}],"wp:featuredmedia":[{"embeddable":true,"href":"https:\/\/www.europesays.com\/se\/wp-json\/wp\/v2\/media\/261786"}],"wp:attachment":[{"href":"https:\/\/www.europesays.com\/se\/wp-json\/wp\/v2\/media?parent=261785"}],"wp:term":[{"taxonomy":"category","embeddable":true,"href":"https:\/\/www.europesays.com\/se\/wp-json\/wp\/v2\/categories?post=261785"},{"taxonomy":"post_tag","embeddable":true,"href":"https:\/\/www.europesays.com\/se\/wp-json\/wp\/v2\/tags?post=261785"}],"curies":[{"name":"wp","href":"https:\/\/api.w.org\/{rel}","templated":true}]}}