{"id":261878,"date":"2026-05-31T17:21:11","date_gmt":"2026-05-31T17:21:11","guid":{"rendered":"https:\/\/www.europesays.com\/se\/261878\/"},"modified":"2026-05-31T17:21:11","modified_gmt":"2026-05-31T17:21:11","slug":"jerka-johanssons-grova-ord-i-sveriges-masterkock-i-tv4","status":"publish","type":"post","link":"https:\/\/www.europesays.com\/se\/261878\/","title":{"rendered":"Jerka Johanssons grova ord i Sveriges M\u00e4sterkock i TV4"},"content":{"rendered":"<p>Publicerad 31 maj 2026 kl 18.47<\/p>\n<p>Ostarna g\u00f6r vad, sa du&#8230;?<\/p>\n<p>D\u00e4r slank en groda ut ur \u201dJerkas\u201d mun i \u201dM\u00e4sterkocken\u201d.<\/p>\n<p><img   alt=\"\"\/><\/p>\n<p>\u201dJerka\u201d visar upp ostarna som&#8230; ja, g\u00f6r vad\u00e5?<\/p>\n<p>Foto: TV4<\/p>\n<p>\u00d6ppna bild i helsk\u00e4rm<img loading=\"lazy\"   alt=\"\"\/><\/p>\n<p>Tom Sj\u00f6stedt.<\/p>\n<p>Foto: TV4<\/p>\n<p>\u00d6ppna bild i helsk\u00e4rm<img loading=\"lazy\"   alt=\"\"\/><\/p>\n<p>Grilled cheese.<\/p>\n<p>Foto: TV4<\/p>\n<p>\u00d6ppna bild i helsk\u00e4rm<\/p>\n<p>I f\u00f6rra veckans \u201d<a href=\"https:\/\/www.expressen.se\/tagg\/organization\/sveriges-masterkock\/\" class=\"\" rel=\"nofollow noopener\" target=\"_blank\">Sveriges m\u00e4sterkock<\/a>\u201d var en av utmaningarna att bjuda juryn p\u00e5 mackor av samma stuk som serveras p\u00e5 Tom Sj\u00f6stedts och Erik \u201dJerka\u201d Johanssons krog Sandh\u00e4xan i Stockholm.<\/p>\n<p>Innan det blev deltagarnas tur visade duon hur en macksten ska dras. \u201dJerka\u201d gjorde en grilled cheese lik den som serveras p\u00e5 Sandh\u00e4xan.<\/p>\n<p>N\u00e4r \u201dJerka\u201d visade upp den sm\u00e4lta osten som tr\u00e5dade sig mellan mackorna bj\u00f6d han p\u00e5 en groda:<\/p>\n<p>\u2013 Det \u00e4r olika sorters ostar som bara knullar i mackan \u2013 men det f\u00e5r man inte s\u00e4ga.<\/p>\n<p>TV4 \u201dbeepade\u201d \u2013 och Tom Sj\u00f6stedt sa till:<\/p>\n<p>\u2013 Nej, det f\u00e5r man inte s\u00e4ga.<\/p>\n<p>\u201dJerka\u201d \u00e4ndrade sig kvickt:<\/p>\n<p>\u2013 Olika ostar som \u00e4lskar i mackan.<\/p>\n","protected":false},"excerpt":{"rendered":"Publicerad 31 maj 2026 kl 18.47 Ostarna g\u00f6r vad, sa du&#8230;? D\u00e4r slank en groda ut ur \u201dJerkas\u201d&hellip;\n","protected":false},"author":2,"featured_media":261879,"comment_status":"","ping_status":"","sticky":false,"template":"","format":"standard","meta":{"footnotes":"","_share_on_mastodon":"0"},"categories":[67],"tags":[104,3392,384,34,645,31,33,32,30,145,105],"class_list":["post-261878","post","type-post","status-publish","format-standard","has-post-thumbnail","category-underhallning","tag-entertainment","tag-organization-sveriges-masterkock","tag-organization-tv4","tag-se","tag-sections-tv","tag-svenska","tag-sverige","tag-sweden","tag-swedish","tag-topic-mat-dryck","tag-underhallning"],"share_on_mastodon":{"url":"https:\/\/pubeurope.com\/@se\/116670345225024495","error":""},"_links":{"self":[{"href":"https:\/\/www.europesays.com\/se\/wp-json\/wp\/v2\/posts\/261878","targetHints":{"allow":["GET"]}}],"collection":[{"href":"https:\/\/www.europesays.com\/se\/wp-json\/wp\/v2\/posts"}],"about":[{"href":"https:\/\/www.europesays.com\/se\/wp-json\/wp\/v2\/types\/post"}],"author":[{"embeddable":true,"href":"https:\/\/www.europesays.com\/se\/wp-json\/wp\/v2\/users\/2"}],"replies":[{"embeddable":true,"href":"https:\/\/www.europesays.com\/se\/wp-json\/wp\/v2\/comments?post=261878"}],"version-history":[{"count":0,"href":"https:\/\/www.europesays.com\/se\/wp-json\/wp\/v2\/posts\/261878\/revisions"}],"wp:featuredmedia":[{"embeddable":true,"href":"https:\/\/www.europesays.com\/se\/wp-json\/wp\/v2\/media\/261879"}],"wp:attachment":[{"href":"https:\/\/www.europesays.com\/se\/wp-json\/wp\/v2\/media?parent=261878"}],"wp:term":[{"taxonomy":"category","embeddable":true,"href":"https:\/\/www.europesays.com\/se\/wp-json\/wp\/v2\/categories?post=261878"},{"taxonomy":"post_tag","embeddable":true,"href":"https:\/\/www.europesays.com\/se\/wp-json\/wp\/v2\/tags?post=261878"}],"curies":[{"name":"wp","href":"https:\/\/api.w.org\/{rel}","templated":true}]}}