{"id":26189,"date":"2025-09-10T05:00:24","date_gmt":"2025-09-10T05:00:24","guid":{"rendered":"https:\/\/www.europesays.com\/se\/26189\/"},"modified":"2025-09-10T05:00:24","modified_gmt":"2025-09-10T05:00:24","slug":"vi-ar-vid-vags-ande-maste-utvardera-nu-noa-bachner","status":"publish","type":"post","link":"https:\/\/www.europesays.com\/se\/26189\/","title":{"rendered":"Vi \u00e4r vid v\u00e4gs \u00e4nde \u2013 m\u00e5ste utv\u00e4rdera nu | Noa Bachner"},"content":{"rendered":"<p>Noa Bachner<\/p>\n<p>Publicerad 9 sep 2025 kl 11.19Uppdaterad kl 13.45<\/p>\n<p>Sverige har s\u00e5 pass bra spelare att det r\u00e4cker med hyfsat vanlig fotboll f\u00f6r att g\u00e5 till VM.<\/p>\n<p>Men Jon Dahl Tomasson behandlar laget som en f\u00f6rs\u00f6kskanin.<\/p>\n<p>Han verkar inte ha n\u00e5gra planer p\u00e5 att \u00e4ndra sig heller.<\/p>\n<p>Detta \u00e4r en kr\u00f6nika. Analys och st\u00e4llningstaganden \u00e4r skribentens.<\/p>\n<p><img loading=\"lazy\"   alt=\"\"\/><\/p>\n<p>Jon Dahl Tomasson.<\/p>\n<p>Foto: JOHANNA S\u00c4LL \/ BILDBYR\u00c5N<\/p>\n<p>\u00d6ppna bild i helsk\u00e4rm<img loading=\"lazy\"   alt=\"\"\/><\/p>\n<p>Anthony Elanga och Viktor Gy\u00f6keres.<\/p>\n<p>Foto: JOHANNA S\u00c4LL \/ BILDBYR\u00c5N<\/p>\n<p>\u00d6ppna bild i helsk\u00e4rm<img   alt=\"\"\/>Noa Bachner<\/p>\n<p>Efter m\u00e5ndagens trauma i Pristina finns det egentligen bara en sak att h\u00e5lla h\u00e5rt i: V\u00e4gen till VM \u00e4r inte st\u00e4ngd.\u00a0<\/p>\n<p>Det beror givetvis inte p\u00e5 Jon Dahl Tomassons landslag, som k\u00e4nns n\u00e4rmare spel i superettan just nu, utan att turneringen spelas mellan 48 l\u00e4nder, vilket i sin tur har f\u00f6rvandlat kvalspelet till en sorts breddverksamhet.\u00a0<\/p>\n<p>Selektering har blivit s\u00e5 stigmatiserat att till och med Fifa tar avst\u00e5nd fr\u00e5n det. N\u00e4stan alla ska f\u00e5 vara med.\u00a0<\/p>\n<p>N\u00e4stan.<\/p>\n<p>Ett landslag som det svenska, med v\u00e4rldsklass i vissa lagdelar och tillr\u00e4ckligt h\u00f6g kvalitet f\u00f6r att h\u00e5lla st\u00e4llningarna i andra, kan (kunde) g\u00e5 dit genom att vinna kvalgruppen, komma tv\u00e5a i den eller v\u00e4nta p\u00e5 uppsamlingsheatet fr\u00e5n Nations League. Det beh\u00f6ver knappt lyfta ett finger, och med det menar jag att det enda som egentligen kr\u00e4vs \u00e4r att inte tappa f\u00f6rst\u00e5ndet.<\/p>\n<p>Spela hyfsat vanlig fotboll, och det h\u00e4r kommer l\u00f6sa sig.<\/p>\n<p>Vad som \u00e4r tydligt efter fiaskot i Kosovo \u00e4r att det uppdraget visat sig \u00f6verm\u00e4ktigt. Jon Dahl Tomassons \u201djourney\u201d var ingen resa till en medryckande, bl\u00e5gul, m\u00e5lsprutande pressmaskin, utan en fotboll helt utan s\u00e4kerhetsn\u00e4t. Underh\u00e5llningen han pratade varmt om finns d\u00e4r. F\u00f6r den som h\u00e5ller p\u00e5 motst\u00e5ndarna.<\/p>\n<p>Sverige spelar som ett \u00f6vert\u00e4nt ungdomsf\u00f6rbund, och har faktiskt gjort det ett tag utan att straffas f\u00f6r det. Det \u00e4r allt eller inget \u2013 med en allt starkare dragning \u00e5t inget.<\/p>\n<blockquote><p>Samma skr\u00e4ckliknande tendenser<\/p><\/blockquote>\n<p>Visst.\u00a0<\/p>\n<p>Man kan ha diskussioner om spelare som inte \u00e4r i form. Eller samtal om hur l\u00e4mpligt det egentligen \u00e4r att st\u00e4lla sin trebackslinje 20 meter in p\u00e5 offensiv planhalva n\u00e4r explosivitet inte utm\u00e4rker en enda av dem. Eller Robin Olsens plats mellan stolparna, som visst kan ifr\u00e5gas\u00e4ttas, trots det massiva eldunderst\u00f6d han f\u00e5r av gamla kolleger i tv.<\/p>\n<p>Men det blir inte r\u00e4ttvist. F\u00f6r naturligtvis \u00e4r det som h\u00e5ller p\u00e5 att sabotera m\u00f6jligheterna till VM n\u00e4sta sommar en f\u00f6rbundskaptensfr\u00e5ga.\u00a0<\/p>\n<p>Tomasson har s\u00f6kt det han blev tillsagd n\u00e4r han anst\u00e4lldes: en fram\u00e5tlutad, initiativrik spelmodell.<\/p>\n<p>Men han levererar en komplex, \u00f6verambiti\u00f6s, asymmetrisk id\u00e9, som g\u00e5r rakt emot den enkelhet som framg\u00e5ngsrika landslag ofta prioriterar. Den fungerar inte. Och han verkar inte planera att g\u00f6ra n\u00e5got \u00e5t det.<\/p>\n<p>Samma skr\u00e4cklika tendenser som uppenbarade sig n\u00e4r Portugal sprang in fem m\u00e5l i den danske 49-\u00e5ringens debutlandskamp i februari f\u00f6rra \u00e5ret har nu scoutats fram av l\u00e4nder som Kosovo.\u00a0<\/p>\n<p>Vi \u00e4r framme vid v\u00e4gs \u00e4nde f\u00f6r det h\u00e4r experimentet. Utv\u00e4rderingen beh\u00f6ver genomf\u00f6ras. Den kan bara mynna ut i ett krav p\u00e5 f\u00f6r\u00e4ndring.<\/p>\n<p>Annons<\/p>\n<blockquote><p>En vanlig fotboll \u00e4r m\u00f6jlig<\/p><\/blockquote>\n<p>Vad ska h\u00e4nda i st\u00e4llet?<\/p>\n<p>Om inte Tomasson t\u00e4nker \u00e4ndra p\u00e5 sig beh\u00f6ver n\u00e5gon \u00e4ndra namnet p\u00e5 Sveriges f\u00f6rbundskapten.<\/p>\n<p>Runt h\u00f6rnet h\u00e4grar dessutom en v\u00e4lbekant risk. Om det tog sju sv\u00e5ra Erik Hamr\u00e9n-\u00e5r f\u00f6r den svenska fotbollspubliken att b\u00f6rja l\u00e4ngta efter ett folkhemsosande 4-4-2-landslag igen har det tagit 18 m\u00e5nader den h\u00e4r g\u00e5ngen.\u00a0<\/p>\n<p>Ryckigt? Ja. Men m\u00e4nskligt. Det \u00e4r klart att man str\u00e4cker sig efter trygghet n\u00e4r Hugo Larsson fladdrar med armarna i panik bakom fria Kosovo-anfallare.<\/p>\n<p>Tyv\u00e4rr \u00e4r det en f\u00e4lla att v\u00e4nda tillbaka. I m\u00e5nga avseenden har Sverige gjort sig of\u00f6rtj\u00e4nt av etiketten som landet lagom. Ett av v\u00e5ra mest utm\u00e4rkande drag har snarare blivit att l\u00e5ta pendeln sl\u00e5 fr\u00e5n en extrem till en annan, oavsett vilket \u00e4mne det g\u00e4ller. Och g\u00e4rna fort.<\/p>\n<p>S\u00e5 \u00e4ven herrlandslaget. N\u00e4r en avvaktande spelstil buades ut kastade vi oss \u00f6ver till en hyperaktiv.\u00a0<\/p>\n<p>Men vi beh\u00f6ver inte v\u00e4nda hela v\u00e4gen tillbaka igen. Alternativet till det vi ser nu \u00e4r inte en nostalgisk U-sv\u00e4ng, en fruktl\u00f6s l\u00e4ngtan efter ett spel vars f\u00f6rh\u00e5llandevis l\u00e5ga takh\u00f6jd vi har l\u00e4rt oss allt om.<\/p>\n<p>Alternativet \u00e4r att titta d\u00e4remellan. Svensk fotboll har f\u00f6r\u00e4ndrats, det g\u00e4ller spelare, tr\u00e4nare och det taktiska inneh\u00e5ll som h\u00e5ller den samman. En ny identitet g\u00e5r att vaska fram, och bara i Sverige finns gott om tr\u00e4nare som kan tillvarata den nya generationens egenskaper om Tomasson inte \u00e4r kapabel till det.\u00a0<\/p>\n<p>En hyfsat vanlig fotboll \u00e4r m\u00f6jlig. Och med den, \u00e4ven VM.<\/p>\n<p><strong>L\u00c4S MER: <\/strong><a href=\"https:\/\/www.expressen.se\/sport\/fotboll\/landslaget\/getingbetyg-sa-bra-var-sverige-mot-kosovo\/\" class=\"premium-link\" rel=\"nofollow noopener\" target=\"_blank\">Premium Getingbetyg: S\u00e5 bra var Sverige mot Kosovo<\/a><strong>L\u00c4S MER: <\/strong><a href=\"https:\/\/www.expressen.se\/sport\/fotboll\/landslaget\/kim-kallstroms-svar-om-fortroendet-for-jon-dahl-tomasson\/\" class=\"\" rel=\"nofollow noopener\" target=\"_blank\">Kim K\u00e4llstr\u00f6ms svar om f\u00f6rtroendet f\u00f6r Jon Dahl Tomasson<\/a><strong>L\u00c4S MER: <\/strong><a href=\"https:\/\/www.expressen.se\/sport\/fotboll\/landslaget\/alexander-isak-mardromscomeback-varnad-i-storbrak\/\" class=\"\" rel=\"nofollow noopener\" target=\"_blank\">Alexander Isak \u201dmardr\u00f6mscomeback\u201d \u2013 varnad i storbr\u00e5k<\/a><\/p>\n","protected":false},"excerpt":{"rendered":"Noa Bachner Publicerad 9 sep 2025 kl 11.19Uppdaterad kl 13.45 Sverige har s\u00e5 pass bra spelare att det&hellip;\n","protected":false},"author":2,"featured_media":26190,"comment_status":"","ping_status":"","sticky":false,"template":"","format":"standard","meta":{"footnotes":""},"categories":[5],"tags":[22,23,26,27,17,21,24,25,28,29,15,16,18,34,305,739,31,33,32,30,19,20],"class_list":{"0":"post-26189","1":"post","2":"type-post","3":"status-publish","4":"format-standard","5":"has-post-thumbnail","7":"category-rubriker","8":"tag-breaking-news","9":"tag-breakingnews","10":"tag-featured-news","11":"tag-featurednews","12":"tag-headlines","13":"tag-huvudnyheter","14":"tag-latest-news","15":"tag-latestnews","16":"tag-main-news","17":"tag-mainnews","18":"tag-news","19":"tag-nyheter","20":"tag-rubriker","21":"tag-se","22":"tag-sections-kronikorer","23":"tag-sections-noabachner","24":"tag-svenska","25":"tag-sverige","26":"tag-sweden","27":"tag-swedish","28":"tag-top-stories","29":"tag-topstories"},"share_on_mastodon":{"url":"","error":""},"_links":{"self":[{"href":"https:\/\/www.europesays.com\/se\/wp-json\/wp\/v2\/posts\/26189","targetHints":{"allow":["GET"]}}],"collection":[{"href":"https:\/\/www.europesays.com\/se\/wp-json\/wp\/v2\/posts"}],"about":[{"href":"https:\/\/www.europesays.com\/se\/wp-json\/wp\/v2\/types\/post"}],"author":[{"embeddable":true,"href":"https:\/\/www.europesays.com\/se\/wp-json\/wp\/v2\/users\/2"}],"replies":[{"embeddable":true,"href":"https:\/\/www.europesays.com\/se\/wp-json\/wp\/v2\/comments?post=26189"}],"version-history":[{"count":0,"href":"https:\/\/www.europesays.com\/se\/wp-json\/wp\/v2\/posts\/26189\/revisions"}],"wp:featuredmedia":[{"embeddable":true,"href":"https:\/\/www.europesays.com\/se\/wp-json\/wp\/v2\/media\/26190"}],"wp:attachment":[{"href":"https:\/\/www.europesays.com\/se\/wp-json\/wp\/v2\/media?parent=26189"}],"wp:term":[{"taxonomy":"category","embeddable":true,"href":"https:\/\/www.europesays.com\/se\/wp-json\/wp\/v2\/categories?post=26189"},{"taxonomy":"post_tag","embeddable":true,"href":"https:\/\/www.europesays.com\/se\/wp-json\/wp\/v2\/tags?post=26189"}],"curies":[{"name":"wp","href":"https:\/\/api.w.org\/{rel}","templated":true}]}}