{"id":26191,"date":"2025-09-10T05:03:07","date_gmt":"2025-09-10T05:03:07","guid":{"rendered":"https:\/\/www.europesays.com\/se\/26191\/"},"modified":"2025-09-10T05:03:07","modified_gmt":"2025-09-10T05:03:07","slug":"ingrosso-och-hammar-avslojar-swingersfesterna-i-stockholm","status":"publish","type":"post","link":"https:\/\/www.europesays.com\/se\/26191\/","title":{"rendered":"Ingrosso och Hammar avsl\u00f6jar swingersfesterna i Stockholm"},"content":{"rendered":"<p>Publicerad 10 sep 2025 kl 06.30Uppdaterad kl 06.40<\/p>\n<p>Swingersv\u00e5gen \u00e4r \u201dhelt otrolig\u201d i Stockholm just nu.\u00a0<\/p>\n<p>Det menar Bianca Ingrosso och Filip Hammar.\u00a0<\/p>\n<p>\u2013 V\u00e4nner byter partners och de har fyrkanter hit och dit, s\u00e4ger Ingrosso i podcasten <a href=\"https:\/\/podme.com\/se\/podcast\/filip-fredrik-svarar\/\" rel=\"nofollow noopener\" target=\"_blank\">\u201dFilip och Fredrik svarar\u201d. <\/a>\u00a0<\/p>\n<p><img   alt=\"\"\/><\/p>\n<p>Fredrik Wikingsson och Filip Hammar driver podden \u201dFilip och Fredrik svarar\u201d.<\/p>\n<p>Foto: Jonas Ekstr\u00f6mer \/ TT NYHETSBYR\u00c5N<\/p>\n<p>\u00d6ppna bild i helsk\u00e4rm<img loading=\"lazy\"   alt=\"\"\/><\/p>\n<p>Bianca med mamma Pernilla Wahlgren.<\/p>\n<p>Foto: Henrik Montgomery\/TT \/ TT NYHETSBYR\u00c5N<\/p>\n<p>\u00d6ppna bild i helsk\u00e4rm<\/p>\n<p>N\u00e4r <a href=\"https:\/\/www.expressen.se\/tagg\/person\/bianca-ingrosso\/\" class=\"\" rel=\"nofollow noopener\" target=\"_blank\">Bianca Ingrosso<\/a> g\u00e4star podcasten \u201dFilip och Fredrik svarar\u201d kommer de in p\u00e5 galna fester och b\u00e5de Filip Hammar och Bianca Ingrosso, som g\u00e4star podden, menar att det just nu \u00e4r en swingersv\u00e5g i Stockholm.\u00a0<\/p>\n<p>\u2013 Jag har kompisar som s\u00e4ger att det \u00e4r s\u00e5 j\u00e4vla grisigt, s\u00e4ger Hammar och forts\u00e4tter:<\/p>\n<p>\u2013 Min kompis h\u00e4vdar att swingersv\u00e5gen i Stockholm \u00e4r helt otrolig.\u00a0<\/p>\n<p>Han f\u00e5r medh\u00e5ll av Bianca Ingrosso.\u00a0<\/p>\n<p>\u2013 Det \u00e4r helt sjukt. Det \u00e4r s\u00e5. V\u00e4nner byter partners och de har fyrkanter hit och dit, s\u00e4ger hon i podden.<\/p>\n<p>De funderar p\u00e5 om det kan vara lite av ett \u00f6verklassfenomen men landar i att de inte vet.\u00a0<\/p>\n<p>\u2013 Det var n\u00e5gon som pratade med mig om att det \u00e4r hus inne i stan med pooler i k\u00e4llaren, s\u00e4ger Hammar och konstaterar att han inte sj\u00e4lv sett n\u00e5gra.<\/p>\n<p>\u2013\u00a0Det k\u00e4nns som en fri v\u00e5g just nu, s\u00e4ger Ingrosso.\u00a0<\/p>\n<p><strong>L\u00c4S MER: <\/strong><a href=\"https:\/\/www.expressen.se\/noje\/biancas-dyra-barnota-i-marbella-hybris\/\" class=\"\" rel=\"nofollow noopener\" target=\"_blank\">Biancas dyra barnota i Marbella: \u201dHybris\u201d<\/a><\/p>\n","protected":false},"excerpt":{"rendered":"Publicerad 10 sep 2025 kl 06.30Uppdaterad kl 06.40 Swingersv\u00e5gen \u00e4r \u201dhelt otrolig\u201d i Stockholm just nu.\u00a0 Det menar&hellip;\n","protected":false},"author":2,"featured_media":26192,"comment_status":"","ping_status":"","sticky":false,"template":"","format":"standard","meta":{"footnotes":""},"categories":[67],"tags":[104,580,2952,3066,34,31,33,32,30,105],"class_list":{"0":"post-26191","1":"post","2":"type-post","3":"status-publish","4":"format-standard","5":"has-post-thumbnail","7":"category-underhallning","8":"tag-entertainment","9":"tag-person-bianca-ingrosso","10":"tag-person-filip-hammar","11":"tag-person-fredrik-wikingsson","12":"tag-se","13":"tag-svenska","14":"tag-sverige","15":"tag-sweden","16":"tag-swedish","17":"tag-underhallning"},"share_on_mastodon":{"url":"","error":""},"_links":{"self":[{"href":"https:\/\/www.europesays.com\/se\/wp-json\/wp\/v2\/posts\/26191","targetHints":{"allow":["GET"]}}],"collection":[{"href":"https:\/\/www.europesays.com\/se\/wp-json\/wp\/v2\/posts"}],"about":[{"href":"https:\/\/www.europesays.com\/se\/wp-json\/wp\/v2\/types\/post"}],"author":[{"embeddable":true,"href":"https:\/\/www.europesays.com\/se\/wp-json\/wp\/v2\/users\/2"}],"replies":[{"embeddable":true,"href":"https:\/\/www.europesays.com\/se\/wp-json\/wp\/v2\/comments?post=26191"}],"version-history":[{"count":0,"href":"https:\/\/www.europesays.com\/se\/wp-json\/wp\/v2\/posts\/26191\/revisions"}],"wp:featuredmedia":[{"embeddable":true,"href":"https:\/\/www.europesays.com\/se\/wp-json\/wp\/v2\/media\/26192"}],"wp:attachment":[{"href":"https:\/\/www.europesays.com\/se\/wp-json\/wp\/v2\/media?parent=26191"}],"wp:term":[{"taxonomy":"category","embeddable":true,"href":"https:\/\/www.europesays.com\/se\/wp-json\/wp\/v2\/categories?post=26191"},{"taxonomy":"post_tag","embeddable":true,"href":"https:\/\/www.europesays.com\/se\/wp-json\/wp\/v2\/tags?post=26191"}],"curies":[{"name":"wp","href":"https:\/\/api.w.org\/{rel}","templated":true}]}}