{"id":2627,"date":"2025-08-12T07:51:08","date_gmt":"2025-08-12T07:51:08","guid":{"rendered":"https:\/\/www.europesays.com\/se\/2627\/"},"modified":"2025-08-12T07:51:08","modified_gmt":"2025-08-12T07:51:08","slug":"turerna-fortsatter-isak-uppges-fast-besluten-om-att-inte-spela-for-newcastle-igen","status":"publish","type":"post","link":"https:\/\/www.europesays.com\/se\/2627\/","title":{"rendered":"Turerna forts\u00e4tter: Isak uppges fast besluten om att inte spela f\u00f6r Newcastle igen"},"content":{"rendered":"<p>Alexander Isak har ryktats bort fr\u00e5n Newcastle under en tid. Han tr\u00e4nar inte l\u00e4ngre med laget och enligt The Athletic har han inga ambitioner om att g\u00f6ra det heller. <\/p>\n<p>Turerna kring den svenska stj\u00e4rnanfallaren har varit m\u00e5nga. Framf\u00f6rallt har Liverpool st\u00e5tt p\u00e5 agendan f\u00f6r Alexander Isaks del, men n\u00e5gon flytt har \u00e4nnu inte blivit av. Det har f\u00e5tt Newcastles tr\u00e4nare Eddie Howe att agera, och Isak tr\u00e4nar inte l\u00e4ngre tillsammans med resten av laget.<\/p>\n<p>Nu kommer The Athletics David Ornstein med nya uppgifter om att Alexander Isak \u00e4r fast besluten om att inte spela fotboll f\u00f6r Newcastle igen. \u00c4ven om s\u00e4songen drar ig\u00e5ng och transferf\u00f6nstret st\u00e4nger utan att Isak f\u00e5tt till en flytt ser han karri\u00e4ren i Newcastle som avslutad. Isaks st\u00e5ndpunkt ska hela tiden ha varit att s\u00e4songen 2024\/25 skulle bli hans sista i den svartvit-randiga tr\u00f6jan. Men h\u00e4r g\u00e5r versionerna is\u00e4r.<\/p>\n<p>Enligt klubben sj\u00e4lva har Isak ist\u00e4llet varit \u00f6ppen f\u00f6r att diskutera en kontraktsf\u00f6rl\u00e4ngning. Newcastle har tydliggjort att svensken inte \u00e4r till salu. D\u00e4remot har rykten gjort g\u00e4llande att ett bud p\u00e5 150 miljoner pund (cirka 2 miljarder kronor), samt att Newcastle f\u00e5r in en ers\u00e4ttare, skulle kunna f\u00e5 klubben att acceptera en f\u00f6rs\u00e4ljning.<\/p>\n<p>Newcastle spelar Premier League-premi\u00e4r p\u00e5 l\u00f6rdag mot Aston Villa. Det mesta talar f\u00f6r att man f\u00e5r klara sig utan sin fr\u00e4mste m\u00e5lskytt.<\/p>\n","protected":false},"excerpt":{"rendered":"Alexander Isak har ryktats bort fr\u00e5n Newcastle under en tid. Han tr\u00e4nar inte l\u00e4ngre med laget och enligt&hellip;\n","protected":false},"author":2,"featured_media":2628,"comment_status":"","ping_status":"","sticky":false,"template":"","format":"standard","meta":{"footnotes":""},"categories":[5],"tags":[159,22,23,158,157,26,27,138,17,156,21,24,25,28,29,165,164,15,16,140,18,34,160,162,111,31,161,33,32,30,163,19,20],"class_list":{"0":"post-2627","1":"post","2":"type-post","3":"status-publish","4":"format-standard","5":"has-post-thumbnail","7":"category-rubriker","8":"tag-allsvenskan","9":"tag-breaking-news","10":"tag-breakingnews","11":"tag-fans","12":"tag-fantv","13":"tag-featured-news","14":"tag-featurednews","15":"tag-fotboll","16":"tag-headlines","17":"tag-hockey","18":"tag-huvudnyheter","19":"tag-latest-news","20":"tag-latestnews","21":"tag-main-news","22":"tag-mainnews","23":"tag-matcher","24":"tag-matchprogram","25":"tag-news","26":"tag-nyheter","27":"tag-premier-league","28":"tag-rubriker","29":"tag-se","30":"tag-serie-a","31":"tag-spelschema","32":"tag-sport","33":"tag-svenska","34":"tag-svenskafans","35":"tag-sverige","36":"tag-sweden","37":"tag-swedish","38":"tag-tabeller","39":"tag-top-stories","40":"tag-topstories"},"share_on_mastodon":{"url":"","error":""},"_links":{"self":[{"href":"https:\/\/www.europesays.com\/se\/wp-json\/wp\/v2\/posts\/2627","targetHints":{"allow":["GET"]}}],"collection":[{"href":"https:\/\/www.europesays.com\/se\/wp-json\/wp\/v2\/posts"}],"about":[{"href":"https:\/\/www.europesays.com\/se\/wp-json\/wp\/v2\/types\/post"}],"author":[{"embeddable":true,"href":"https:\/\/www.europesays.com\/se\/wp-json\/wp\/v2\/users\/2"}],"replies":[{"embeddable":true,"href":"https:\/\/www.europesays.com\/se\/wp-json\/wp\/v2\/comments?post=2627"}],"version-history":[{"count":0,"href":"https:\/\/www.europesays.com\/se\/wp-json\/wp\/v2\/posts\/2627\/revisions"}],"wp:featuredmedia":[{"embeddable":true,"href":"https:\/\/www.europesays.com\/se\/wp-json\/wp\/v2\/media\/2628"}],"wp:attachment":[{"href":"https:\/\/www.europesays.com\/se\/wp-json\/wp\/v2\/media?parent=2627"}],"wp:term":[{"taxonomy":"category","embeddable":true,"href":"https:\/\/www.europesays.com\/se\/wp-json\/wp\/v2\/categories?post=2627"},{"taxonomy":"post_tag","embeddable":true,"href":"https:\/\/www.europesays.com\/se\/wp-json\/wp\/v2\/tags?post=2627"}],"curies":[{"name":"wp","href":"https:\/\/api.w.org\/{rel}","templated":true}]}}