{"id":26305,"date":"2025-09-10T07:43:06","date_gmt":"2025-09-10T07:43:06","guid":{"rendered":"https:\/\/www.europesays.com\/se\/26305\/"},"modified":"2025-09-10T07:43:06","modified_gmt":"2025-09-10T07:43:06","slug":"simon-astrom-svarar-om-sveriges-fiasko-i-vm-kvalet-landslaget","status":"publish","type":"post","link":"https:\/\/www.europesays.com\/se\/26305\/","title":{"rendered":"Simon \u00c5str\u00f6m svarar om Sveriges fiasko i VM-kvalet | Landslaget"},"content":{"rendered":"<p>Sveriges trupp \u00e4r v\u00e4rd sex g\u00e5nger s\u00e5 mycket och p\u00e5 v\u00e4rldsrankingen skiljer det 66 placeringar.<\/p>\n<p>\u00c4nd\u00e5 blev det chockf\u00f6rlust.<\/p>\n<p>P\u00e5 kort tid har Bl\u00e5gult \u00e5kt p\u00e5 historiska nitar mot Luxemburg och Kosovo.<\/p>\n<p>\u2013 Skillnaden mellan de starkare nationerna och de svagare blir mindre hela tiden, s\u00e4ger Simon \u00c5str\u00f6m.<\/p>\n<p><img loading=\"lazy\"   alt=\"\"\/><\/p>\n<p>Fotbollf\u00f6rbundets ordf\u00f6rande Simon \u00c5str\u00f6m.<\/p>\n<p>Foto: JEPPE GUSTAFSSON<\/p>\n<p>\u00d6ppna bild i helsk\u00e4rm<img loading=\"lazy\"   alt=\"\"\/><\/p>\n<p>F\u00f6rbundschefen Kim K\u00e4llstr\u00f6m efter m\u00e5ndagens match i Pristina.<\/p>\n<p>Foto: JOHANNA S\u00c4LL \/ BILDBYR\u00c5N<\/p>\n<p>\u00d6ppna bild i helsk\u00e4rm<img loading=\"lazy\"   alt=\"\"\/><\/p>\n<p>Svenska spelare deppar efter f\u00f6rlusten mot Kosovo i m\u00e5ndags.<\/p>\n<p>Foto: JOHANNA S\u00c4LL \/ BILDBYR\u00c5N<\/p>\n<p>\u00d6ppna bild i helsk\u00e4rm<img loading=\"lazy\"   alt=\"\"\/><\/p>\n<p>Alexander Isak och Emil Krafth.<\/p>\n<p>Foto: JOHANNA S\u00c4LL \/ BILDBYR\u00c5N<\/p>\n<p>\u00d6ppna bild i helsk\u00e4rm<\/p>\n<p>Fotbollf\u00f6rbundets ordf\u00f6rande har precis kommit hem till Stockholm efter den i tid l\u00e5nga hemresan fr\u00e5n Kosovo.<\/p>\n<p><strong>Har du landat i vad som h\u00e4nde i m\u00e5ndags?<\/strong><\/p>\n<p>\u2013 Det \u00e4r en stor besvikelse och man k\u00e4nner en stor frustration. Jag upplever att b\u00e5de spelare och ledare var v\u00e4ldigt tydliga med det efter matchen ocks\u00e5. De var besvikna att de inte kom upp i den niv\u00e5 de hade hoppats p\u00e5 och f\u00f6rv\u00e4ntat sig. Det som betyder mest i ett s\u00e5nt h\u00e4r kval \u00e4r resultatet, s\u00e4ger \u00c5str\u00f6m.<\/p>\n<p>\u00c4ven Kim K\u00e4llstr\u00f6m, fotbollschef, var inne p\u00e5 det d\u00e4r med att inte komma upp i niv\u00e5 n\u00e4r han m\u00f6tte journalisterna i Pristina.<\/p>\n<p>\u2013 Jag tror att alla s\u00e5g att det var en prestation som inte var p\u00e5 niv\u00e5n man beh\u00f6ver i ett VM-kval. D\u00e5 hamnar man i det h\u00e4r l\u00e4get. Skillnaderna mellan lagen \u00e4r ganska liten. D\u00e5 beh\u00f6ver man leverera prestationer p\u00e5 maxniv\u00e5.<\/p>\n<p>Sverige, Kosovo och Luxemburg<\/p>\n<p><strong>Placering p\u00e5 v\u00e4rldsrankingen<\/strong><\/p>\n<p>29. Sverige<\/p>\n<p>92. Luxemburg<\/p>\n<p>95. Kosovo<\/p>\n<p><strong>Truppv\u00e4rde<\/strong><\/p>\n<p>12. Sverige \u2013 444,80 miljoner euro<\/p>\n<p>59. Kosovo \u2013 72,30 miljoner euro<\/p>\n<p>81. Luxemburg \u2013 29,43 miljoner euro<\/p>\n<p>K\u00e4llor: Fifa och Transfermarkt<\/p>\n<p>Visa merSkiljer 66 placeringar p\u00e5 rankningen<\/p>\n<p>Den svenska insatsen har s\u00e5gats unisont. Samtidigt har fr\u00e5gan lyfts: borde inte Sverige kunna sl\u00e5 v\u00e4rldens 95:e b\u00e4sta landslag \u00e4ven p\u00e5 en d\u00e5lig dag?<\/p>\n<p>I juni fick de f\u00f6r f\u00f6rsta g\u00e5ngen n\u00e5gonsin stryk av Luxemburg, som ligger precis f\u00f6re Kosovo rankingm\u00e4ssigt. Senare under tisdagskv\u00e4llen, strax efter att den h\u00e4r intervjun gjordes, besegrade Norge exempelvis Moldavien med 11-1.<\/p>\n<p>Kr\u00e4vs det verkligen en maxprestation f\u00f6r att sl\u00e5 dessa lag?<\/p>\n<p>Simon \u00c5str\u00f6m h\u00e5ller med Kim K\u00e4llstr\u00f6m.<\/p>\n<p>\u2013 Det \u00e4r klart att det alltid g\u00e5r att hitta ordval som man kan reagera p\u00e5. Det har jag ocks\u00e5 en respekt f\u00f6r, men&#8230;<\/p>\n<p><img loading=\"lazy\"   alt=\"\"\/><\/p>\n<p>Yasin Ayari deppar efter Sveriges f\u00f6rlust mot Kosovo.<\/p>\n<p>Foto: JOHANNA S\u00c4LL \/ BILDBYR\u00c5N<\/p>\n<p>\u00d6ppna bild i helsk\u00e4rm<\/p>\n<p><strong>\u00c4r skillnaden mellan Sverige och de h\u00e4r lagen s\u00e5 liten?<\/strong><\/p>\n<p>\u2013 Det visade sig ganska tydligt senast att om vi inte \u00e4r p\u00e5 topp s\u00e5 f\u00e5r vi sv\u00e5rt mot ett lag som Kosovo. Det \u00e4r ett krasst konstaterande.<\/p>\n<p>Simon \u00c5str\u00f6m utvecklar:<\/p>\n<p>\u2013 Det ser vi ocks\u00e5 runtom i b\u00e5de kubb- och landslagsfotbollen. De nationer som f\u00f6r m\u00e5nga \u00e5r sen l\u00e5g ganska l\u00e5ngt ifr\u00e5n oss och de stora nationerna, de utvecklas hela tiden och skillnaderna mellan de starkare nationerna och de svagare blir mindre hela tiden. Just f\u00f6r att de svagare nationerna blir s\u00e5 pass mycket b\u00e4ttre.\u00a0<\/p>\n<p>Annons<\/p>\n<p>\u2013 Men det \u00e4r det klart att vi vet vilket h\u00f6g kvalitet v\u00e5r spelargrupp h\u00e5ller och vi tror otroligt mycket p\u00e5 den. Vi har ett ledarteam som vi tror mycket p\u00e5.\u00a0<\/p>\n<p><strong>Har du reflekterat \u00f6ver vad som brister i spelet?<\/strong><\/p>\n<p>\u2013 N\u00e4r det kommer till den tekniska analysen av matchen finns det de som \u00e4r b\u00e4ttre l\u00e4mpade att g\u00e5 igenom den \u00e4n jag sj\u00e4lv. Men jag h\u00e5ller naturligtvis med \u00f6vriga i v\u00e5r grupp att vi inte kommer upp i den niv\u00e5 som vi f\u00f6rv\u00e4ntar oss.<\/p>\n<p><img loading=\"lazy\"   alt=\"\"\/><\/p>\n<p>Sveriges f\u00f6rbundskapten Jon Dahl Tomasson.<\/p>\n<p>Foto: JOHANNA S\u00c4LL \/ BILDBYR\u00c5N<\/p>\n<p>\u00d6ppna bild i helsk\u00e4rmHar f\u00f6rst\u00e5else f\u00f6r ilskan<\/p>\n<p><strong>Efter en s\u00e5n h\u00e4r match blir det tydligt att landslagsfotbollen ber\u00f6r v\u00e4ldigt m\u00e5nga och det \u00e4r m\u00e5nga uppr\u00f6rda k\u00e4nslor. Hur tar du in det?<\/strong><\/p>\n<p>\u2013 F\u00f6rst och fr\u00e4mst s\u00e5 har vi naturligtvis en stor respekt f\u00f6r de k\u00e4nslor som kommer efter en s\u00e5n h\u00e4r match. Fotbollen betyder s\u00e5 mycket f\u00f6r s\u00e5 m\u00e5nga m\u00e4nniskor. Och n\u00e4r det blir en besvikelse som m\u00e5ndags s\u00e5 \u00e4r det fullt naturligt att m\u00e5nga reagerar och \u00e4r v\u00e4ldigt besvikna.\u00a0<\/p>\n<p>Simon \u00c5str\u00f6m forts\u00e4tter:<\/p>\n<p>\u2013 Och det har vi naturligtvis en stor respekt f\u00f6r. Sen handlar det ju f\u00f6r alla som jobbar med v\u00e5ra landslag och den sportliga verksamheten att inte g\u00e5 in i de mest k\u00e4nslom\u00e4ssiga st\u00e4mningarna som \u00e4r l\u00e4tta, \u00e4ven f\u00f6r oss internt, att g\u00f6ra direkt efter en match. Vi m\u00e5ste agera p\u00e5 ett s\u00e5 professionellt s\u00e4tt som m\u00f6jligt f\u00f6r att analysera de h\u00e4r matcherna. Men framf\u00f6r allt titta p\u00e5 hur vi f\u00f6rbereder oss p\u00e5 allra b\u00e4sta s\u00e4tt f\u00f6r att skapa s\u00e5 bra f\u00f6ruts\u00e4ttningar som m\u00f6jligt inf\u00f6r n\u00e4stkommande viktiga matcher.<\/p>\n<p><strong>Du \u00e4r inne p\u00e5 ledarteamet&#8230; det blir ju oundvikligen prat om att sparka f\u00f6rbundskaptenen efter en s\u00e5n h\u00e4r samling. Hur fast \u00f6vertygade \u00e4r ni om att Jon Dahl Tomasson \u00e4r r\u00e4tt v\u00e4g fram\u00e5t?<\/strong><\/p>\n<p>\u2013 Jon \u00e4r v\u00e5r tr\u00e4nare och vi tror p\u00e5 honom. Vi har f\u00f6rtroende f\u00f6r honom och vi tror p\u00e5 hela ledarstaden och vi tror p\u00e5 den spelargrupp vi har. Nu g\u00e4ller det f\u00f6r oss att skapa ett lugn s\u00e5 att alla runt landslaget p\u00e5 ett s\u00e5 bra s\u00e4tt som m\u00f6jligt ska kunna skapa f\u00f6ruts\u00e4ttningar f\u00f6r att kunna prestera p\u00e5 ett bra s\u00e4tt n\u00e4r vi samlas n\u00e4sta g\u00e5ng igen.<\/p>\n<p><strong>Ni hade hoppats p\u00e5 betydligt fler po\u00e4ng efter den h\u00e4r samlingen. Hur ser du p\u00e5 Sveriges chanser att ta sig till VM nu?\u00a0<\/strong><\/p>\n<p>\u2013 Vi kan konstatera att v\u00e4gen till VM har blivit betydligt l\u00e4ngre, men det lever fortfarande. Och nu handlar det om att g\u00f6ra allt vi kan f\u00f6r att optimera f\u00f6ruts\u00e4ttningarna f\u00f6r att Sveriges landslag ska kunna ta sig till VM 2026.<\/p>\n<p>Annons<\/p>\n<p>Tror fortfarande p\u00e5 VM<\/p>\n<p><strong>N\u00e4r man tittar p\u00e5 sociala medier \u00e4r det l\u00e4tt att f\u00e5 intrycket att m\u00e5nga upplever att det redan \u00e4r k\u00f6rt. \u00c4r det fortfarande realistiskt att tro p\u00e5 en f\u00f6rstaplats?<\/strong><\/p>\n<p>\u2013 Ja, s\u00e5 l\u00e4nge som m\u00f6jligheten finns s\u00e5 \u00e4r det klart att alla som jobbar i och runt landslaget m\u00e5ste tro p\u00e5 det. Och vi tror p\u00e5 det. Sen vet vi att vi har satt oss i en situation d\u00e4r det blir betydligt sv\u00e5rare \u00e4n om vi hade kommit ur den h\u00e4r samlingen med fyra eller sex po\u00e4ng.<\/p>\n<p>\u2013 Det \u00e4r v\u00e4ldigt enkelt att konstatera det. Jag tror att det handlar v\u00e4ldigt mycket om att skapa s\u00e5 bra f\u00f6ruts\u00e4ttningar som m\u00f6jligt inf\u00f6r n\u00e4sta samling och sen g\u00f6ra bra resultat d\u00e4r. Sen f\u00e5r man hoppas att det b\u00e4r s\u00e5 l\u00e5ngt som m\u00f6jligt.<\/p>\n<p>F\u00f6rstaplatsen inneb\u00e4r en biljett till VM i USA, Kanada och Mexiko.<\/p>\n<p>En andraplats inneb\u00e4r en playoffplats och skulle Sverige komma trea s\u00e5 finns ytterligare en r\u00e4ddningsplanka via Nations League.<\/p>\n<p>En konsekvens av Fifas beslut att ut\u00f6ka VM till 48 lag och ge Europa hela 16 platser.<\/p>\n<p>\u2013 F\u00f6rhoppningsvis kan det bli en f\u00f6rstaplats, men d\u00e5 vet vi att vi beh\u00f6ver komma upp i betydligt h\u00f6gre niv\u00e5 j\u00e4mf\u00f6rt med matchen i Kosovo. Och kan vi inte ta f\u00f6rstaplatsen s\u00e5 vet vi att andraplatsen ger en direktbiljett till playoffspelet i mars. Det kommer vara utmanande. Men vi har ett s\u00e5 pass starkt lag och s\u00e5 mycket potential och skicklighet i truppen att vi absolut tror p\u00e5 att det h\u00e4r fortfarande kan g\u00e5, s\u00e4ger Simon \u00c5str\u00f6m.<\/p>\n<p><strong>L\u00c4S MER: <\/strong><a href=\"https:\/\/www.expressen.se\/sport\/kronikorer\/noa-bachner\/vi-ar-vid-vags-ande-maste-utvardera-nu-\/\" class=\"\" rel=\"nofollow noopener\" target=\"_blank\">Vi \u00e4r vid v\u00e4gs \u00e4nde \u2013 m\u00e5ste utv\u00e4rdera nu<\/a><strong>L\u00c4S MER: <\/strong><a href=\"https:\/\/www.expressen.se\/sport\/fotboll\/landslaget\/sverige-sagas-efter-mardromshalvlek\/\" class=\"\" rel=\"nofollow noopener\" target=\"_blank\">Sverige s\u00e5gas \u2013 efter mardr\u00f6msmatchen<\/a><strong>L\u00c4S MER: <\/strong><a href=\"https:\/\/www.expressen.se\/sport\/fotboll\/landslaget\/sa-kan-sverige-ta-sig-till-fotbolls-vm-trots-kvalsmallarna\/\" class=\"\" rel=\"nofollow noopener\" target=\"_blank\">S\u00e5 kan Sverige ta sig till fotbolls-VM trots kvalsm\u00e4llarna<\/a><\/p>\n","protected":false},"excerpt":{"rendered":"Sveriges trupp \u00e4r v\u00e4rd sex g\u00e5nger s\u00e5 mycket och p\u00e5 v\u00e4rldsrankingen skiljer det 66 placeringar. \u00c4nd\u00e5 blev det&hellip;\n","protected":false},"author":2,"featured_media":26306,"comment_status":"","ping_status":"","sticky":false,"template":"","format":"standard","meta":{"footnotes":""},"categories":[68],"tags":[1336,34,129,146,111,110,31,33,32,30],"class_list":{"0":"post-26305","1":"post","2":"type-post","3":"status-publish","4":"format-standard","5":"has-post-thumbnail","7":"category-sport","8":"tag-organization-sveriges-herrlandslag-i-fotboll","9":"tag-se","10":"tag-sections-fotboll","11":"tag-sections-landslaget","12":"tag-sport","13":"tag-sports","14":"tag-svenska","15":"tag-sverige","16":"tag-sweden","17":"tag-swedish"},"share_on_mastodon":{"url":"","error":""},"_links":{"self":[{"href":"https:\/\/www.europesays.com\/se\/wp-json\/wp\/v2\/posts\/26305","targetHints":{"allow":["GET"]}}],"collection":[{"href":"https:\/\/www.europesays.com\/se\/wp-json\/wp\/v2\/posts"}],"about":[{"href":"https:\/\/www.europesays.com\/se\/wp-json\/wp\/v2\/types\/post"}],"author":[{"embeddable":true,"href":"https:\/\/www.europesays.com\/se\/wp-json\/wp\/v2\/users\/2"}],"replies":[{"embeddable":true,"href":"https:\/\/www.europesays.com\/se\/wp-json\/wp\/v2\/comments?post=26305"}],"version-history":[{"count":0,"href":"https:\/\/www.europesays.com\/se\/wp-json\/wp\/v2\/posts\/26305\/revisions"}],"wp:featuredmedia":[{"embeddable":true,"href":"https:\/\/www.europesays.com\/se\/wp-json\/wp\/v2\/media\/26306"}],"wp:attachment":[{"href":"https:\/\/www.europesays.com\/se\/wp-json\/wp\/v2\/media?parent=26305"}],"wp:term":[{"taxonomy":"category","embeddable":true,"href":"https:\/\/www.europesays.com\/se\/wp-json\/wp\/v2\/categories?post=26305"},{"taxonomy":"post_tag","embeddable":true,"href":"https:\/\/www.europesays.com\/se\/wp-json\/wp\/v2\/tags?post=26305"}],"curies":[{"name":"wp","href":"https:\/\/api.w.org\/{rel}","templated":true}]}}