{"id":26345,"date":"2025-09-10T08:24:08","date_gmt":"2025-09-10T08:24:08","guid":{"rendered":"https:\/\/www.europesays.com\/se\/26345\/"},"modified":"2025-09-10T08:24:08","modified_gmt":"2025-09-10T08:24:08","slug":"vab-statistik-hosten-2025-nu-minskar-sjukfranvaron-i-sverige","status":"publish","type":"post","link":"https:\/\/www.europesays.com\/se\/26345\/","title":{"rendered":"VAB-statistik h\u00f6sten 2025 \u2013 nu minskar sjukfr\u00e5nvaron i Sverige"},"content":{"rendered":"<p>Publicerad 10 sep 2025 kl 10.15<\/p>\n<p>H\u00f6sten har dragit i g\u00e5ng med en sm\u00e4ll. \u00a0F\u00f6rkylningar, hosta och feber har slagit till mot b\u00e5de barn och vuxna \u2013 och VAB-anm\u00e4lningarna har rusat.<\/p>\n<p>\u2013 Vi har sett m\u00e5nga l\u00e5ngdragna f\u00f6rkylningar, s\u00e4ger Maria Steneskog Nyman vid Falck Sjuk &amp; Frisk.<\/p>\n<p>Dela artikel<\/p>\n<p>Kopiera l\u00e4nk<\/p>\n<p>L\u00e4nk kopierad<\/p>\n<p><a href=\"https:\/\/static.bonniernews.se\/images\/81\/88\/8188fdf21af84c9ba16288c6c5956b04\/16x9\/2560.png\" target=\"_blank\" rel=\"noopener noreferrer nofollow\"><img   alt=\"H\u00f6sten \u00e4r sm\u00e5barnsf\u00f6r\u00e4ldrarnas stora vab-period.\"\/><\/a><\/p>\n<p>H\u00f6sten \u00e4r sm\u00e5barnsf\u00f6r\u00e4ldrarnas stora vab-period. Foto: TT<\/p>\n<p>Den \u00e4r h\u00e4r \u2013 h\u00f6stf\u00f6rkylningarna och sm\u00e5barnsf\u00f6r\u00e4ldrars stora VAB-period. Direkt efter skolstarten fick m\u00e5nga stanna hemma n\u00e4r barnen drabbades av l\u00e5ngdragna f\u00f6rkylningar med hosta, halsont, n\u00e4st\u00e4ppa och feber. Bland s\u00e5v\u00e4l barn som vuxna har det \u00e4ven f\u00f6rekommit en del magbesv\u00e4r i samband med f\u00f6rkylningssymptom.<\/p>\n<p>Men det v\u00e4rsta ser nu ut att vara \u00f6ver. Den branta VAB-kurvan b\u00f6rjar plana ut och v\u00e4nda ned\u00e5t, enligt statistik fr\u00e5n Falck Sjuk &amp; Frisk, som bygger p\u00e5 141 000 anst\u00e4llda vid 440 f\u00f6retag och organisationer \u00f6ver hela landet.<\/p>\n<p>Skolstart betyder varje \u00e5r mer sjukfr\u00e5nvaro \u2013 \u00e4ven om trenden att fler jobbar hemifr\u00e5n har gjort att totalsiffrorna \u00e4r l\u00e4gre. Den som kan jobba p\u00e5 distans v\u00e4ljer ofta det i st\u00e4llet f\u00f6r att sjukanm\u00e4la sig.<\/p>\n<p>\u2013 Allt f\u00e4rre sjukanm\u00e4ler sig. M\u00e5nga kan jobba hemifr\u00e5n, \u00e4ven n\u00e4r de \u00e4r sjuka eller har sjuka barn. Det \u00e4r praktiskt \u2013 men kan ocks\u00e5 bli ett krav p\u00e5 att alltid vara tillg\u00e4nglig, s\u00e4ger Maria Steneskog Nyman.<\/p>\n<p>Totalt sett \u00f6kar sjukskrivningarna i Sverige n\u00e5got, men den snabba uppg\u00e5ngen ser ut att mattas av. F\u00f6rkylningar och VAB dominerar fr\u00e5nvaron \u2013 men nu b\u00f6rjar \u00e4ven stress synas i statistiken.<\/p>\n<p>\u2013 Det \u00e4r oroande att s\u00e5 m\u00e5nga redan nu sjukanm\u00e4ler sig f\u00f6r stress. Arbetsgivare m\u00e5ste agera och skapa en kultur d\u00e4r \u00e5terh\u00e4mtning \u00e4r lika viktig som prestation.<\/p>\n<p class=\"readmore-link\"><strong>L\u00c4S MER: <\/strong><a href=\"https:\/\/mama.expressen.se\/mamaliv\/sofia-stahl-ar-det-dags-att-sluta-vobba\/\" rel=\"nofollow noopener\" target=\"_blank\">Sofia St\u00e5hl: \u201d\u00c4r det dags att sluta vobba?\u201d<\/a><\/p>\n","protected":false},"excerpt":{"rendered":"Publicerad 10 sep 2025 kl 10.15 H\u00f6sten har dragit i g\u00e5ng med en sm\u00e4ll. \u00a0F\u00f6rkylningar, hosta och feber&hellip;\n","protected":false},"author":2,"featured_media":26346,"comment_status":"","ping_status":"","sticky":false,"template":"","format":"standard","meta":{"footnotes":""},"categories":[69],"tags":[113,112,34,1112,31,33,32,30,1115,3079,3080,3078],"class_list":{"0":"post-26345","1":"post","2":"type-post","3":"status-publish","4":"format-standard","5":"has-post-thumbnail","7":"category-halsa","8":"tag-halsa","9":"tag-health","10":"tag-se","11":"tag-sections-barn-baby","12":"tag-svenska","13":"tag-sverige","14":"tag-sweden","15":"tag-swedish","16":"tag-topic-barnhalsa","17":"tag-topic-snuva-forkylning","18":"tag-topic-stress","19":"tag-topic-vab"},"share_on_mastodon":{"url":"","error":""},"_links":{"self":[{"href":"https:\/\/www.europesays.com\/se\/wp-json\/wp\/v2\/posts\/26345","targetHints":{"allow":["GET"]}}],"collection":[{"href":"https:\/\/www.europesays.com\/se\/wp-json\/wp\/v2\/posts"}],"about":[{"href":"https:\/\/www.europesays.com\/se\/wp-json\/wp\/v2\/types\/post"}],"author":[{"embeddable":true,"href":"https:\/\/www.europesays.com\/se\/wp-json\/wp\/v2\/users\/2"}],"replies":[{"embeddable":true,"href":"https:\/\/www.europesays.com\/se\/wp-json\/wp\/v2\/comments?post=26345"}],"version-history":[{"count":0,"href":"https:\/\/www.europesays.com\/se\/wp-json\/wp\/v2\/posts\/26345\/revisions"}],"wp:featuredmedia":[{"embeddable":true,"href":"https:\/\/www.europesays.com\/se\/wp-json\/wp\/v2\/media\/26346"}],"wp:attachment":[{"href":"https:\/\/www.europesays.com\/se\/wp-json\/wp\/v2\/media?parent=26345"}],"wp:term":[{"taxonomy":"category","embeddable":true,"href":"https:\/\/www.europesays.com\/se\/wp-json\/wp\/v2\/categories?post=26345"},{"taxonomy":"post_tag","embeddable":true,"href":"https:\/\/www.europesays.com\/se\/wp-json\/wp\/v2\/tags?post=26345"}],"curies":[{"name":"wp","href":"https:\/\/api.w.org\/{rel}","templated":true}]}}