{"id":26371,"date":"2025-09-10T08:59:09","date_gmt":"2025-09-10T08:59:09","guid":{"rendered":"https:\/\/www.europesays.com\/se\/26371\/"},"modified":"2025-09-10T08:59:09","modified_gmt":"2025-09-10T08:59:09","slug":"expressenfotografen-weine-lexius-ar-dod","status":"publish","type":"post","link":"https:\/\/www.europesays.com\/se\/26371\/","title":{"rendered":"Expressenfotografen Weine Lexius \u00e4r d\u00f6d"},"content":{"rendered":"<p>Publicerad 10 sep 2025 kl 09.49<\/p>\n<p>Den prisbel\u00f6nte Expressenfotografen Weine Lexius \u00e4r d\u00f6d.\u00a0<\/p>\n<p>Under sina dryga 30 \u00e5r p\u00e5 tidningen fotograferade han flera av Sveriges allra st\u00f6rsta profiler inom nyheter, sport, n\u00f6je och kultur.<\/p>\n<p>\u2013 Han r\u00f6rde sig lika hemtamt p\u00e5 en fotbollsmatch som i riksdagshuset, s\u00e4ger Expressens tidigare bildchef Per Kagrell.<\/p>\n<p><img   alt=\"\"\/><\/p>\n<p>Tv\u00e5 bustjejer under inspelning i Visby av en av filmerna om Pippi L\u00e5ngstrump 1969: F\u00f6rfattaren Astrid Lindgren samt sk\u00e5despelaren Inger Nilsson.<\/p>\n<p>Foto: WEINE LEXIUS<\/p>\n<p>\u00d6ppna bild i helsk\u00e4rm<img loading=\"lazy\"   alt=\"\"\/><\/p>\n<p>Fotografen Weine Lexius var anst\u00e4lld p\u00e5 Expressen i 33 \u00e5r.<\/p>\n<p>Foto: PER KAGRELL<\/p>\n<p>\u00d6ppna bild i helsk\u00e4rm<img loading=\"lazy\"   alt=\"\"\/><\/p>\n<p>Klassiskt \u00f6gonblick i Eurovision-historien: Sverige med Abba vann 1974 t\u00e4vlingen f\u00f6r f\u00f6rsta g\u00e5ngen. Expressen-fotografen Weine Lexius fanns med n\u00e4r Benny Andersson, Anni-Frid Lyngstad, Bj\u00f6rn Ulvaeus och Agnetha F\u00e4ltskog firade med champagne efter segern i engelska Brighton.<\/p>\n<p>Foto: WEINE LEXIUS<\/p>\n<p>\u00d6ppna bild i helsk\u00e4rm<img loading=\"lazy\"   alt=\"\"\/><\/p>\n<p>2021 pekades den s\u00e5 kallade Skandiamannen, Stig Engstr\u00f6m, ut som Olof Palmes m\u00f6rdare. Weine Lexius var en av bara blott tre pressfotografer som kom att fotografera Engstr\u00f6m under hans livstid. H\u00e4r 1986 p\u00e5 Sveav\u00e4gen, strax intill mordplatsen, och utanf\u00f6r hans arbetsplats p\u00e5 Skandia.<\/p>\n<p>Foto: WEINE LEXIUS<\/p>\n<p>\u00d6ppna bild i helsk\u00e4rm<\/p>\n<p>Weine Lexius anst\u00e4lldes som fotograf p\u00e5 <a href=\"https:\/\/www.expressen.se\/tagg\/organization\/expressen\/\" class=\"\" rel=\"nofollow noopener\" target=\"_blank\">Expressen<\/a> 1968 och arbetade p\u00e5 tidningen till 2001. Han uts\u00e5gs till \u00e5rets fotograf i t\u00e4vlingen \u00c5rets bild 1978, efter att ha kommit tv\u00e5a \u00e5ret innan.\u00a0<\/p>\n<p>Expressens tidigare bildchef Per Kagrell jobbade ihop med Weine Lexius under ett antal \u00e5r och ber\u00e4ttar att Lexius hade en f\u00f6r pressfotografer mycket viktig egenskap: F\u00f6rm\u00e5gan att vara n\u00e4rvarande, utan att sj\u00e4lv ta plats.\u00a0<\/p>\n<p>\u2013 Att inte ta plats i rummen utan att l\u00e5ta motiven ta plats, det var en av hans styrkor. Han var en v\u00e4ldigt skarpsynt iakttagare av v\u00e4rlden och livet, och han r\u00f6rde sig lika hemtamt p\u00e5 en fotbollsmatch p\u00e5 R\u00e5sunda som i riksdagshuset, s\u00e4ger Per Kagrell.<\/p>\n<p>Weine Lexius tyckte s\u00e4rskilt om att ta portr\u00e4ttbilder \u2013 allra helst av f\u00f6rfattare och kulturpersonligheter. Han var sj\u00e4lv mycket litteraturintresserad.<\/p>\n<p>Gav ut bok<\/p>\n<p>1993 kom Weine Lexius bok \u201dFyrtionio svenska f\u00f6rfattarportr\u00e4tt\u201d ut, ett projekt som Expressens tidigare kulturchef och chefredakt\u00f6r Bo Str\u00f6mstedt hj\u00e4lpte till med. \u00a0<\/p>\n<p>\u2013 Weine hade en ganska kort underfundig humor som gick hem hos m\u00e5nga. Det var nog det som gjorde att han fick ihop boken med svenska f\u00f6rfattare. Bo Str\u00f6mstedt tyckte nog att Weine var b\u00e4st l\u00e4mpad att umg\u00e5s med dessa f\u00f6rfattare. Han var som gjuten f\u00f6r jobbet givetvis, s\u00e4ger Per Kagrell.<\/p>\n<p><img loading=\"lazy\"   alt=\"\"\/><\/p>\n<p>Weine Lexius blev utsedd till \u00e5rets fotograf i Sverige 1978. Bland annat tack vare den h\u00e4r bilden p\u00e5 den dansande kung Carl XVI Gustaf p\u00e5 statsbes\u00f6k i Sovjet.<\/p>\n<p>Foto: WEINE LEXIUS<\/p>\n<p>\u00d6ppna bild i helsk\u00e4rm<img loading=\"lazy\"   alt=\"\"\/><\/p>\n<p>En bild fr\u00e5n Weine Lexius f\u00f6rsta \u00e5r som anst\u00e4lld p\u00e5 Expressen. K\u00e5rhusockupationen i Stockholm i maj 1968 n\u00e4r utbildningsminister Olof Palme f\u00f6rg\u00e4ves f\u00f6rs\u00f6kte blidka de uppr\u00f6rda studenterna.<\/p>\n<p>Foto: WEINE LEXIUS<\/p>\n<p>\u00d6ppna bild i helsk\u00e4rm<img loading=\"lazy\"   alt=\"\"\/><\/p>\n<p>Alla minns vi pandemin h\u00e4rom \u00e5ret. Men det var panik f\u00f6r att f\u00e5 fram vaccin \u00e4ven 1969, d\u00e5 mot den s\u00e5 kallade Hongkonginfluensan. Tv\u00e5 dagar i veckan kom 4 500 befruktade h\u00f6ns\u00e4gg till labbet p\u00e5 Statens bakteriologiska laboratorium. Asta Schwartz lyste genom \u00e4ggen f\u00f6r att se om de var befruktade.<\/p>\n<p>Foto: WEINE LEXIUS<\/p>\n<p>\u00d6ppna bild i helsk\u00e4rm<img loading=\"lazy\"   alt=\"\"\/><\/p>\n<p>\u00c5ret var 1973 och att \u00e5ka l\u00e5ngt bort p\u00e5 semester var nytt f\u00f6r svenskarna. H\u00e4r ett g\u00e4ng svenska turister p\u00e5 en guidad tur i Gambia i Afrika.<\/p>\n<p>Foto: WEINE LEXIUS<\/p>\n<p>\u00d6ppna bild i helsk\u00e4rm<img loading=\"lazy\"   alt=\"\"\/><\/p>\n<p>Det var en annan tid, d\u00e5 1973. Polisen har \u00e4nnu inte hunnit sp\u00e4rra av p\u00e5 Norrmalmstorg i Stockholm. Kunder konstaterade f\u00f6rv\u00e5nat p\u00e5 trappan till Kreditbanken att det var l\u00e5st och st\u00e4ngt. F\u00f6ga anade de att d\u00e4r inne p\u00e5gick ett gisslandrama som skulle bli k\u00e4nt \u00f6ver hela v\u00e4rlden.<\/p>\n<p>Foto: WEINE LEXIUS<\/p>\n<p>\u00d6ppna bild i helsk\u00e4rm<img loading=\"lazy\"   alt=\"\"\/><\/p>\n<p>Rockgitarristen Chuck Berry poserade f\u00f6r Weine Lexius kamera med sin gitarr under en konsert p\u00e5 Gr\u00f6na Lunds stora scen i Stockholm 1976.<\/p>\n<p>Foto: WEINE LEXIUS<\/p>\n<p>\u00d6ppna bild i helsk\u00e4rm<img loading=\"lazy\"   alt=\"\"\/><\/p>\n<p>Storstj\u00e4rnan Glenn Hys\u00e9n har just nickat in 2-0 till Sverige i VM-kvalet mot Portugal p\u00e5 R\u00e5sunda sommaren 1981. Det blev dock inget VM sommaren efter.<\/p>\n<p>Foto: WEINE LEXIUS<\/p>\n<p>\u00d6ppna bild i helsk\u00e4rm<img loading=\"lazy\"   alt=\"\"\/><\/p>\n<p>Hela Sveriges julv\u00e4rd, tv-legendaren Arne Weise, nedpackad i en julklappsl\u00e5da inf\u00f6r julen 1985.<\/p>\n<p>Foto: WEINE LEXIUS<\/p>\n<p>\u00d6ppna bild i helsk\u00e4rm<img loading=\"lazy\"   alt=\"\"\/><\/p>\n<p>Stockholms m\u00e4ktigaste politiker 1993, socialdemokraten Mats Hulth, borstade t\u00e4nderna i M\u00e4laren utanf\u00f6r L\u00e5ngholmen f\u00f6r att p\u00e5visa huvudstadens rena vatten.<\/p>\n<p>Foto: WEINE LEXIUS<\/p>\n<p>\u00d6ppna bild i helsk\u00e4rm<img loading=\"lazy\"   alt=\"\"\/><\/p>\n<p>R\u00f6kning d\u00f6dar. Det blev Expressen-l\u00e4sarna om inte annat varse 1994 i en artikelserie i tidningen av den k\u00e4nde journalisten och schlagertextf\u00f6rfattaren Peter Himmelstrand. Weine Lexius tog den talande bilden med Himmelstrand och alla cigarettfimpar.<\/p>\n<p>Foto: WEINE LEXIUS<\/p>\n<p>\u00d6ppna bild i helsk\u00e4rm<img loading=\"lazy\"   alt=\"\"\/><\/p>\n<p>Weine Lexius tyckte s\u00e4rskilt om att ta portr\u00e4ttbilder \u2013 allra helst av kulturpersonligheter och f\u00f6rfattare. H\u00e4r, 1995, satt en av Sveriges st\u00f6rsta sk\u00e5despelare, Margaretha Krook, framf\u00f6r kameran.<\/p>\n<p>Foto: WEINE LEXIUS<\/p>\n<p>\u00d6ppna bild i helsk\u00e4rm<img loading=\"lazy\"   alt=\"\"\/><\/p>\n<p>Artisten Robyn 1999, en blivande storstj\u00e4rna p\u00e5 den svenska musikhimlen.<\/p>\n<p>Foto: WEINE LEXIUS<\/p>\n<p>\u00d6ppna bild i helsk\u00e4rm<img loading=\"lazy\"   alt=\"\"\/><\/p>\n<p>I oktober \u00e5r 2000 best\u00e4mde sig konstn\u00e4ren Ernst Billgren f\u00f6r att han inte skulle l\u00e5ta sig intervjuas \u2013 p\u00e5 tio \u00e5r. H\u00e4r p\u00e5 en bild med gamla pressklipp om sig sj\u00e4lv inf\u00f6r den stora tystnaden.<\/p>\n<p>Foto: WEINE LEXIUS<\/p>\n<p>\u00d6ppna bild i helsk\u00e4rm<img loading=\"lazy\"   alt=\"\"\/><\/p>\n<p>En bild fr\u00e5n Weine Lexius sista \u00e5r som anst\u00e4lld p\u00e5 Expressen. Att kunna skicka en kort videosnutt via sin mobiltelefon och 3G-n\u00e4tet var nytt i december 2001.<\/p>\n<p>Foto: WEINE LEXIUS<\/p>\n<p>\u00d6ppna bild i helsk\u00e4rm<\/p>\n<p>Per Kagrell minns s\u00e4rskilt en bild som Weine Lexius tog i Gambia 1973. Bilden visar hur en grupp vita, \u00e4ldre kvinnor fascinerat tittar p\u00e5 en m\u00f6rkhyad pojke.\u00a0<\/p>\n<p>\u2013 Det \u00e4r lite av ett tidsdokument fr\u00e5n tiden n\u00e4r charterresorna blev mer av l\u00e5ngresor. Man \u00e5kte inte bara till Mallorca, utan man \u00e5kte l\u00e4ngre. Det var en bra bild p\u00e5 kulturkrocken med tanterna som st\u00e5r och tittar p\u00e5 den lilla killen.<\/p>\n<p>Wallraffade<\/p>\n<p>Ett av Weine Lexius allra f\u00f6rsta jobb f\u00f6r Expressen var ett s\u00e5 kallat wallraff \u2013 d\u00e4r Weine Lexius, Bo Str\u00f6mstedt och G\u00f6sta \u00c5hl\u00e9n kl\u00e4dde ut sig till romer.\u00a0<\/p>\n<p>Per Kagrell ber\u00e4ttar:<\/p>\n<p>\u2013 P\u00e5 den tiden, 1960-talet, var romerna ganska illa ansedda i Sverige. De livn\u00e4rde sig ofta som gatumusiker \u2013 g\u00e5rdsmusiker hette det d\u00e5, de gick fr\u00e5n g\u00e5rd till g\u00e5rd och spelade och tiggde pengar. Bo Str\u00f6mstedt, G\u00f6sta \u00c5hl\u00e9n och Weine Lexius blev utvalda f\u00f6r att de var m\u00f6rkh\u00e5riga och kunde se ut som romer. De gjorde ett uppm\u00e4rksammat reportage om hatet som fanns.\u00a0<\/p>\n<p>Weine Lexius blev 84 \u00e5r. Han s\u00f6rjs n\u00e4rmast av sin hustru, barn och barnbarn.\u00a0<\/p>\n","protected":false},"excerpt":{"rendered":"Publicerad 10 sep 2025 kl 09.49 Den prisbel\u00f6nte Expressenfotografen Weine Lexius \u00e4r d\u00f6d.\u00a0 Under sina dryga 30 \u00e5r&hellip;\n","protected":false},"author":2,"featured_media":26372,"comment_status":"","ping_status":"","sticky":false,"template":"","format":"standard","meta":{"footnotes":""},"categories":[67],"tags":[104,542,34,31,33,32,30,427,105],"class_list":{"0":"post-26371","1":"post","2":"type-post","3":"status-publish","4":"format-standard","5":"has-post-thumbnail","7":"category-underhallning","8":"tag-entertainment","9":"tag-organization-expressen","10":"tag-se","11":"tag-svenska","12":"tag-sverige","13":"tag-sweden","14":"tag-swedish","15":"tag-topic-dodsfall","16":"tag-underhallning"},"share_on_mastodon":{"url":"","error":""},"_links":{"self":[{"href":"https:\/\/www.europesays.com\/se\/wp-json\/wp\/v2\/posts\/26371","targetHints":{"allow":["GET"]}}],"collection":[{"href":"https:\/\/www.europesays.com\/se\/wp-json\/wp\/v2\/posts"}],"about":[{"href":"https:\/\/www.europesays.com\/se\/wp-json\/wp\/v2\/types\/post"}],"author":[{"embeddable":true,"href":"https:\/\/www.europesays.com\/se\/wp-json\/wp\/v2\/users\/2"}],"replies":[{"embeddable":true,"href":"https:\/\/www.europesays.com\/se\/wp-json\/wp\/v2\/comments?post=26371"}],"version-history":[{"count":0,"href":"https:\/\/www.europesays.com\/se\/wp-json\/wp\/v2\/posts\/26371\/revisions"}],"wp:featuredmedia":[{"embeddable":true,"href":"https:\/\/www.europesays.com\/se\/wp-json\/wp\/v2\/media\/26372"}],"wp:attachment":[{"href":"https:\/\/www.europesays.com\/se\/wp-json\/wp\/v2\/media?parent=26371"}],"wp:term":[{"taxonomy":"category","embeddable":true,"href":"https:\/\/www.europesays.com\/se\/wp-json\/wp\/v2\/categories?post=26371"},{"taxonomy":"post_tag","embeddable":true,"href":"https:\/\/www.europesays.com\/se\/wp-json\/wp\/v2\/tags?post=26371"}],"curies":[{"name":"wp","href":"https:\/\/api.w.org\/{rel}","templated":true}]}}