{"id":26375,"date":"2025-09-10T09:03:15","date_gmt":"2025-09-10T09:03:15","guid":{"rendered":"https:\/\/www.europesays.com\/se\/26375\/"},"modified":"2025-09-10T09:03:15","modified_gmt":"2025-09-10T09:03:15","slug":"skjutning-i-linkoping","status":"publish","type":"post","link":"https:\/\/www.europesays.com\/se\/26375\/","title":{"rendered":"Skjutning i Link\u00f6ping"},"content":{"rendered":"<p>Publicerad 9 sep 2025 kl 18.05Uppdaterad kl 22.28<\/p>\n<p>En man i 30-\u00e5rs\u00e5ldern har skjutits ihj\u00e4l i Link\u00f6ping.<\/p>\n<p>Nu s\u00f6ker polisen efter misst\u00e4nkta g\u00e4rningspersoner, men ingen har \u00e4nnu gripits.<\/p>\n<p>\u2013 En granne som bor precis intill h\u00f6rde flera skott, s\u00e4ger Thomas Thors\u00e9n som sj\u00e4lv bor i omr\u00e5det.<\/p>\n<p>Nyheter, reportage och analyser i Sverige och i \u00f6vriga v\u00e4rlden.<img   alt=\"\"\/><\/p>\n<p>Polis och ambulans p\u00e5 plats efter den misst\u00e4nkta skottlossningen.<\/p>\n<p>Foto: L\u00e4sarbild<\/p>\n<p>\u00d6ppna bild i helsk\u00e4rm<img loading=\"lazy\"   alt=\"\"\/><\/p>\n<p>Thomas Thors\u00e9n bor i n\u00e4rheten och ber\u00e4ttar att en granne h\u00f6rde flera skott.<\/p>\n<p>Foto: Privat.<\/p>\n<p>\u00d6ppna bild i helsk\u00e4rm<img loading=\"lazy\"   alt=\"\"\/><\/p>\n<p>En man har d\u00f6tt av sina skador.<\/p>\n<p>Foto: Andreas Hillergren\/TT \/ TT NYHETSBYR\u00c5N \/ Andreas Hillergren<\/p>\n<p>\u00d6ppna bild i helsk\u00e4rm<img loading=\"lazy\"   alt=\"\"\/><\/p>\n<p>G\u00e4rningspersoner jagas av polisen.<\/p>\n<p>Foto: Andreas Hillergren\/TT \/ TT NYHETSBYR\u00c5N<\/p>\n<p>\u00d6ppna bild i helsk\u00e4rm<\/p>\n<p>Vid klockan 16.40 p\u00e5 tisdagen larmades polisen om en skottlossning i stadsdelen Sk\u00e4ggetorp i <a href=\"https:\/\/www.expressen.se\/tagg\/location\/linkoping\/\" class=\"\" rel=\"nofollow noopener\" target=\"_blank\">Link\u00f6ping<\/a>.\u00a0<\/p>\n<p>En man i 30-\u00e5rs\u00e5ldern hittades skadad inne i en fastighet. Han f\u00f6rdes med ambulans till sjukhus, men hans liv gick inte att r\u00e4dda.<\/p>\n<p>\u2013 Det utreds som mord, men ingen har gripits. Vi \u00e4r kvar p\u00e5 brottsplatsen som fortfarande \u00e4r avsp\u00e4rrad, s\u00e4ger polisens presstalesperson Mats Pettersson.<\/p>\n<p>Man genomf\u00f6r en teknisk unders\u00f6kning och knackar d\u00f6rr.<\/p>\n<p>\u2013 Vi har h\u00e5llit ett stort antal f\u00f6rh\u00f6r och det finns \u00e4ven kameror i Sk\u00e4ggetorp som vi analyserar materialet fr\u00e5n nu, s\u00e4ger Mats Pettersson.<\/p>\n<p>\u201dAvsp\u00e4rrat i stort sett \u00f6verallt\u201d<\/p>\n<p>Thomas Thors\u00e9n var hemma med sin fru n\u00e4r han pl\u00f6tsligt h\u00f6rde sirener och s\u00e5g bl\u00e5ljus utanf\u00f6r.<\/p>\n<p>\u2013 Det var d\u00e5 vi f\u00f6rstod att n\u00e5got hade h\u00e4nt. En granne som bor precis intill h\u00f6rde flera skott, s\u00e4ger han.<\/p>\n<p>De blev inrymda i sin bostad och uppmanas att f\u00f6lja instruktionerna fr\u00e5n patrullerna p\u00e5 plats.<\/p>\n<p>\u2013 Det \u00e4r avsp\u00e4rrat i stort sett \u00f6verallt, s\u00e4ger Thomas.<\/p>\n<p>Skjutningen har ocks\u00e5 satt sina sp\u00e5r.<\/p>\n<p>\u2013 Det k\u00e4nns otryggt n\u00e4r det kommer s\u00e5 n\u00e4ra inp\u00e5, s\u00e4ger Thomas.<\/p>\n<p><img alt=\"\"\/>Ljudklippet gick inte att spela upp<\/p>\n<p>F\u00f6rs\u00f6k igen senare<\/p>\n","protected":false},"excerpt":{"rendered":"Publicerad 9 sep 2025 kl 18.05Uppdaterad kl 22.28 En man i 30-\u00e5rs\u00e5ldern har skjutits ihj\u00e4l i Link\u00f6ping. Nu&hellip;\n","protected":false},"author":2,"featured_media":26376,"comment_status":"","ping_status":"","sticky":false,"template":"","format":"standard","meta":{"footnotes":""},"categories":[12],"tags":[22,23,26,27,17,21,24,25,667,28,29,15,16,18,34,154,31,33,32,30,19,897,20],"class_list":{"0":"post-26375","1":"post","2":"type-post","3":"status-publish","4":"format-standard","5":"has-post-thumbnail","7":"category-sverige","8":"tag-breaking-news","9":"tag-breakingnews","10":"tag-featured-news","11":"tag-featurednews","12":"tag-headlines","13":"tag-huvudnyheter","14":"tag-latest-news","15":"tag-latestnews","16":"tag-location-linkoping","17":"tag-main-news","18":"tag-mainnews","19":"tag-news","20":"tag-nyheter","21":"tag-rubriker","22":"tag-se","23":"tag-sections-sverige","24":"tag-svenska","25":"tag-sverige","26":"tag-sweden","27":"tag-swedish","28":"tag-top-stories","29":"tag-topic-skottlossning","30":"tag-topstories"},"share_on_mastodon":{"url":"","error":""},"_links":{"self":[{"href":"https:\/\/www.europesays.com\/se\/wp-json\/wp\/v2\/posts\/26375","targetHints":{"allow":["GET"]}}],"collection":[{"href":"https:\/\/www.europesays.com\/se\/wp-json\/wp\/v2\/posts"}],"about":[{"href":"https:\/\/www.europesays.com\/se\/wp-json\/wp\/v2\/types\/post"}],"author":[{"embeddable":true,"href":"https:\/\/www.europesays.com\/se\/wp-json\/wp\/v2\/users\/2"}],"replies":[{"embeddable":true,"href":"https:\/\/www.europesays.com\/se\/wp-json\/wp\/v2\/comments?post=26375"}],"version-history":[{"count":0,"href":"https:\/\/www.europesays.com\/se\/wp-json\/wp\/v2\/posts\/26375\/revisions"}],"wp:featuredmedia":[{"embeddable":true,"href":"https:\/\/www.europesays.com\/se\/wp-json\/wp\/v2\/media\/26376"}],"wp:attachment":[{"href":"https:\/\/www.europesays.com\/se\/wp-json\/wp\/v2\/media?parent=26375"}],"wp:term":[{"taxonomy":"category","embeddable":true,"href":"https:\/\/www.europesays.com\/se\/wp-json\/wp\/v2\/categories?post=26375"},{"taxonomy":"post_tag","embeddable":true,"href":"https:\/\/www.europesays.com\/se\/wp-json\/wp\/v2\/tags?post=26375"}],"curies":[{"name":"wp","href":"https:\/\/api.w.org\/{rel}","templated":true}]}}