{"id":26493,"date":"2025-09-10T11:27:06","date_gmt":"2025-09-10T11:27:06","guid":{"rendered":"https:\/\/www.europesays.com\/se\/26493\/"},"modified":"2025-09-10T11:27:06","modified_gmt":"2025-09-10T11:27:06","slug":"vegohyllan-vaxte-fram-utan-politisk-hjalp","status":"publish","type":"post","link":"https:\/\/www.europesays.com\/se\/26493\/","title":{"rendered":"Vegohyllan v\u00e4xte fram utan politisk hj\u00e4lp"},"content":{"rendered":"<p>En k\u00f6ttproducent lanserar vegetariska k\u00f6ttbullar \u2013 hur blev det s\u00e5? I en ny studie har forskare vid Uppsala universitet unders\u00f6kt hur v\u00e4xtbaserade k\u00f6ttsubstitut kunde t\u00e5ga in i matbutikerna, trots svagt politiskt st\u00f6d. <\/p>\n<p>F\u00f6r 20 \u00e5r sedan var vegetariska alternativ s\u00e4llsynta i svenska matbutiker. I dag fyller vegetarisk korv, fil\u00e9er och vegobullar hela hyllmeter. En ny studie fr\u00e5n Uppsala universitet visar hur det h\u00e4r blev m\u00f6jligt utan politisk styrning.<\/p>\n<p>\u2212 I studien visar vi att omst\u00e4llning till mer h\u00e5llbar mat kan drivas fram av f\u00f6retag, konsumenter och civilsamh\u00e4lle, trots att det finns lite politiskt st\u00f6d \u2013 men att fokus d\u00e5 hamnar p\u00e5 vissa typer av livsmedelsprodukter och inte p\u00e5 andra,  s\u00e4ger Thomas Lennerfors, <a class=\"glossaryLink\" aria-describedby=\"tt\" data-cmtooltip=\"&lt;div class=glossaryItemBody&gt; Professor \u00e4r den h\u00f6gsta titeln p\u00e5 universitet eller h\u00f6gskola. Professorn forskar, undervisar och handleder doktorander.&lt;br\/&gt;I  ...&lt;\/div&gt;&lt;div class=glossaryTooltipMoreLinkWrapper&gt;&lt;a class=glossaryTooltipMoreLink href=https:\/\/www.forskning.se\/ordlista\/professor\/ &gt;L\u00e4s mer&lt;\/a&gt;&lt;\/div&gt;\" href=\"https:\/\/www.forskning.se\/ordlista\/professor\/\" data-mobile-support=\"0\" data-gt-translate-attributes=\"[{\" attribute=\"\" tabindex=\"0\" role=\"link\" rel=\"nofollow noopener\" target=\"_blank\">professor<\/a> i industriell teknik vid Uppsala universitet, i ett pressmeddelande.<\/p>\n<p><strong>K\u00f6ttsubstitut hellre \u00e4n linssoppa<\/strong><\/p>\n<p>Enligt forskarna har utvecklingen drivits av det som kallas praktisk legitimitet \u2013 att k\u00f6ttsubstituten haft tydliga f\u00f6rdelar f\u00f6r b\u00e5de konsumenter och producenter. De vegetariska alternativen har blivit accepterade eftersom de \u00e4r enkla att laga, har ett rimligt pris och \u00e4r l\u00f6nsamma att tillverka.<\/p>\n<p>Forskarna pekar samtidigt p\u00e5 att vissa av de h\u00e4r k\u00f6ttliknande alternativen har brister n\u00e4r det g\u00e4ller n\u00e4ringsinneh\u00e5ll. F\u00f6r m\u00e5nga konsumenter skulle det b\u00e5de vara billigare och mer h\u00e4lsosamt att laga vegetarisk mat fr\u00e5n grunden \u2013 som till exempel en linsgryta \u2013 i st\u00e4llet f\u00f6r att v\u00e4lja en f\u00e4rdig vegoburgare med mycket dressing.<\/p>\n<p>\u2212 Men det finns inget st\u00f6rre fokus p\u00e5 att f\u00f6r\u00e4ndra matvanorna i den riktningen. I st\u00e4llet har tyngdpunkten legat p\u00e5 att introducera nya vegetariska k\u00f6ttlikande produkter riktade till folk som annars \u00e4ter mycket k\u00f6tt, s\u00e4ger Helena Fornstedt,  postdoktor vid Institutionen f\u00f6r samh\u00e4llsbyggnad och industriell teknik vid Uppsala universitet.<\/p>\n<p>Fyra h\u00e4ndelser har drivit p\u00e5 f\u00f6r\u00e4ndringen<\/p>\n<p>Studien bygger p\u00e5 intervjuer med 41 personer som p\u00e5 olika s\u00e4tt arbetat med v\u00e4xtbaserad mat i Sverige. Forskarna har pratat med entrepren\u00f6rer, produktutvecklare, kockar, b\u00f6nder, forskare, ink\u00f6pare, journalister och personer inom offentlig sektor. De har ocks\u00e5 g\u00e5tt igenom tidningsartiklar, rapporter och vetenskapliga studier.<\/p>\n<p>Genom forskarnas intervjuer blir det tydligt hur en del f\u00f6retag \u00f6kat sitt engagemang f\u00f6r h\u00e5llbar mat och alternativa proteink\u00e4llor efter att ha inspirerats av rapporter och dokument\u00e4rer som f\u00e5tt medial uppm\u00e4rksamhet. <\/p>\n<p>Forskarna pekar p\u00e5 fyra h\u00e4ndelser som varit s\u00e4rskilt viktiga f\u00f6r utvecklingen:<\/p>\n<ul class=\"list-unstyled green\">\n<li>\n<p>\n\t\t\t\t\t\t\t1\t\t\t\t\t\t<\/p>\n<p><strong>2006<\/strong> sl\u00e4pper FN rapporten Livestock\u2019s Long Shadow som belyser k\u00f6ttproduktionens milj\u00f6p\u00e5verkan. Samma \u00e5r f\u00e5r klimatfr\u00e5gan \u00f6kad uppm\u00e4rksamhet genom den amerikanske demokraten Al Gores dokument\u00e4r An Inconvenient Truth och den brittiska Stern-rapporten som visar att det blir dyrare att ignorera den globala uppv\u00e4rmningen \u00e4n att motverka den. Detta s\u00e4tter fart p\u00e5 engagemanget i Sverige och m\u00e5nga b\u00f6rjar arbeta f\u00f6r att minska k\u00f6ttkonsumtionen.<\/p>\n<\/li>\n<li>\n<p>\n\t\t\t\t\t\t\t2\t\t\t\t\t\t<\/p>\n<p><strong>2012<\/strong> b\u00f6rjar Livsmedelsverket inkludera h\u00e5llbarhetsaspekter i sina vetenskapligt grundade n\u00e4ringsrekommendationer. Bland annat rekommenderas en konsumtion av h\u00f6gst 500 gram r\u00f6tt k\u00f6tt per vecka.<\/p>\n<\/li>\n<li>\n<p>\n\t\t\t\t\t\t\t3\t\t\t\t\t\t<\/p>\n<p><strong>2015<\/strong> lanseras Oumph i Sverige \u2013 den f\u00f6rsta v\u00e4xtbaserade produkten med en textur som p\u00e5minner om k\u00f6tt. Lanseringen \u00f6kar intresset f\u00f6r k\u00f6ttsubstitut och lockar privata investerare. Samma \u00e5r publiceras livsmedelsbranschens managementkonsulter MacLean en proteinskiftesrapport. Rapporten leder till en artikelserie i Svenska Dagbladet, vilket i sin tur ledder till att \u201dproteinskiftet\u201d blir ett nyord 2016.<\/p>\n<\/li>\n<li>\n<p>\n\t\t\t\t\t\t\t4\t\t\t\t\t\t<\/p>\n<p><strong>2016<\/strong> antas en svensk livsmedelsstrategi. F\u00f6r f\u00f6rsta g\u00e5ngen sedan EU-intr\u00e4det hamnar fokus \u00e5ter p\u00e5 svensk matproduktion. Strategin inneb\u00e4r ocks\u00e5 att offentlig finansiering f\u00f6r forskning och innovation kring v\u00e4xtbaserad mat b\u00f6rjar bli mer tillg\u00e4nglig.<\/p>\n<\/li>\n<\/ul>\n<p><strong>Utvecklingen kan snabbas p\u00e5<\/strong><\/p>\n<p>Studien visar att m\u00e5nga sm\u00e5 handlingar kan leda till systemf\u00f6r\u00e4ndring och att det g\u00e5r att skapa legitimitet f\u00f6r mer h\u00e5llbar mat. Men forskarna menar att utvecklingen skulle kunna g\u00e5 snabbare med ett tydligare politiskt engagemang.<\/p>\n<p>\u2013 En mer drivande politik och tydligare myndighetsinsatser skulle kunna p\u00e5skynda och styra utvecklingen p\u00e5 flera s\u00e4tt. Det kan handla om rekommendationer fr\u00e5n myndigheter, liknande Livsmedelsverkets kostr\u00e5d, eller forskningsfinansiering som skapar b\u00e4ttre f\u00f6ruts\u00e4ttningar f\u00f6r goda och n\u00e4ringsrika produkter. Utvecklingen kan ocks\u00e5 fr\u00e4mjas genom lagar, skatter och subventioner \u2013 till exempel k\u00f6ttskatt eller st\u00f6d till v\u00e4xtbaserade alternativ, s\u00e4ger Helena Fornstedt.<\/p>\n<p><strong>Vetenskaplig artikel: <\/strong><\/p>\n<p><a href=\"https:\/\/doi.org\/10.1016\/j.techfore.2025.124283\" target=\"_blank\" rel=\"noopener nofollow\">How configurations of legitimacy shape directionality in technological innovation systems: The case of plant-based meat alternatives in Sweden<\/a>, Technological Forecasting and Social Change.<\/p>\n","protected":false},"excerpt":{"rendered":"En k\u00f6ttproducent lanserar vegetariska k\u00f6ttbullar \u2013 hur blev det s\u00e5? I en ny studie har forskare vid Uppsala&hellip;\n","protected":false},"author":2,"featured_media":26494,"comment_status":"","ping_status":"","sticky":false,"template":"","format":"standard","meta":{"footnotes":""},"categories":[69],"tags":[113,112,505,34,31,33,32,30],"class_list":{"0":"post-26493","1":"post","2":"type-post","3":"status-publish","4":"format-standard","5":"has-post-thumbnail","7":"category-halsa","8":"tag-halsa","9":"tag-health","10":"tag-nyhet","11":"tag-se","12":"tag-svenska","13":"tag-sverige","14":"tag-sweden","15":"tag-swedish"},"share_on_mastodon":{"url":"","error":""},"_links":{"self":[{"href":"https:\/\/www.europesays.com\/se\/wp-json\/wp\/v2\/posts\/26493","targetHints":{"allow":["GET"]}}],"collection":[{"href":"https:\/\/www.europesays.com\/se\/wp-json\/wp\/v2\/posts"}],"about":[{"href":"https:\/\/www.europesays.com\/se\/wp-json\/wp\/v2\/types\/post"}],"author":[{"embeddable":true,"href":"https:\/\/www.europesays.com\/se\/wp-json\/wp\/v2\/users\/2"}],"replies":[{"embeddable":true,"href":"https:\/\/www.europesays.com\/se\/wp-json\/wp\/v2\/comments?post=26493"}],"version-history":[{"count":0,"href":"https:\/\/www.europesays.com\/se\/wp-json\/wp\/v2\/posts\/26493\/revisions"}],"wp:featuredmedia":[{"embeddable":true,"href":"https:\/\/www.europesays.com\/se\/wp-json\/wp\/v2\/media\/26494"}],"wp:attachment":[{"href":"https:\/\/www.europesays.com\/se\/wp-json\/wp\/v2\/media?parent=26493"}],"wp:term":[{"taxonomy":"category","embeddable":true,"href":"https:\/\/www.europesays.com\/se\/wp-json\/wp\/v2\/categories?post=26493"},{"taxonomy":"post_tag","embeddable":true,"href":"https:\/\/www.europesays.com\/se\/wp-json\/wp\/v2\/tags?post=26493"}],"curies":[{"name":"wp","href":"https:\/\/api.w.org\/{rel}","templated":true}]}}