{"id":26507,"date":"2025-09-10T11:42:07","date_gmt":"2025-09-10T11:42:07","guid":{"rendered":"https:\/\/www.europesays.com\/se\/26507\/"},"modified":"2025-09-10T11:42:07","modified_gmt":"2025-09-10T11:42:07","slug":"aldrig-varit-sa-dyrt-att-vara-svensk","status":"publish","type":"post","link":"https:\/\/www.europesays.com\/se\/26507\/","title":{"rendered":"\u201dAldrig varit s\u00e5 dyrt att vara svensk\u201d"},"content":{"rendered":"<p>Av Oscar Lundberg<br \/>Publicerad 10 september, 13:04. Uppdaterad 10 september, 13:34<\/p>\n<p>Statsminister Ulf Kristersson \u00f6ppnar h\u00f6stens f\u00f6rsta partiledardebatt med att lyfta pl\u00e5nboksfr\u00e5gor. Han s\u00e4ger att man s\u00e4nker skatten p\u00e5 mat, arbete och energi som svar p\u00e5 det mandat Moderaterna fick av det svenska folket under senaste valet.<\/p>\n<p>\u2013 Vi har vunnit \u00f6ver inflationen, reall\u00f6ner stiger igen, s\u00e4ger han och pekar p\u00e5 att fler grova brott klaras upp och att asylans\u00f6kningarna minskat med 60 procent.<\/p>\n<p>Magdalena Andersson (S) kontrar i sitt inledande anf\u00f6rande med siffror som pekar p\u00e5 att regeringens \u201domv\u00e4nda konjunkturpolitik\u201d inte har kunnat m\u00f6ta partiernas l\u00f6ften till det svenska folket:<\/p>\n<p>\u2013 Det \u00e4r 100 000 fler arbetsl\u00f6sa i Sverige \u00e4n f\u00f6r tre \u00e5r sedan. Det \u00e4r som om ett helt Norrk\u00f6ping tappat jobbet, s\u00e4ger hon.<\/p>\n<p>\u00c4ven V\u00e4nsterpartiets Nooshi Dadgostar fokuserar p\u00e5 familjers ekonomier i sitt tal:<\/p>\n<p>\u2013 Trots att svenskarna sparar s\u00e5 f\u00e5r man inte ihop det. En sm\u00e5barnsfamilj g\u00e5r back varje m\u00e5nad. Det har aldrig varit s\u00e5 dyrt att vara svensk, s\u00e4ger hon.<\/p>\n<p>Texten uppdateras.<\/p>\n<p>Omni \u00e4r politiskt obundna och oberoende. Vi str\u00e4var efter att ge fler perspektiv p\u00e5 nyheterna. Har du fr\u00e5gor eller synpunkter kring v\u00e5r rapportering? <a href=\"https:\/\/omni.se\/partiledardebatt-i-riksdagen\/a\/mailto:redaktion@omni.se\" class=\"ArticleActions_contactLink__W2F1M\" rel=\"nofollow noopener\" target=\"_blank\">Kontakta redaktionen<\/a><\/p>\n","protected":false},"excerpt":{"rendered":"Av Oscar LundbergPublicerad 10 september, 13:04. Uppdaterad 10 september, 13:34 Statsminister Ulf Kristersson \u00f6ppnar h\u00f6stens f\u00f6rsta partiledardebatt med&hellip;\n","protected":false},"author":2,"featured_media":26508,"comment_status":"","ping_status":"","sticky":false,"template":"","format":"standard","meta":{"footnotes":""},"categories":[12],"tags":[22,23,3063,26,27,17,21,24,25,2186,28,29,551,15,2895,16,3093,1912,18,34,1557,31,33,32,30,19,20,1111],"class_list":{"0":"post-26507","1":"post","2":"type-post","3":"status-publish","4":"format-standard","5":"has-post-thumbnail","7":"category-sverige","8":"tag-breaking-news","9":"tag-breakingnews","10":"tag-donald-tusk","11":"tag-featured-news","12":"tag-featurednews","13":"tag-headlines","14":"tag-huvudnyheter","15":"tag-latest-news","16":"tag-latestnews","17":"tag-magdalena-andersson","18":"tag-main-news","19":"tag-mainnews","20":"tag-moderaterna","21":"tag-news","22":"tag-nooshi-dadgostar","23":"tag-nyheter","24":"tag-partiledardebatt","25":"tag-polen","26":"tag-rubriker","27":"tag-se","28":"tag-socialdemokraterna","29":"tag-svenska","30":"tag-sverige","31":"tag-sweden","32":"tag-swedish","33":"tag-top-stories","34":"tag-topstories","35":"tag-ulf-kristersson"},"share_on_mastodon":{"url":"","error":""},"_links":{"self":[{"href":"https:\/\/www.europesays.com\/se\/wp-json\/wp\/v2\/posts\/26507","targetHints":{"allow":["GET"]}}],"collection":[{"href":"https:\/\/www.europesays.com\/se\/wp-json\/wp\/v2\/posts"}],"about":[{"href":"https:\/\/www.europesays.com\/se\/wp-json\/wp\/v2\/types\/post"}],"author":[{"embeddable":true,"href":"https:\/\/www.europesays.com\/se\/wp-json\/wp\/v2\/users\/2"}],"replies":[{"embeddable":true,"href":"https:\/\/www.europesays.com\/se\/wp-json\/wp\/v2\/comments?post=26507"}],"version-history":[{"count":0,"href":"https:\/\/www.europesays.com\/se\/wp-json\/wp\/v2\/posts\/26507\/revisions"}],"wp:featuredmedia":[{"embeddable":true,"href":"https:\/\/www.europesays.com\/se\/wp-json\/wp\/v2\/media\/26508"}],"wp:attachment":[{"href":"https:\/\/www.europesays.com\/se\/wp-json\/wp\/v2\/media?parent=26507"}],"wp:term":[{"taxonomy":"category","embeddable":true,"href":"https:\/\/www.europesays.com\/se\/wp-json\/wp\/v2\/categories?post=26507"},{"taxonomy":"post_tag","embeddable":true,"href":"https:\/\/www.europesays.com\/se\/wp-json\/wp\/v2\/tags?post=26507"}],"curies":[{"name":"wp","href":"https:\/\/api.w.org\/{rel}","templated":true}]}}