{"id":2651,"date":"2025-08-12T08:18:10","date_gmt":"2025-08-12T08:18:10","guid":{"rendered":"https:\/\/www.europesays.com\/se\/2651\/"},"modified":"2025-08-12T08:18:10","modified_gmt":"2025-08-12T08:18:10","slug":"istallet-for-bob-hund-mat-musik-moten-medborgarplatsen-v-35","status":"publish","type":"post","link":"https:\/\/www.europesays.com\/se\/2651\/","title":{"rendered":"Ist\u00e4llet f\u00f6r Bob Hund: MAT, MUSIK, M\u00d6TEN, MEDBORGARPLATSEN V.35"},"content":{"rendered":"<p>\n          Pressmeddelande &#8211;<br \/>\n12 Augusti 2025 10:01<\/p>\n<p>    Dela<\/p>\n<p>\n          L\u00e4nk kopierad!\n        <\/p>\n<p>          <a class=\"ghost-btn-with-icon svg-stroke\" rel=\"nofollow noopener\" aria-label=\"Ladda ned som PDF\" href=\"https:\/\/www.mynewsdesk.com\/se\/liza-b\/pressreleases\/istaellet-foer-bob-hund-mat-musik-moeten-medborgarplatsen-v-punkt-35-3398874.pdf\" target=\"_blank\"><\/p>\n<p>            Ladda ner<br \/>\n<\/a>      <\/p>\n<p><strong>Nyfikenhet \u00e4r v\u00e4rldens \u00e4ldsta och billigaste energik\u00e4lla. Ist\u00e4llet f\u00f6r Bob Hund: MATVAGN har precis gjort succ\u00e9 p\u00e5 Way Out West 2025 och nu kommer den tillsammans med hela orkestern till Stockholm f\u00f6r ett spretigt experiment p\u00e5 Medborgarplatsen 25:e-29:e augusti.<\/strong><\/p>\n<p> Tillsammans g\u00f6r vi allt m\u00f6jligt, s\u00e4ger Stockholms Stad och erbjuder orkestern Bob Hund, Live Green, och ett g\u00e4ng forskare och innovat\u00f6rer fr\u00e5n PLATE samt kocken Tau Mand\u00e9us m\u00f6jlighet att \u00e5terv\u00e4nda till klassisk Bob Hund mark p\u00e5 S\u00f6dermalm. Snubbla in p\u00e5 ett Bob Hund museum inne i Medborgarhuset, provsmaka experimentella versioner av \u201d klassiska\u201d Bob Hund-matr\u00e4tter ur en Ist\u00e4llet f\u00f6r Bob Hund: MATVAGN ute p\u00e5 torget, lyssna till ett kurerat samtal mellan Bob Hunds s\u00e5ngare Thomas \u00d6berg och Transtr\u00f6mer biblioteket, f\u00f6lj en bl\u00e5sig paradorkester till SLUTSCENEN och mycket annat kring rubrikerna <\/p>\n<p> \u00b7       <strong>Mat<\/strong><\/p>\n<p><strong>\u00b7       Musik<\/strong><\/p>\n<p><strong>\u00b7       M\u00f6ten<\/strong><\/p>\n<p><strong>\u00b7       Medborgarplatsen<\/strong><\/p>\n<p>Bob Hund h\u00e4vdar att ordet \u201d h\u00e5llbar\u201d i princip \u00e4r om\u00f6jligt att applicera p\u00e5 musikbranschen. D\u00e4rf\u00f6r kommer orkestern, som kallar sig sj\u00e4lva f\u00f6r \u201d strykt\u00e5liga \u201d f\u00f6rs\u00f6ka l\u00e4ra sig n\u00e5got nytt \u00e4nda in till sista ackordet p\u00e5 SLUTSCENEN, Zinkensdamms IP Stockholm den 30\/8. M\u00f6t forskare, strateger, kommunala och lokala representanter p\u00e5 plats i ett kollektivt f\u00f6rs\u00f6k att uppt\u00e4cka nuet, lite f\u00f6re alla andra. <\/p>\n<p> P\u00e5 Zinkensdamm 30\/8 kommer \u00e4ven Martin Kann, Bob Hunds art director, att framf\u00f6ra \u201d V\u00e4rldens troligen st\u00f6rsta Power Point presentation genom tiderna\u201d, lite beroende p\u00e5 hur m\u00e5nga av biljettk\u00f6parna som dyker upp i tid\u2026ditt odjur!<\/p>\n<p> Varf\u00f6r f\u00e5r Bob Hund g\u00f6ra allt detta och inte vi, undrar kanske du?<\/p>\n<p>Svaret \u00e4r enkelt:  <\/p>\n<p>&#8211;        \u201dDet \u00e4r ingen annan som har v\u00e5gat fr\u00e5ga\u201d.<\/p>\n<p> Bob Hund s\u00e4ger: \u201d V\u00e4rlden har blivit lite mer som en Bob Hund text, spretig, sv\u00e5rtolkad och l\u00e4tt f\u00f6rvirrad, men vi vill po\u00e4ngtera att det inte \u00e4r v\u00e5rt fel, kompis. \u201d<\/p>\n<p> Hur ska det g\u00e5? <\/p>\n<p><strong>SCHEMA UNDER BOB HUND-VECKAN: <\/strong><strong>Bob Hund, 25-30\/8 \u2013 #Tillsammans g\u00f6r vi allt m\u00f6jligt!<\/strong><\/p>\n<p> <strong>M\u00e5ndag 25 augusti<\/strong><\/p>\n<p>11.00 Invigning Matvagnen (och hela Bob Hundveckan). <\/p>\n<p>11.00-14.00 \u201dLuncha med en forskare, stadens matstrateg och klimatgeneral\u201d.<\/p>\n<p>Matvagnen \u00f6ppen kl 11-19.30<\/p>\n<p>Utst\u00e4llningen \u00f6ppnar 14.00. <\/p>\n<p><strong>Tisdag 26 augusti<\/strong><\/p>\n<p>Matvagnen \u00f6ppen kl 11-19.30<\/p>\n<p>Utst\u00e4llningen \u00f6ppen kl 10-19<\/p>\n<p>15.00-17.00 i Transtr\u00f6merbiblioteket: Poesiworkshop \u2013 Tillsammans g\u00f6r vi allt m\u00f6jligt! <br \/>Med inspiration av Bob Hunds l\u00e5ttexter klipper, klistrar och letar vi efter poesin i det ov\u00e4ntade. I workshopen utg\u00e5r vi fr\u00e5n spr\u00e5kmaterialism, ett s\u00e4tt att demokratisera spr\u00e5ket, tillg\u00e4ngligg\u00f6ra poesin och uppl\u00f6sa litteraturens maktstrukturer. I workshopen fokuserar vi inte p\u00e5 inneh\u00e5llet utan p\u00e5 spr\u00e5k, form och id\u00e9 d\u00e4r poesin kan finnas varsomhelst, i musiken s\u00e5klart, men ocks\u00e5 i reklamutskicken, kvittot fr\u00e5n storhandlingen eller p\u00e5 mj\u00f6lkpaketet. <\/p>\n<p><strong>Onsdag 27 augusti<\/strong><\/p>\n<p>Matvagnen \u00f6ppen kl 11-19.30<\/p>\n<p>Utst\u00e4llningen \u00f6ppen kl 10-19<\/p>\n<p>18.00 Bob Hund-inspirerad konsert med SPRAK ORCHESTRA (inne i biblioteket) <\/p>\n<p>SPRAK ORCHESTRA, Medis 5s innovativa elektro-improvisationsband, bjuder p\u00e5 en konsert som tar avstamp i Bob Hunds l\u00e5tar. Musikerna anv\u00e4nder en blandning av egenbyggda instrument och musikinstrument fr\u00e5n hela v\u00e4rlden. Musiken \u00e4r en st\u00e4ndig uppt\u00e4cktsf\u00e4rd, d\u00e4r varje framtr\u00e4dande erbjuder en ny ljudupplevelse.<\/p>\n<p>Medis 5 \u00e4r en daglig kulturverksamhet p\u00e5 S\u00f6dermalm. H\u00e4r skapar vi visuella, musikaliska och poetiska upplevelser. P\u00e5 Medis 5 arbetar bland annat sk\u00e5despelare, musiker, konstn\u00e4rer och animat\u00f6rer. L\u00e4s mer om Medis 5 h\u00e4r: <a href=\"https:\/\/www.medis5.org\/om-oss\" target=\"_blank\" rel=\"nofollow noopener\">https:\/\/www.medis5.org\/om-oss<\/a><\/p>\n<p><strong>Torsdag 28 augusti<\/strong><\/p>\n<p>Matvagnen \u00f6ppen kl 11-19.30<\/p>\n<p>Utst\u00e4llningen \u00f6ppen kl 10-19<\/p>\n<p><strong> Fredag 29 augusti<\/strong><\/p>\n<p>11.00-14.00 \u201dLuncha med en forskare, stadens matstrateg och klimatgeneral\u201d<\/p>\n<p>Matvagnen \u00f6ppen kl 11-19.30<\/p>\n<p>Utst\u00e4llningen \u00f6ppen kl 10-19<\/p>\n<p>13.00-19.00 Upcykle Festival med S\u00f6derg\u00e5rden <a href=\"https:\/\/upplev.stockholm\/aktuellt\/kalendarium\/2025\/08\/upcycle-festival-med-sodergarden\/\" target=\"_blank\" rel=\"nofollow noopener\">https:\/\/upplev.stockholm\/aktuellt\/kalendarium\/2025\/08\/upcycle-festival-med-sodergarden\/<\/a>   med deltagande av Intercult: E-ART skaparverkstad \u2013 h\u00e5llbar textil och m\u00e5leri! \u2013 Intercult SVOA \u00e4r ocks\u00e5 p\u00e5 plats p\u00e5 Medis med Returrundan Returrundan | Stockholm Vatten och Avfall  <\/p>\n<p>17.00-18.00 \u201dBabbel\u201d (Transtr\u00f6merbibliotekets talk-show) \u2013 samtal med Tomas \u00d6berg <\/p>\n<p>18:00-18.15 Mingelpaus med provsmakning av En falafel och en l\u00f6sning. <\/p>\n<p>18.00-21.00 Bio Rio \u2013 dokument\u00e4rfilm om Bob Hund. Medverkande: Martin Kann och Dan Sandqvist. <\/p>\n<p><a href=\"https:\/\/www.biorio.se\/movies\/bob-hund\" target=\"_blank\" rel=\"nofollow noopener\">https:\/\/www.biorio.se\/movies\/bob-hund<\/a>   <\/p>\n<p>18.15 Panelsamtal kring skapandet av bob hund-matvagnen och dess inneh\u00e5ll.<\/p>\n<p>Moderator: LiveGreen<\/p>\n<p>18.45-19.00 Ceremoniell nedmontering av bob hund-matvagnen.<\/p>\n<p><strong>L\u00f6rdag 30 augusti<\/strong><\/p>\n<p>Utst\u00e4llningen \u00f6ppen kl 12-16<\/p>\n<p>C a 16.00 Paradorkester l\u00e4mnar Medis \u2013 mot Zinken.<\/p>\n<p><strong> 17.00 Oroliga timmen. 18.00 Powerpoint Presentation: Martin Kann f\u00f6ljt av konsert med Bob Hund p\u00e5 Zinkensdamms IP <\/strong><\/p>\n","protected":false},"excerpt":{"rendered":"Pressmeddelande &#8211; 12 Augusti 2025 10:01 Dela L\u00e4nk kopierad! Ladda ner Nyfikenhet \u00e4r v\u00e4rldens \u00e4ldsta och billigaste energik\u00e4lla.&hellip;\n","protected":false},"author":2,"featured_media":2652,"comment_status":"","ping_status":"","sticky":false,"template":"","format":"standard","meta":{"footnotes":""},"categories":[67],"tags":[594,595,104,34,31,33,32,30,105],"class_list":{"0":"post-2651","1":"post","2":"type-post","3":"status-publish","4":"format-standard","5":"has-post-thumbnail","7":"category-underhallning","8":"tag-bobhund","9":"tag-mat","10":"tag-entertainment","11":"tag-se","12":"tag-svenska","13":"tag-sverige","14":"tag-sweden","15":"tag-swedish","16":"tag-underhallning"},"share_on_mastodon":{"url":"","error":""},"_links":{"self":[{"href":"https:\/\/www.europesays.com\/se\/wp-json\/wp\/v2\/posts\/2651","targetHints":{"allow":["GET"]}}],"collection":[{"href":"https:\/\/www.europesays.com\/se\/wp-json\/wp\/v2\/posts"}],"about":[{"href":"https:\/\/www.europesays.com\/se\/wp-json\/wp\/v2\/types\/post"}],"author":[{"embeddable":true,"href":"https:\/\/www.europesays.com\/se\/wp-json\/wp\/v2\/users\/2"}],"replies":[{"embeddable":true,"href":"https:\/\/www.europesays.com\/se\/wp-json\/wp\/v2\/comments?post=2651"}],"version-history":[{"count":0,"href":"https:\/\/www.europesays.com\/se\/wp-json\/wp\/v2\/posts\/2651\/revisions"}],"wp:featuredmedia":[{"embeddable":true,"href":"https:\/\/www.europesays.com\/se\/wp-json\/wp\/v2\/media\/2652"}],"wp:attachment":[{"href":"https:\/\/www.europesays.com\/se\/wp-json\/wp\/v2\/media?parent=2651"}],"wp:term":[{"taxonomy":"category","embeddable":true,"href":"https:\/\/www.europesays.com\/se\/wp-json\/wp\/v2\/categories?post=2651"},{"taxonomy":"post_tag","embeddable":true,"href":"https:\/\/www.europesays.com\/se\/wp-json\/wp\/v2\/tags?post=2651"}],"curies":[{"name":"wp","href":"https:\/\/api.w.org\/{rel}","templated":true}]}}