{"id":26573,"date":"2025-09-10T12:56:10","date_gmt":"2025-09-10T12:56:10","guid":{"rendered":"https:\/\/www.europesays.com\/se\/26573\/"},"modified":"2025-09-10T12:56:10","modified_gmt":"2025-09-10T12:56:10","slug":"nya-premiarministern-lovar-att-bryta-med-det-gamla","status":"publish","type":"post","link":"https:\/\/www.europesays.com\/se\/26573\/","title":{"rendered":"Nya premi\u00e4rministern lovar att \u201dbryta\u201d med det gamla"},"content":{"rendered":"<p>Sebastian Lecornu har svurits in som Frankrikes nya premi\u00e4rminister och lovar i ett f\u00f6rsta anf\u00f6rande att landet ska \u201dbryta\u201d med det gamla, rapporterar France 24.<\/p>\n<p>\u2013 Det finns en klyfta mellan det verkliga livet och den politiska situationen, s\u00e4ger han och till\u00e4gger att regeringen kommer att lyckas med att l\u00f6sa den. <\/p>\n<p>\u2013 Inget \u00e4r om\u00f6jligt.<\/p>\n<p>Sebastian Lecornu \u00e4r Frankrikes femte premi\u00e4rminister p\u00e5 tv\u00e5 \u00e5r. Han svors in samtidigt som omfattande protester kallade \u201dBlockera allt\u201d p\u00e5g\u00e5r i landet i protest mot president Emmanuel Macrons politik.<\/p>\n<p>N\u00e4rmare 300 personer har hittills gripits av polis, skriver Le Monde. <\/p>\n<p>Omni \u00e4r politiskt obundna och oberoende. Vi str\u00e4var efter att ge fler perspektiv p\u00e5 nyheterna. Har du fr\u00e5gor eller synpunkter kring v\u00e5r rapportering? <a href=\"https:\/\/omni.se\/nya-premiarministern-lovar-att-bryta-med-det-gamla\/a\/mailto:redaktion@omni.se\" class=\"ArticleActions_contactLink__W2F1M\" rel=\"nofollow noopener\" target=\"_blank\">Kontakta redaktionen<\/a><\/p>\n","protected":false},"excerpt":{"rendered":"Sebastian Lecornu har svurits in som Frankrikes nya premi\u00e4rminister och lovar i ett f\u00f6rsta anf\u00f6rande att landet ska&hellip;\n","protected":false},"author":2,"featured_media":26574,"comment_status":"","ping_status":"","sticky":false,"template":"","format":"standard","meta":{"footnotes":""},"categories":[5],"tags":[22,23,265,267,26,27,266,2022,17,21,24,25,28,29,15,16,3102,18,34,31,33,32,30,19,20],"class_list":{"0":"post-26573","1":"post","2":"type-post","3":"status-publish","4":"format-standard","5":"has-post-thumbnail","7":"category-rubriker","8":"tag-breaking-news","9":"tag-breakingnews","10":"tag-emmanuel-macron","11":"tag-europa","12":"tag-featured-news","13":"tag-featurednews","14":"tag-frankrike","15":"tag-fransk-politik","16":"tag-headlines","17":"tag-huvudnyheter","18":"tag-latest-news","19":"tag-latestnews","20":"tag-main-news","21":"tag-mainnews","22":"tag-news","23":"tag-nyheter","24":"tag-paris","25":"tag-rubriker","26":"tag-se","27":"tag-svenska","28":"tag-sverige","29":"tag-sweden","30":"tag-swedish","31":"tag-top-stories","32":"tag-topstories"},"share_on_mastodon":{"url":"","error":""},"_links":{"self":[{"href":"https:\/\/www.europesays.com\/se\/wp-json\/wp\/v2\/posts\/26573","targetHints":{"allow":["GET"]}}],"collection":[{"href":"https:\/\/www.europesays.com\/se\/wp-json\/wp\/v2\/posts"}],"about":[{"href":"https:\/\/www.europesays.com\/se\/wp-json\/wp\/v2\/types\/post"}],"author":[{"embeddable":true,"href":"https:\/\/www.europesays.com\/se\/wp-json\/wp\/v2\/users\/2"}],"replies":[{"embeddable":true,"href":"https:\/\/www.europesays.com\/se\/wp-json\/wp\/v2\/comments?post=26573"}],"version-history":[{"count":0,"href":"https:\/\/www.europesays.com\/se\/wp-json\/wp\/v2\/posts\/26573\/revisions"}],"wp:featuredmedia":[{"embeddable":true,"href":"https:\/\/www.europesays.com\/se\/wp-json\/wp\/v2\/media\/26574"}],"wp:attachment":[{"href":"https:\/\/www.europesays.com\/se\/wp-json\/wp\/v2\/media?parent=26573"}],"wp:term":[{"taxonomy":"category","embeddable":true,"href":"https:\/\/www.europesays.com\/se\/wp-json\/wp\/v2\/categories?post=26573"},{"taxonomy":"post_tag","embeddable":true,"href":"https:\/\/www.europesays.com\/se\/wp-json\/wp\/v2\/tags?post=26573"}],"curies":[{"name":"wp","href":"https:\/\/api.w.org\/{rel}","templated":true}]}}