{"id":26647,"date":"2025-09-10T14:51:07","date_gmt":"2025-09-10T14:51:07","guid":{"rendered":"https:\/\/www.europesays.com\/se\/26647\/"},"modified":"2025-09-10T14:51:07","modified_gmt":"2025-09-10T14:51:07","slug":"christian-eriksen-valdigt-nara-vfl-wolfsburg","status":"publish","type":"post","link":"https:\/\/www.europesays.com\/se\/26647\/","title":{"rendered":"Christian Eriksen v\u00e4ldigt n\u00e4ra Vfl Wolfsburg"},"content":{"rendered":"<p><strong>Christian Eriksen har tr\u00e4nat med <a href=\"https:\/\/fotbolldirekt.se\/klubb\/malmo-ff\/\" rel=\"nofollow noopener\" target=\"_blank\">Malm\u00f6 FF<\/a> de senaste dagarna.<br \/>N\u00e5gon flytt till Sk\u00e5neklubben ser det dock inte ut att bli.<br \/>Dansken uppges ist\u00e4llet vara n\u00e4ra en flytt till <a href=\"https:\/\/fotbolldirekt.se\/klubb\/vfl-wolfsburg\/page\/2\/\" rel=\"nofollow noopener\" target=\"_blank\">Vfl Wolfsburg<\/a>. <\/strong><\/p>\n<p><img loading=\"lazy\" decoding=\"async\" width=\"1024\" height=\"576\" src=\"https:\/\/www.europesays.com\/se\/wp-content\/uploads\/2025\/09\/Chrippa-1024x576.jpg\" alt=\"\" class=\"wp-image-315725\"  \/>Foto: Bildbyr\u00e5n <\/p>\n<p><strong>Christian Eriksen <\/strong>\u00e4r klubbl\u00f6s sedan hans kontrakt med Manchester United l\u00f6pte ut i somras och den senaste <a href=\"https:\/\/fotbolldirekt.se\/allsvenskan\/uppgifter-christian-eriksen-tranar-med-malmo-ff\/\" rel=\"nofollow noopener\" target=\"_blank\">tiden har den danske mittf\u00e4ltaren tr\u00e4nat med Malm\u00f6 FF.<\/a><br \/>N\u00e5gon flytt till Sk\u00e5neklubben ser det dock inte ut att bli, Eriksen ser ist\u00e4llet ut att flytta till Tyskland.<\/p>\n<p><a href=\"https:\/\/fotbolldirekt.se\/silly-season\/eriksen-kan-aterforenas-med-tranaren-en-fantastisk-spelare\/\" rel=\"nofollow noopener\" target=\"_blank\">Han har tidigare gjorts aktuell f\u00f6r Bayer Leverkusen<\/a>, men Tipsbladet uppger nu att <strong>han \u00e4r mycket n\u00e4ra en flytt till Vfl Wolfsburg.<\/strong><br \/>Endast detaljer ska innan \u00f6verg\u00e5ngen blir klar, de ska redan vara \u00f6verens om ett kontrakt enligt uppgifterna. <\/p>\n<p>Det som v\u00e4ntar h\u00e4rn\u00e4st \u00e4r l\u00e4karunders\u00f6kning och kontraktsskrivning enligt sajten.<\/p>\n","protected":false},"excerpt":{"rendered":"Christian Eriksen har tr\u00e4nat med Malm\u00f6 FF de senaste dagarna.N\u00e5gon flytt till Sk\u00e5neklubben ser det dock inte ut&hellip;\n","protected":false},"author":2,"featured_media":26648,"comment_status":"","ping_status":"","sticky":false,"template":"","format":"standard","meta":{"footnotes":""},"categories":[68],"tags":[774,34,111,110,31,33,32,30],"class_list":{"0":"post-26647","1":"post","2":"type-post","3":"status-publish","4":"format-standard","5":"has-post-thumbnail","7":"category-sport","8":"tag-mini-top-block-1","9":"tag-se","10":"tag-sport","11":"tag-sports","12":"tag-svenska","13":"tag-sverige","14":"tag-sweden","15":"tag-swedish"},"share_on_mastodon":{"url":"","error":""},"_links":{"self":[{"href":"https:\/\/www.europesays.com\/se\/wp-json\/wp\/v2\/posts\/26647","targetHints":{"allow":["GET"]}}],"collection":[{"href":"https:\/\/www.europesays.com\/se\/wp-json\/wp\/v2\/posts"}],"about":[{"href":"https:\/\/www.europesays.com\/se\/wp-json\/wp\/v2\/types\/post"}],"author":[{"embeddable":true,"href":"https:\/\/www.europesays.com\/se\/wp-json\/wp\/v2\/users\/2"}],"replies":[{"embeddable":true,"href":"https:\/\/www.europesays.com\/se\/wp-json\/wp\/v2\/comments?post=26647"}],"version-history":[{"count":0,"href":"https:\/\/www.europesays.com\/se\/wp-json\/wp\/v2\/posts\/26647\/revisions"}],"wp:featuredmedia":[{"embeddable":true,"href":"https:\/\/www.europesays.com\/se\/wp-json\/wp\/v2\/media\/26648"}],"wp:attachment":[{"href":"https:\/\/www.europesays.com\/se\/wp-json\/wp\/v2\/media?parent=26647"}],"wp:term":[{"taxonomy":"category","embeddable":true,"href":"https:\/\/www.europesays.com\/se\/wp-json\/wp\/v2\/categories?post=26647"},{"taxonomy":"post_tag","embeddable":true,"href":"https:\/\/www.europesays.com\/se\/wp-json\/wp\/v2\/tags?post=26647"}],"curies":[{"name":"wp","href":"https:\/\/api.w.org\/{rel}","templated":true}]}}