{"id":26654,"date":"2025-09-10T14:59:06","date_gmt":"2025-09-10T14:59:06","guid":{"rendered":"https:\/\/www.europesays.com\/se\/26654\/"},"modified":"2025-09-10T14:59:06","modified_gmt":"2025-09-10T14:59:06","slug":"beskedet-backen-lamnar-lhc-hockeysverige-se","status":"publish","type":"post","link":"https:\/\/www.europesays.com\/se\/26654\/","title":{"rendered":"Beskedet: Backen l\u00e4mnar LHC &#8211; hockeysverige.se"},"content":{"rendered":"<p><strong>Mattias B\u00e4ckman skrev korttidsavtal med Link\u00f6ping. Nu st\u00e5r det klart att det inte blir en forts\u00e4ttning f\u00f6r backen.<br \/>\u2013 Han har gjort det bra under de h\u00e4r m\u00e5naderna och det har varit roligt att se honom i v\u00e5ra f\u00e4rger igen, s\u00e4ger Peter Jakobsson.<\/strong><\/p>\n<p><img loading=\"lazy\" decoding=\"async\" width=\"1024\" height=\"658\" src=\"https:\/\/www.europesays.com\/se\/wp-content\/uploads\/2025\/09\/Mattias-Backman-1024x658.webp.webp\" alt=\"\" class=\"wp-image-302611\"  \/>Mattias B\u00e4ckman. <strong>Foto:<\/strong> Bildbyr\u00e5n.<\/p>\n<p>Med skador p\u00e5\u00a0<a href=\"https:\/\/hockeysverige.se\/spelare\/oscar-fantenberg\/\" rel=\"nofollow noopener\" target=\"_blank\">Oscar Fantenberg<\/a>,\u00a0<a href=\"https:\/\/hockeysverige.se\/spelare\/theodor-lennstrom\/\" rel=\"nofollow noopener\" target=\"_blank\">Theodor Lennstr\u00f6m<\/a>\u00a0och Rasmus Rissanen t\u00e4ckte Mattias B\u00e4ckman upp p\u00e5\u00a0<a href=\"https:\/\/hockeysverige.se\/klubb\/linkoping-hc\/\" rel=\"nofollow noopener\" target=\"_blank\">Link\u00f6pings<\/a>\u00a0backsida under f\u00f6rs\u00e4songen. Med Lennstr\u00f6m och Rissanen tillbaka i spel st\u00e5r det nu klart att B\u00e4ckman inte f\u00e5r n\u00e5got permanent avtal med LHC.<\/p>\n<p>Korttidskontraktet l\u00f6per ut \u2013 och det blir ingen forts\u00e4ttning f\u00f6r den tidigare stj\u00e4rnbacken.<\/p>\n<p>\u2013 Vi \u00e4r j\u00e4tteglada och tacksamma \u00f6ver att B\u00e4ckman har varit med och st\u00f6ttat upp laget under f\u00f6rs\u00e4songen. Han har gjort det bra under de h\u00e4r m\u00e5naderna och det har varit roligt att se honom i v\u00e5ra f\u00e4rger igen. Vi \u00f6nskar honom ett stort lycka till fram\u00f6ver, s\u00e4ger sportchef, sportchef Peter Jakobsson till klubbens <a href=\"https:\/\/www.lhc.eu\/article\/cayat2d-30c01\/view\" rel=\"nofollow noopener\" target=\"_blank\">hemsida<\/a>.<\/p>\n<p>Mattias B\u00e4ckman har sju <a href=\"https:\/\/hockeysverige.se\/shl\/\" rel=\"nofollow noopener\" target=\"_blank\">SHL<\/a>-s\u00e4songer med Link\u00f6ping p\u00e5 meritlistan, men drogs med stora skadebekymmer under sina sista \u00e5r i klubben och spelade bara 39 matcher p\u00e5 fyra s\u00e4songer mellan 2018 och 2022. Den g\u00e5ngna s\u00e4songen spelade B\u00e4ckman i norska Frisk Asker, d\u00e4r han stod f\u00f6r 14 po\u00e4ng (1+13) p\u00e5 23 matcher.<\/p>\n<p> Source: <a href=\"https:\/\/www.eliteprospects.com\/player\/12949\/mattias-b%C3%A4ckman\" target=\"_blank\" rel=\"noopener noreferrer nofollow\">Mattias B\u00e4ckman<\/a> @ Elite Prospects<\/p>\n","protected":false},"excerpt":{"rendered":"Mattias B\u00e4ckman skrev korttidsavtal med Link\u00f6ping. Nu st\u00e5r det klart att det inte blir en forts\u00e4ttning f\u00f6r backen.\u2013&hellip;\n","protected":false},"author":2,"featured_media":26655,"comment_status":"","ping_status":"","sticky":false,"template":"","format":"standard","meta":{"footnotes":""},"categories":[68],"tags":[34,133,111,110,31,33,32,30],"class_list":{"0":"post-26654","1":"post","2":"type-post","3":"status-publish","4":"format-standard","5":"has-post-thumbnail","7":"category-sport","8":"tag-se","9":"tag-second-news","10":"tag-sport","11":"tag-sports","12":"tag-svenska","13":"tag-sverige","14":"tag-sweden","15":"tag-swedish"},"share_on_mastodon":{"url":"","error":""},"_links":{"self":[{"href":"https:\/\/www.europesays.com\/se\/wp-json\/wp\/v2\/posts\/26654","targetHints":{"allow":["GET"]}}],"collection":[{"href":"https:\/\/www.europesays.com\/se\/wp-json\/wp\/v2\/posts"}],"about":[{"href":"https:\/\/www.europesays.com\/se\/wp-json\/wp\/v2\/types\/post"}],"author":[{"embeddable":true,"href":"https:\/\/www.europesays.com\/se\/wp-json\/wp\/v2\/users\/2"}],"replies":[{"embeddable":true,"href":"https:\/\/www.europesays.com\/se\/wp-json\/wp\/v2\/comments?post=26654"}],"version-history":[{"count":0,"href":"https:\/\/www.europesays.com\/se\/wp-json\/wp\/v2\/posts\/26654\/revisions"}],"wp:featuredmedia":[{"embeddable":true,"href":"https:\/\/www.europesays.com\/se\/wp-json\/wp\/v2\/media\/26655"}],"wp:attachment":[{"href":"https:\/\/www.europesays.com\/se\/wp-json\/wp\/v2\/media?parent=26654"}],"wp:term":[{"taxonomy":"category","embeddable":true,"href":"https:\/\/www.europesays.com\/se\/wp-json\/wp\/v2\/categories?post=26654"},{"taxonomy":"post_tag","embeddable":true,"href":"https:\/\/www.europesays.com\/se\/wp-json\/wp\/v2\/tags?post=26654"}],"curies":[{"name":"wp","href":"https:\/\/api.w.org\/{rel}","templated":true}]}}