{"id":26681,"date":"2025-09-10T15:32:10","date_gmt":"2025-09-10T15:32:10","guid":{"rendered":"https:\/\/www.europesays.com\/se\/26681\/"},"modified":"2025-09-10T15:32:10","modified_gmt":"2025-09-10T15:32:10","slug":"lanar-backloftet-valdigt-tacksamma-hockeysverige-se","status":"publish","type":"post","link":"https:\/\/www.europesays.com\/se\/26681\/","title":{"rendered":"L\u00e5nar backl\u00f6ftet: &#8221;V\u00e4ldigt tacksamma&#8221; &#8211; hockeysverige.se"},"content":{"rendered":"<p><strong>Kalmar har f\u00e5tt flera tuffa backbesked p\u00e5 senare tid. Nu breddar de backsidan med <a href=\"https:\/\/hockeysverige.se\/klubb\/malmo-redhawks\/\" rel=\"nofollow noopener\" target=\"_blank\">Malm\u00f6s<\/a> junior Felix Carell.<br \/>\u2013 Utl\u00e5ningen till Kalmar ger honom r\u00e4tt f\u00f6ruts\u00e4ttningar f\u00f6r att forts\u00e4tta v\u00e4xa och utvecklas, s\u00e4ger Malm\u00f6s sportchef Oscar Alsenfelt.<\/strong><\/p>\n<p><img loading=\"lazy\" decoding=\"async\" width=\"1024\" height=\"658\" src=\"https:\/\/www.europesays.com\/se\/wp-content\/uploads\/2025\/09\/Felix-Carell-1024x658.webp.webp\" alt=\"\" class=\"wp-image-302577\"  \/>Felix Carell l\u00e5nas ut fr\u00e5n Malm\u00f6 till Kalmar. <br \/><strong>Foto:<\/strong> Bildbyr\u00e5n.<\/p>\n<p><a href=\"https:\/\/hockeysverige.se\/klubb\/kalmar-hc\/\" rel=\"nofollow noopener\" target=\"_blank\">Kalmar HC <\/a>saknade redan ledande backarna Henrik Nilsson och Carl-Johan Lerby p\u00e5 grund av skada. Och ig\u00e5r kom beskedet att Clay Hanus bryter kontraktet med bara tio dagar kvar till premi\u00e4ren.<\/p>\n<p>Men nu har Kalmar f\u00e5tt in en back inf\u00f6r n\u00e4sta veckas premi\u00e4r. Den allsvenska klubben l\u00e5nar Malm\u00f6s juniorback Felix Carell.<\/p>\n<p>\u2013 Vi \u00e4r v\u00e4ldigt tacksamma att Malm\u00f6 Redhawks med s\u00e5 kort varsel kan hj\u00e4lpa oss d\u00e5 vi har dessa luckor p\u00e5 backsidan, s\u00e4ger Kalmars sportchef Daniel Stolt.<\/p>\n<p>Felix Carell l\u00e5nas ut till Malm\u00f6<\/p>\n<p>Carell gjorde f\u00f6rra s\u00e4songen 25 po\u00e4ng p\u00e5 43 matcher i J20-serien och spelade \u00e4ven en match f\u00f6r IK Pantern i HockeyEttan. Det \u00e4r den enda seniormatchen som 19-\u00e5ringen gjort i t\u00e4vlingssammanhang.<\/p>\n<p>\u2013 Felix \u00e4r en v\u00e4ldigt lovande spelare och f\u00f6r honom \u00e4r det avg\u00f6rande att f\u00e5 mycket speltid i den h\u00e4r fasen av karri\u00e4ren. Utl\u00e5ningen till Kalmar ger honom r\u00e4tt f\u00f6ruts\u00e4ttningar f\u00f6r att forts\u00e4tta v\u00e4xa och utvecklas. Vi \u00f6nskar Felix ett stort lycka till, s\u00e4ger Malm\u00f6 Redhawks sportchef Oscar Alsenfelt.<\/p>\n<p>Avtalet g\u00e4ller \u00f6ver oktober m\u00e5nad.<\/p>\n","protected":false},"excerpt":{"rendered":"Kalmar har f\u00e5tt flera tuffa backbesked p\u00e5 senare tid. Nu breddar de backsidan med Malm\u00f6s junior Felix Carell.\u2013&hellip;\n","protected":false},"author":2,"featured_media":26682,"comment_status":"","ping_status":"","sticky":false,"template":"","format":"standard","meta":{"footnotes":""},"categories":[68],"tags":[34,133,111,110,31,33,32,30],"class_list":{"0":"post-26681","1":"post","2":"type-post","3":"status-publish","4":"format-standard","5":"has-post-thumbnail","7":"category-sport","8":"tag-se","9":"tag-second-news","10":"tag-sport","11":"tag-sports","12":"tag-svenska","13":"tag-sverige","14":"tag-sweden","15":"tag-swedish"},"share_on_mastodon":{"url":"","error":""},"_links":{"self":[{"href":"https:\/\/www.europesays.com\/se\/wp-json\/wp\/v2\/posts\/26681","targetHints":{"allow":["GET"]}}],"collection":[{"href":"https:\/\/www.europesays.com\/se\/wp-json\/wp\/v2\/posts"}],"about":[{"href":"https:\/\/www.europesays.com\/se\/wp-json\/wp\/v2\/types\/post"}],"author":[{"embeddable":true,"href":"https:\/\/www.europesays.com\/se\/wp-json\/wp\/v2\/users\/2"}],"replies":[{"embeddable":true,"href":"https:\/\/www.europesays.com\/se\/wp-json\/wp\/v2\/comments?post=26681"}],"version-history":[{"count":0,"href":"https:\/\/www.europesays.com\/se\/wp-json\/wp\/v2\/posts\/26681\/revisions"}],"wp:featuredmedia":[{"embeddable":true,"href":"https:\/\/www.europesays.com\/se\/wp-json\/wp\/v2\/media\/26682"}],"wp:attachment":[{"href":"https:\/\/www.europesays.com\/se\/wp-json\/wp\/v2\/media?parent=26681"}],"wp:term":[{"taxonomy":"category","embeddable":true,"href":"https:\/\/www.europesays.com\/se\/wp-json\/wp\/v2\/categories?post=26681"},{"taxonomy":"post_tag","embeddable":true,"href":"https:\/\/www.europesays.com\/se\/wp-json\/wp\/v2\/tags?post=26681"}],"curies":[{"name":"wp","href":"https:\/\/api.w.org\/{rel}","templated":true}]}}